{"id":65160,"date":"2025-11-01T10:14:44","date_gmt":"2025-11-01T07:14:44","guid":{"rendered":"https:\/\/www.egemtv.com\/?p=65160"},"modified":"2025-11-01T10:14:44","modified_gmt":"2025-11-01T07:14:44","slug":"sandiklida-kayit-disi-calismayla-mucadele-anlatildi","status":"publish","type":"post","link":"https:\/\/www.egemtv.com\/?p=65160","title":{"rendered":"Sand\u0131kl\u0131\u2019da kay\u0131t d\u0131\u015f\u0131 \u00e7al\u0131\u015fmayla m\u00fccadele anlat\u0131ld\u0131"},"content":{"rendered":"<p>Sosyal G\u00fcvenlik Kurumu (SGK), Afyonkarahisar \u0130l M\u00fcd\u00fcrl\u00fc\u011f\u00fc taraf\u0131ndan kay\u0131t d\u0131\u015f\u0131 m\u00fccadele \u00e7er\u00e7evesinde ba\u015flat\u0131lan i\u015fletme ziyaretleri devam ediyor.<br \/>\n<br \/>SGK, sahada rehberlik, bilgilendirme ve denetim faaliyetlerini s\u00fcrd\u00fcrerek vatanda\u015flara daha etkin ve kaliteli hizmet sunmay\u0131 hedefliyor. Bu \u00e7er\u00e7evede SGK Afyonkarahisar \u0130l M\u00fcd\u00fcrl\u00fc\u011f\u00fc ekipleri, Sand\u0131kl\u0131 il\u00e7esinde bir dizi ziyaret ger\u00e7ekle\u015ftirdi.<br \/>\n<br \/>\u0130l M\u00fcd\u00fcr\u00fc S\u00fcleyman \u00c7elikba\u015f ve \u0130l M\u00fcd\u00fcr Yard\u0131mc\u0131s\u0131 \u00d6zcan Bilgici \u00f6nc\u00fcl\u00fc\u011f\u00fcnde yap\u0131lan programda il\u00e7edeki bir i\u015fletme ziyaret edildi. Ger\u00e7ekle\u015ftirilen ziyarette \u00e7al\u0131\u015fanlarla g\u00f6r\u00fc\u015f\u00fclerek kay\u0131t d\u0131\u015f\u0131 istihdamla m\u00fccadele, tar\u0131m i\u015f\u00e7ilerinin sigortal\u0131l\u0131\u011f\u0131 ve rehberlik faaliyetleri konular\u0131nda bilgilendirme yap\u0131ld\u0131.<br \/>\n<br \/>SGK ekipleri, \u00e7al\u0131\u015fma hayat\u0131nda fark\u0131ndal\u0131\u011f\u0131 art\u0131rmak ve sigortal\u0131 istihdam\u0131 te\u015fvik etmek amac\u0131yla sahadaki \u00e7al\u0131\u015fmalar\u0131n kararl\u0131l\u0131kla s\u00fcrd\u00fc\u011f\u00fcn\u00fc vurgulad\u0131.<br \/><\/p>\n","protected":false},"excerpt":{"rendered":"<p>Sosyal G\u00fcvenlik Kurumu (SGK), Afyonkarahisar \u0130l M\u00fcd\u00fcrl\u00fc\u011f\u00fc taraf\u0131ndan kay\u0131t d\u0131\u015f\u0131 m\u00fccadele \u00e7er\u00e7evesinde ba\u015flat\u0131lan i\u015fletme ziyaretleri devam ediyor. SGK, sahada rehberlik, bilgilendirme ve denetim faaliyetlerini s\u00fcrd\u00fcrerek vatanda\u015flara daha etkin ve kaliteli hizmet sunmay\u0131 hedefliyor. Bu \u00e7er\u00e7evede SGK Afyonkarahisar \u0130l M\u00fcd\u00fcrl\u00fc\u011f\u00fc ekipleri, Sand\u0131kl\u0131 il\u00e7esinde bir dizi ziyaret ger\u00e7ekle\u015ftirdi. \u0130l M\u00fcd\u00fcr\u00fc S\u00fcleyman \u00c7elikba\u015f ve \u0130l M\u00fcd\u00fcr Yard\u0131mc\u0131s\u0131 \u00d6zcan&#8230;<\/p>\n","protected":false},"author":1,"featured_media":65161,"comment_status":"open","ping_status":"open","sticky":false,"template":"","format":"standard","meta":{"_crdt_document":"","footnotes":""},"categories":[125],"tags":[],"class_list":["post-65160","post","type-post","status-publish","format-standard","has-post-thumbnail","hentry","category-ekonomi"],"_links":{"self":[{"href":"https:\/\/www.egemtv.com\/index.php?rest_route=\/wp\/v2\/posts\/65160","targetHints":{"allow":["GET"]}}],"collection":[{"href":"https:\/\/www.egemtv.com\/index.php?rest_route=\/wp\/v2\/posts"}],"about":[{"href":"https:\/\/www.egemtv.com\/index.php?rest_route=\/wp\/v2\/types\/post"}],"author":[{"embeddable":true,"href":"https:\/\/www.egemtv.com\/index.php?rest_route=\/wp\/v2\/users\/1"}],"replies":[{"embeddable":true,"href":"https:\/\/www.egemtv.com\/index.php?rest_route=%2Fwp%2Fv2%2Fcomments&post=65160"}],"version-history":[{"count":1,"href":"https:\/\/www.egemtv.com\/index.php?rest_route=\/wp\/v2\/posts\/65160\/revisions"}],"predecessor-version":[{"id":65162,"href":"https:\/\/www.egemtv.com\/index.php?rest_route=\/wp\/v2\/posts\/65160\/revisions\/65162"}],"wp:featuredmedia":[{"embeddable":true,"href":"https:\/\/www.egemtv.com\/index.php?rest_route=\/wp\/v2\/media\/65161"}],"wp:attachment":[{"href":"https:\/\/www.egemtv.com\/index.php?rest_route=%2Fwp%2Fv2%2Fmedia&parent=65160"}],"wp:term":[{"taxonomy":"category","embeddable":true,"href":"https:\/\/www.egemtv.com\/index.php?rest_route=%2Fwp%2Fv2%2Fcategories&post=65160"},{"taxonomy":"post_tag","embeddable":true,"href":"https:\/\/www.egemtv.com\/index.php?rest_route=%2Fwp%2Fv2%2Ftags&post=65160"}],"curies":[{"name":"wp","href":"https:\/\/api.w.org\/{rel}","templated":true}]}}