{"id":65157,"date":"2025-11-01T10:14:42","date_gmt":"2025-11-01T07:14:42","guid":{"rendered":"https:\/\/www.egemtv.com\/?p=65157"},"modified":"2025-11-01T10:14:43","modified_gmt":"2025-11-01T07:14:43","slug":"muglaspor-evine-donuyor","status":"publish","type":"post","link":"https:\/\/www.egemtv.com\/?p=65157","title":{"rendered":"Mu\u011flaspor evine d\u00f6n\u00fcyor"},"content":{"rendered":"<p>Nesine 2. Lig Beyaz Grup ekiplerinden Mu\u011flaspor, yar\u0131n (2 Kas\u0131m 2025 Pazar) aylar sonra kendi sahas\u0131 Mu\u011fla Atat\u00fcrk Stadyumu\u2019nda Elaz\u0131\u011fspor\u2019u a\u011f\u0131rlayacak. Stadyum tadilat\u0131 nedeniyle deplasman olarak ge\u00e7en zorlu s\u00fcrecin ard\u0131ndan ye\u015fil-beyazl\u0131lar, taraftar\u0131yla bulu\u015fmaya haz\u0131rlan\u0131yor.<\/p>\n<p>Nesine 2. Lig Beyaz Grup\u2019ta m\u00fccadele eden Mu\u011flaspor, uzun s\u00fcredir devam eden stadyum tadilat\u0131 nedeniyle zorunlu bir deplasman serisi ya\u015fam\u0131\u015ft\u0131. Stadyumun tek trib\u00fcn\u00fcn\u00fcn tamamlanmas\u0131yla birlikte ye\u015fil-beyazl\u0131lar, tam d\u00f6rt ma\u00e7 aradan sonra kendi evine d\u00f6nmenin heyecan\u0131n\u0131 ya\u015f\u0131yor. Tadilat\u0131n sona ermesiyle birlikte Mu\u011flasporlu futbolcular, uzun bir aran\u0131n ard\u0131ndan ilk antrenmanlar\u0131n\u0131 da Mu\u011fla Atat\u00fcrk Stadyumu\u2019nun zemininde ger\u00e7ekle\u015ftirdi. Kendi evinde oynaman\u0131n motivasyonuyla haz\u0131rl\u0131klar\u0131n\u0131 tamamlayan ekipte moraller y\u00fcksek. Mu\u011flaspor, stadyum hasretine son verece\u011fi bu \u00f6nemli kar\u015f\u0131la\u015fmada, taraftar\u0131n\u0131n da deste\u011fiyle galibiyet serisine ba\u015flamay\u0131 hedefliyor. Futbolseverler, saat 15.00\u2019da ba\u015flayacak olan kritik m\u00fccadeleye yo\u011fun ilgi g\u00f6stermesi bekleniyor.<br \/><\/p>\n","protected":false},"excerpt":{"rendered":"<p>Nesine 2. Lig Beyaz Grup ekiplerinden Mu\u011flaspor, yar\u0131n (2 Kas\u0131m 2025 Pazar) aylar sonra kendi sahas\u0131 Mu\u011fla Atat\u00fcrk Stadyumu\u2019nda Elaz\u0131\u011fspor\u2019u a\u011f\u0131rlayacak. Stadyum tadilat\u0131 nedeniyle deplasman olarak ge\u00e7en zorlu s\u00fcrecin ard\u0131ndan ye\u015fil-beyazl\u0131lar, taraftar\u0131yla bulu\u015fmaya haz\u0131rlan\u0131yor. Nesine 2. Lig Beyaz Grup\u2019ta m\u00fccadele eden Mu\u011flaspor, uzun s\u00fcredir devam eden stadyum tadilat\u0131 nedeniyle zorunlu bir deplasman serisi ya\u015fam\u0131\u015ft\u0131. Stadyumun&#8230;<\/p>\n","protected":false},"author":1,"featured_media":65158,"comment_status":"open","ping_status":"open","sticky":false,"template":"","format":"standard","meta":{"_crdt_document":"","footnotes":""},"categories":[4],"tags":[],"class_list":["post-65157","post","type-post","status-publish","format-standard","has-post-thumbnail","hentry","category-spor"],"_links":{"self":[{"href":"https:\/\/www.egemtv.com\/index.php?rest_route=\/wp\/v2\/posts\/65157","targetHints":{"allow":["GET"]}}],"collection":[{"href":"https:\/\/www.egemtv.com\/index.php?rest_route=\/wp\/v2\/posts"}],"about":[{"href":"https:\/\/www.egemtv.com\/index.php?rest_route=\/wp\/v2\/types\/post"}],"author":[{"embeddable":true,"href":"https:\/\/www.egemtv.com\/index.php?rest_route=\/wp\/v2\/users\/1"}],"replies":[{"embeddable":true,"href":"https:\/\/www.egemtv.com\/index.php?rest_route=%2Fwp%2Fv2%2Fcomments&post=65157"}],"version-history":[{"count":1,"href":"https:\/\/www.egemtv.com\/index.php?rest_route=\/wp\/v2\/posts\/65157\/revisions"}],"predecessor-version":[{"id":65159,"href":"https:\/\/www.egemtv.com\/index.php?rest_route=\/wp\/v2\/posts\/65157\/revisions\/65159"}],"wp:featuredmedia":[{"embeddable":true,"href":"https:\/\/www.egemtv.com\/index.php?rest_route=\/wp\/v2\/media\/65158"}],"wp:attachment":[{"href":"https:\/\/www.egemtv.com\/index.php?rest_route=%2Fwp%2Fv2%2Fmedia&parent=65157"}],"wp:term":[{"taxonomy":"category","embeddable":true,"href":"https:\/\/www.egemtv.com\/index.php?rest_route=%2Fwp%2Fv2%2Fcategories&post=65157"},{"taxonomy":"post_tag","embeddable":true,"href":"https:\/\/www.egemtv.com\/index.php?rest_route=%2Fwp%2Fv2%2Ftags&post=65157"}],"curies":[{"name":"wp","href":"https:\/\/api.w.org\/{rel}","templated":true}]}}