{"id":65154,"date":"2025-11-01T09:54:36","date_gmt":"2025-11-01T06:54:36","guid":{"rendered":"https:\/\/www.egemtv.com\/?p=65154"},"modified":"2025-11-01T09:54:37","modified_gmt":"2025-11-01T06:54:37","slug":"ekodosd-ozgun-klima-ozelligi-ile-bilinen-kocak-kanyonuna-dikkat-cekti","status":"publish","type":"post","link":"https:\/\/www.egemtv.com\/?p=65154","title":{"rendered":"EKODOSD \u00f6zg\u00fcn klima \u00f6zelli\u011fi ile bilinen Ko\u00e7ak Kanyonu\u2019na dikkat \u00e7ekti"},"content":{"rendered":"<p>Ayd\u0131n\u2019\u0131n K\u00f6\u015fk il\u00e7esi s\u0131n\u0131rlar\u0131nda yer alan ve \u00f6zg\u00fcn klima \u00f6zelli\u011fi ile dikkat \u00e7eken Ko\u00e7ak Kanyonu\u2019nda 17 y\u0131ld\u0131r s\u00fcregelen \u00e7\u00f6p sorununa vurgu yapan EKODOSD Ba\u015fkan\u0131 Bahattin S\u00fcr\u00fcc\u00fc, kurumlara i\u015fbirli\u011fi \u00e7a\u011fr\u0131s\u0131 yaparak at\u0131k d\u00f6k\u00fclmesinin \u00f6nlenmesini istedi.<br \/>\n<br \/>K\u00f6\u015fk il\u00e7esi s\u0131n\u0131rlar\u0131nda yer alan ve do\u011fal g\u00fczelli\u011fi ile misafirlerine g\u00f6rsel \u015f\u00f6len sunan Ko\u00e7ak Kanyonu, y\u0131llard\u0131r s\u00fcregelen \u00e7evre kirlili\u011fi tehdidiyle kar\u015f\u0131 kar\u015f\u0131ya kalmaya devam ediyor. Do\u011fal peyzaj\u0131, zengin bitki \u00f6rt\u00fcs\u00fc ve ortas\u0131ndan ge\u00e7en Ko\u00e7ak \u00c7ay\u0131 ile Ayd\u0131n\u2019\u0131n en \u00f6nemli ekosistemlerinden biri olan kanyon, y\u0131llard\u0131r geli\u015fig\u00fczel d\u00f6k\u00fclen at\u0131klarla kirleniyor. Trakt\u00f6rlerle getirilen kullan\u0131lm\u0131\u015f e\u015fyalar, plastikler, in\u015faat at\u0131klar\u0131 ve ila\u00e7 kutular\u0131, yol kenar\u0131ndan a\u015fa\u011f\u0131ya d\u00f6k\u00fclerek \u00e7ay\u0131n yata\u011f\u0131na kadar ula\u015f\u0131yor. Ekosistemi Koruma ve Do\u011fa Sevenler Derne\u011fi (EKODOSD), Ko\u00e7ak Kanyonu \u00fczerinden b\u0131rak\u0131lan \u00e7\u00f6plere tepki g\u00f6stererek b\u00f6lgenin adeta vah\u015fi depolama alan\u0131na d\u00f6nd\u00fc\u011f\u00fcne dikkat \u00e7ekti. EKODOSD Ba\u015fkan\u0131 Bahattin S\u00fcr\u00fcc\u00fc, b\u00f6lgedeki kirlili\u011fin B\u00fcy\u00fck Menderes Nehri\u2019ne ve oradan da Ege Denizi\u2019ne kadar ula\u015ft\u0131\u011f\u0131n\u0131 belirterek yetkililere \u00e7a\u011fr\u0131da bulundu.<br \/>\n<br \/>Ya\u011fmurlarla birlikte Ko\u00e7ak \u00c7ay\u0131\u2019na kar\u0131\u015fan \u00e7\u00f6plerin B\u00fcy\u00fck Menderes Nehri \u00fczerinden S\u00f6ke\u2019deki tarihi Ta\u015fk\u00f6pr\u00fc\u2019ye, oradan da Bafa G\u00f6l\u00fc ve Ege Denizi\u2019ne kadar ta\u015f\u0131nd\u0131\u011f\u0131 vurgulayan Ba\u015fkan S\u00fcr\u00fcc\u00fc; &#8220;B\u00fcy\u00fck Menderes\u2019e kat\u0131 at\u0131klar\u0131, \u00e7\u00f6pleri ta\u015f\u0131yan bir\u00e7ok dereler ve \u00e7aylar bulunmaktad\u0131r. Bunlardan birisi de Ayd\u0131n\u2019\u0131n en g\u00fczel do\u011fa alanlar\u0131ndan biri olan K\u00f6\u015fk ve Efeler il\u00e7elerini birbirinden ay\u0131ran kanyonun ortas\u0131ndan ge\u00e7en Ko\u00e7ak \u00c7ay\u0131\u2019d\u0131r. Ola\u011fan\u00fcst\u00fc do\u011fal peyzaj\u0131, jeolojik olu\u015fumlar\u0131, bitki \u00e7e\u015fitlili\u011fi ve ortas\u0131ndan akan Ko\u00e7ak \u00e7ay\u0131yla do\u011fal ekosistemlerin en g\u00fczel \u00f6rne\u011fini sunmaktad\u0131r. B\u00f6ylesine \u00f6nemli bir do\u011fa harikas\u0131nda 17 y\u0131ld\u0131r \u00e7\u00f6z\u00fclemeyen bir sorun devam etmektedir. Yakla\u015f\u0131k 300 metre yukar\u0131dan trakt\u00f6rlerle getirilen kullan\u0131lm\u0131\u015f e\u015fyalar, plastikler, in\u015faat malzemeleri, ila\u00e7 kutular\u0131 gibi akla gelebilecek her t\u00fcrl\u00fc \u00e7\u00f6pler a\u015fa\u011f\u0131da bulunan Ko\u00e7ak \u00e7ay\u0131na d\u00f6k\u00fclmektedir. D\u00f6k\u00fclen \u00e7\u00f6pler bitki \u00f6rt\u00fcs\u00fcn\u00fcn \u00fczerinden a\u015fa\u011f\u0131da su k\u0131y\u0131s\u0131na kadar inmekte, ya\u011fmurlarla birlikte \u00e7ay\u0131n y\u00fckselen sular\u0131 \u00e7\u00f6pleri B\u00fcy\u00fck Menderes Nehri\u2019ne ta\u015f\u0131maktad\u0131r. Ancak g\u00f6z \u00f6n\u00fcnde olmas\u0131na ra\u011fmen 17 y\u0131ld\u0131r bir t\u00fcrl\u00fc bu sorun giderilememi\u015ftir&#8221; dedi.<br \/>\n<br \/>Ko\u00e7ak \u00c7ay\u0131\u2019n\u0131n i\u00e7inin, bitki aralar\u0131n\u0131n ve k\u0131y\u0131lar\u0131n\u0131n \u00e7\u00f6plerle dolu oldu\u011funu ifade eden S\u00fcr\u00fcc\u00fc; &#8220;Yak\u0131nda ya\u011fmurlarla birlikte \u00e7\u00f6pler yine Ta\u015fk\u00f6pr\u00fc\u2019ye kadar ta\u015f\u0131nacak, k\u00f6pr\u00fcn\u00fcn kemerleri t\u0131kanacak, sularla birlikte \u00e7\u00f6pler de k\u00f6pr\u00fcn\u00fcn \u00fczerinden a\u015farak hem Ege Denizi\u2019ne hem de Bafa G\u00f6l\u00fc\u2019ne kadar ula\u015facakt\u0131r. Denizlerimizi, g\u00f6llerimizi, akarsular\u0131m\u0131z\u0131 kirleten, biyolojik \u00e7e\u015fitlili\u011fe b\u00fcy\u00fck zarar veren at\u0131k sorununun \u00e7aresini aramaya gerek yok. Bunlardan biri olan Ko\u00e7ak Kanyonunda herkesin g\u00f6rd\u00fc\u011f\u00fc ve at\u0131lmaya devam eden at\u0131k kayna\u011f\u0131n\u0131n bir an \u00f6nce kesilmesidir. K\u00f6\u015fk Belediyesi, Ayd\u0131n B\u00fcy\u00fck\u015fehir Belediyesi, \u00c7evre \u015eehircilik ve \u0130klim De\u011fi\u015fikli\u011fi \u0130l M\u00fcd\u00fcrl\u00fc\u011f\u00fc i\u015fbirli\u011fiyle bu sorun mutlaka \u00e7\u00f6z\u00fclmelidir. Karayollar\u0131 \u0130l M\u00fcd\u00fcrl\u00fc\u011f\u00fc taraf\u0131ndan, at\u0131klar\u0131n buraya d\u00f6k\u00fclmesinin \u00f6nlenmesi i\u00e7in, kesilen bariyerlerin yerine acilen yenileri tak\u0131lmal\u0131d\u0131r. Ko\u00e7ak Kanyonu do\u011fal bir aland\u0131r ve ortas\u0131ndan bir akarsu ge\u00e7mektedir. Do\u011fal alanlar ve akarsular kirletilmemeli, kirletenler hakk\u0131nda ilgili kurumlar gerekli yapt\u0131r\u0131mlar\u0131 uygulamal\u0131 ve bu sorunun \u00e7\u00f6z\u00fclmesi i\u00e7in i\u015fbirli\u011fi yap\u0131lmal\u0131d\u0131r. E\u015fsiz g\u00fczellikte bitki topluluklar\u0131na ve an\u0131tsall\u0131k kriteri ta\u015f\u0131yan bir\u00e7ok a\u011faca sahip olan kanyonu hep birlikte korumam\u0131z m\u00fcmk\u00fcnd\u00fcr&#8221; \u015feklinde konu\u015ftu.<br \/><\/p>\n","protected":false},"excerpt":{"rendered":"<p>Ayd\u0131n\u2019\u0131n K\u00f6\u015fk il\u00e7esi s\u0131n\u0131rlar\u0131nda yer alan ve \u00f6zg\u00fcn klima \u00f6zelli\u011fi ile dikkat \u00e7eken Ko\u00e7ak Kanyonu\u2019nda 17 y\u0131ld\u0131r s\u00fcregelen \u00e7\u00f6p sorununa vurgu yapan EKODOSD Ba\u015fkan\u0131 Bahattin S\u00fcr\u00fcc\u00fc, kurumlara i\u015fbirli\u011fi \u00e7a\u011fr\u0131s\u0131 yaparak at\u0131k d\u00f6k\u00fclmesinin \u00f6nlenmesini istedi. K\u00f6\u015fk il\u00e7esi s\u0131n\u0131rlar\u0131nda yer alan ve do\u011fal g\u00fczelli\u011fi ile misafirlerine g\u00f6rsel \u015f\u00f6len sunan Ko\u00e7ak Kanyonu, y\u0131llard\u0131r s\u00fcregelen \u00e7evre kirlili\u011fi tehdidiyle kar\u015f\u0131&#8230;<\/p>\n","protected":false},"author":1,"featured_media":65155,"comment_status":"open","ping_status":"open","sticky":false,"template":"","format":"standard","meta":{"_crdt_document":"","footnotes":""},"categories":[1],"tags":[],"class_list":["post-65154","post","type-post","status-publish","format-standard","has-post-thumbnail","hentry","category-guncel"],"_links":{"self":[{"href":"https:\/\/www.egemtv.com\/index.php?rest_route=\/wp\/v2\/posts\/65154","targetHints":{"allow":["GET"]}}],"collection":[{"href":"https:\/\/www.egemtv.com\/index.php?rest_route=\/wp\/v2\/posts"}],"about":[{"href":"https:\/\/www.egemtv.com\/index.php?rest_route=\/wp\/v2\/types\/post"}],"author":[{"embeddable":true,"href":"https:\/\/www.egemtv.com\/index.php?rest_route=\/wp\/v2\/users\/1"}],"replies":[{"embeddable":true,"href":"https:\/\/www.egemtv.com\/index.php?rest_route=%2Fwp%2Fv2%2Fcomments&post=65154"}],"version-history":[{"count":1,"href":"https:\/\/www.egemtv.com\/index.php?rest_route=\/wp\/v2\/posts\/65154\/revisions"}],"predecessor-version":[{"id":65156,"href":"https:\/\/www.egemtv.com\/index.php?rest_route=\/wp\/v2\/posts\/65154\/revisions\/65156"}],"wp:featuredmedia":[{"embeddable":true,"href":"https:\/\/www.egemtv.com\/index.php?rest_route=\/wp\/v2\/media\/65155"}],"wp:attachment":[{"href":"https:\/\/www.egemtv.com\/index.php?rest_route=%2Fwp%2Fv2%2Fmedia&parent=65154"}],"wp:term":[{"taxonomy":"category","embeddable":true,"href":"https:\/\/www.egemtv.com\/index.php?rest_route=%2Fwp%2Fv2%2Fcategories&post=65154"},{"taxonomy":"post_tag","embeddable":true,"href":"https:\/\/www.egemtv.com\/index.php?rest_route=%2Fwp%2Fv2%2Ftags&post=65154"}],"curies":[{"name":"wp","href":"https:\/\/api.w.org\/{rel}","templated":true}]}}