{"id":65151,"date":"2025-11-01T09:54:35","date_gmt":"2025-11-01T06:54:35","guid":{"rendered":"https:\/\/www.egemtv.com\/?p=65151"},"modified":"2025-11-01T09:54:36","modified_gmt":"2025-11-01T06:54:36","slug":"denizlide-afet-risklerini-azaltmaya-yonelik-atilacak-adimlar-masaya-yatirildi","status":"publish","type":"post","link":"https:\/\/www.egemtv.com\/?p=65151","title":{"rendered":"Denizli\u2019de afet risklerini azaltmaya y\u00f6nelik at\u0131lacak ad\u0131mlar masaya yat\u0131r\u0131ld\u0131"},"content":{"rendered":"<p>DEN\u0130ZL\u0130 (\u0130HA) \u2013 Denizli Valisi \u00d6mer Faruk Co\u015fkun ba\u015fkanl\u0131\u011f\u0131nda AFAD Ba\u015fkan Yard\u0131mc\u0131s\u0131 Dr. \u00d6nder Bozkurt\u2019un kat\u0131l\u0131m\u0131yla ger\u00e7ekle\u015ftirilen \u0130l Afet Risk Azaltma Plan\u0131 (\u0130RAP) de\u011ferlendirme toplant\u0131s\u0131nda, afet risklerini \u00f6nlemeye veya azaltmaya y\u00f6nelik at\u0131lacak ad\u0131mlar masaya yat\u0131r\u0131ld\u0131.<\/p>\n<p>Denizli Afet ve Acil Durum M\u00fcd\u00fcrl\u00fc\u011f\u00fc Yerle\u015fkesinde Vali \u00d6mer Faruk Co\u015fkun ve AFAD Ba\u015fkan Yard\u0131mc\u0131s\u0131 Dr. \u00d6nder Bozkurt ba\u015fkanl\u0131\u011f\u0131nda \u0130RAP de\u011ferlendirme toplant\u0131s\u0131 ger\u00e7ekle\u015ftirildi. \u0130RAP \u0130zleme ve De\u011ferlendirme Kurulu ile \u0130l Afet ve Acil Durum Koordinasyon Kurulu \u00fcyeleri, kaymakamlar, belediye ba\u015fkanlar\u0131, akademisyenler, kamu kurum ve kurulu\u015flar\u0131yla yerel y\u00f6netimlerin temsilcilerinin kat\u0131l\u0131m sa\u011flad\u0131\u011f\u0131 toplant\u0131da; kurum sunumlar\u0131, \u0130RAP kapsam\u0131nda belirlenen eylemlerin ilerleme durumlar\u0131yla olas\u0131 afet risklerinin azalt\u0131lmas\u0131 konusunda y\u00fcr\u00fct\u00fclen \u00e7al\u0131\u015fmalar ve Denizli\u2019de afetlere kar\u015f\u0131 daha haz\u0131rl\u0131kl\u0131, dayan\u0131kl\u0131 ve diren\u00e7li bir \u015fehir h\u00e2line gelmesi i\u00e7in y\u00fcr\u00fct\u00fclecek \u00e7al\u0131\u015fmalar de\u011ferlendirildi.<\/p>\n<p>Vali \u00d6mer Faruk Co\u015fkun, bug\u00fcne kadar y\u00fcr\u00fct\u00fclen her bir \u00e7al\u0131\u015fmada eme\u011fi ve katk\u0131s\u0131 bulunan t\u00fcm kurum temsilcilerine, akademisyenlere, uzmanlara ve vatanda\u015flara te\u015fekk\u00fcr ederek toplant\u0131n\u0131n Denizli i\u00e7in hay\u0131rl\u0131 olmas\u0131n\u0131 temenni etti. Afet risklerini azaltmaya y\u00f6nelik \u00e7al\u0131\u015fmalar\u0131n hayat\u0131 \u00f6nemine dikkat \u00e7eken Vali Co\u015fkun, &#8220;Afetlere diren\u00e7li yerle\u015fim birimleri ve afetlere dayan\u0131kl\u0131 toplum olu\u015fturmak amac\u0131yla 2021 y\u0131l\u0131nda haz\u0131rlan\u0131p 2022 y\u0131l\u0131nda 81 ilimizde uygulamaya ald\u0131\u011f\u0131m\u0131z \u0130l Afet ve Risk Azaltma Planlar\u0131 (\u0130RAP) ile yerle\u015fim yerlerinin do\u011fal, teknolojik ve insan kaynakl\u0131 afetlere maruz kalmas\u0131n\u0131 \u00f6nlemek veya azaltmak hedeflenmektedir. \u0130RAP planlar\u0131, bilimsel veriler \u0131\u015f\u0131\u011f\u0131nda, \u00e7ok payda\u015fl\u0131 bir anlay\u0131\u015f ve kararl\u0131l\u0131kla s\u00fcrd\u00fcr\u00fclen, sahaya d\u00f6n\u00fck bir eylem sistemidir. Olas\u0131 depremlere kar\u015f\u0131 al\u0131nmas\u0131 gereken tedbirler kapsam\u0131nda kentsel veya yerinde d\u00f6n\u00fc\u015f\u00fcm\u00fcn, sel ve ta\u015fk\u0131nlara kar\u015f\u0131 dere yataklar\u0131nda ta\u015fk\u0131n koruma ve r\u00fcsubat temizli\u011fi \u00e7al\u0131\u015fmalar\u0131n\u0131n ve orman yang\u0131nlar\u0131 ile ilgili olarak ilimizde ger\u00e7ekle\u015ftirilen \u00e7al\u0131\u015fmalar ile yap\u0131lmas\u0131 planlanan yeni \u00f6nlemler ile yerle\u015fim yerlerinde belirlenen risklerin bertaraf edilmesi i\u00e7in ilgili b\u00fct\u00fcn kurum ve kurulu\u015flar\u0131n bir saniye dahi zaman kaybetmeden i\u015f birli\u011fi ve koordinasyon i\u00e7inde \u00e7al\u0131\u015fmas\u0131 \u00f6nem arz ediyor&#8221; dedi.<\/p>\n<p>Toplant\u0131 sonras\u0131 de\u011ferlendirmelerde bulunan Babada\u011f Belediye Ba\u015fkan\u0131 Murat Kumral da &#8220;\u0130l Afet ve Acil Durum M\u00fcd\u00fcrl\u00fc\u011f\u00fcnde d\u00fczenlenen \u0130l Risk Azaltma Plan\u0131 De\u011ferlendirme Toplant\u0131s\u0131na, \u0130mar ve \u015eehircilik M\u00fcd\u00fcr\u00fcm\u00fcz Nevzat \u00c7ayl\u0131 ile birlikte kat\u0131l\u0131m sa\u011flad\u0131k. Afet risklerinin azalt\u0131lmas\u0131 ve g\u00fcvenli bir kent yap\u0131s\u0131n\u0131n olu\u015fturulmas\u0131 y\u00f6n\u00fcndeki \u00e7al\u0131\u015fmalara \u00f6nem veriyor, afetlere kar\u015f\u0131 daha diren\u00e7li hale gelinmesi ad\u0131na y\u00fcr\u00fct\u00fclen \u00e7al\u0131\u015fmalara katk\u0131 sunmaya devam ediyoruz&#8221; diye konu\u015ftu.<\/p>\n<p>Toplant\u0131da Denizli\u2019de \u0130RAP kapsam\u0131nda sorumlu kurum ve kurulu\u015flar taraf\u0131ndan y\u00fcr\u00fct\u00fclen \u00e7al\u0131\u015fmalar, takibi ve koordinasyonu gerektiren hususlar, kar\u015f\u0131la\u015f\u0131lan zorluk ve sorunlar ile \u00e7\u00f6z\u00fcm \u00f6nerileri etrafl\u0131ca de\u011ferlendirilerek, at\u0131lacak ad\u0131mlarla ilgili kararlar al\u0131nd\u0131.<br \/><\/p>\n","protected":false},"excerpt":{"rendered":"<p>DEN\u0130ZL\u0130 (\u0130HA) \u2013 Denizli Valisi \u00d6mer Faruk Co\u015fkun ba\u015fkanl\u0131\u011f\u0131nda AFAD Ba\u015fkan Yard\u0131mc\u0131s\u0131 Dr. \u00d6nder Bozkurt\u2019un kat\u0131l\u0131m\u0131yla ger\u00e7ekle\u015ftirilen \u0130l Afet Risk Azaltma Plan\u0131 (\u0130RAP) de\u011ferlendirme toplant\u0131s\u0131nda, afet risklerini \u00f6nlemeye veya azaltmaya y\u00f6nelik at\u0131lacak ad\u0131mlar masaya yat\u0131r\u0131ld\u0131. Denizli Afet ve Acil Durum M\u00fcd\u00fcrl\u00fc\u011f\u00fc Yerle\u015fkesinde Vali \u00d6mer Faruk Co\u015fkun ve AFAD Ba\u015fkan Yard\u0131mc\u0131s\u0131 Dr. \u00d6nder Bozkurt ba\u015fkanl\u0131\u011f\u0131nda \u0130RAP&#8230;<\/p>\n","protected":false},"author":1,"featured_media":65152,"comment_status":"open","ping_status":"open","sticky":false,"template":"","format":"standard","meta":{"_crdt_document":"","footnotes":""},"categories":[1],"tags":[],"class_list":["post-65151","post","type-post","status-publish","format-standard","has-post-thumbnail","hentry","category-guncel"],"_links":{"self":[{"href":"https:\/\/www.egemtv.com\/index.php?rest_route=\/wp\/v2\/posts\/65151","targetHints":{"allow":["GET"]}}],"collection":[{"href":"https:\/\/www.egemtv.com\/index.php?rest_route=\/wp\/v2\/posts"}],"about":[{"href":"https:\/\/www.egemtv.com\/index.php?rest_route=\/wp\/v2\/types\/post"}],"author":[{"embeddable":true,"href":"https:\/\/www.egemtv.com\/index.php?rest_route=\/wp\/v2\/users\/1"}],"replies":[{"embeddable":true,"href":"https:\/\/www.egemtv.com\/index.php?rest_route=%2Fwp%2Fv2%2Fcomments&post=65151"}],"version-history":[{"count":1,"href":"https:\/\/www.egemtv.com\/index.php?rest_route=\/wp\/v2\/posts\/65151\/revisions"}],"predecessor-version":[{"id":65153,"href":"https:\/\/www.egemtv.com\/index.php?rest_route=\/wp\/v2\/posts\/65151\/revisions\/65153"}],"wp:featuredmedia":[{"embeddable":true,"href":"https:\/\/www.egemtv.com\/index.php?rest_route=\/wp\/v2\/media\/65152"}],"wp:attachment":[{"href":"https:\/\/www.egemtv.com\/index.php?rest_route=%2Fwp%2Fv2%2Fmedia&parent=65151"}],"wp:term":[{"taxonomy":"category","embeddable":true,"href":"https:\/\/www.egemtv.com\/index.php?rest_route=%2Fwp%2Fv2%2Fcategories&post=65151"},{"taxonomy":"post_tag","embeddable":true,"href":"https:\/\/www.egemtv.com\/index.php?rest_route=%2Fwp%2Fv2%2Ftags&post=65151"}],"curies":[{"name":"wp","href":"https:\/\/api.w.org\/{rel}","templated":true}]}}