{"id":65148,"date":"2025-11-01T09:34:38","date_gmt":"2025-11-01T06:34:38","guid":{"rendered":"https:\/\/www.egemtv.com\/?p=65148"},"modified":"2025-11-01T09:34:39","modified_gmt":"2025-11-01T06:34:39","slug":"baskan-kahveci-vatandaslarimizin-memnuniyetini-gormek-en-buyuk-motivasyonumuzdur","status":"publish","type":"post","link":"https:\/\/www.egemtv.com\/?p=65148","title":{"rendered":"Ba\u015fkan Kahveci: &#8220;Vatanda\u015flar\u0131m\u0131z\u0131n memnuniyetini g\u00f6rmek en b\u00fcy\u00fck motivasyonumuzdur&#8221;"},"content":{"rendered":"<p>K\u00fctahya Belediye Ba\u015fkan\u0131 Ey\u00fcp Kahveci, \u00c7aml\u0131bah\u00e7e Kent Lokantas\u0131 ve Kent Kahvesi\u2019ni ziyaret ederek vatanda\u015flarla bir araya geldi.<br \/>\n<br \/>Ziyaret boyunca vatanda\u015flarla tek tek sohbet eden Ba\u015fkan Kahveci, talep ve \u00f6nerileri dinledi. Vatanda\u015flar\u0131n hizmetlerden duydu\u011fu memnuniyeti dile getirmesi \u00fczerine a\u00e7\u0131klamalarda bulunan Ba\u015fkan Kahveci, \u015fehirde vatanda\u015f odakl\u0131 bir belediyecilik anlay\u0131\u015f\u0131yla \u00e7al\u0131\u015fmalar\u0131n s\u00fcrd\u00fc\u011f\u00fcn\u00fc ifade etti.<br \/>\n<br \/>Kent lokantas\u0131 ve kent kahvesinin, uygun fiyatl\u0131 ve kaliteli hizmet anlay\u0131\u015f\u0131yla sosyal belediyecili\u011fin ba\u015far\u0131l\u0131 \u00f6rneklerinden biri oldu\u011funu vurgulayan Ba\u015fkan Kahveci, \u015funlar\u0131 s\u00f6yledi:<br \/>\n<br \/>&#8220;\u00c7aml\u0131bah\u00e7e Kent Lokantas\u0131 ve Kent Kahvesi gibi projelerimiz, vatanda\u015flar\u0131m\u0131z\u0131n sosyalle\u015febilece\u011fi, kaliteli hizmet alabilece\u011fi alanlar olarak \u00f6nem ta\u015f\u0131yor. Vatanda\u015flar\u0131m\u0131z\u0131n memnuniyetini g\u00f6rmek bizler i\u00e7in en b\u00fcy\u00fck motivasyondur.&#8221;<br \/>\n<br \/>Ziyaretin sonunda Ba\u015fkan Ey\u00fcp Kahveci, kendisine ilgi g\u00f6steren vatanda\u015flara te\u015fekk\u00fcr ederek &#8220;Afiyet olsun&#8221; dileklerinde bulundu.<br \/><\/p>\n","protected":false},"excerpt":{"rendered":"<p>K\u00fctahya Belediye Ba\u015fkan\u0131 Ey\u00fcp Kahveci, \u00c7aml\u0131bah\u00e7e Kent Lokantas\u0131 ve Kent Kahvesi\u2019ni ziyaret ederek vatanda\u015flarla bir araya geldi. Ziyaret boyunca vatanda\u015flarla tek tek sohbet eden Ba\u015fkan Kahveci, talep ve \u00f6nerileri dinledi. Vatanda\u015flar\u0131n hizmetlerden duydu\u011fu memnuniyeti dile getirmesi \u00fczerine a\u00e7\u0131klamalarda bulunan Ba\u015fkan Kahveci, \u015fehirde vatanda\u015f odakl\u0131 bir belediyecilik anlay\u0131\u015f\u0131yla \u00e7al\u0131\u015fmalar\u0131n s\u00fcrd\u00fc\u011f\u00fcn\u00fc ifade etti. Kent lokantas\u0131 ve kent&#8230;<\/p>\n","protected":false},"author":1,"featured_media":65149,"comment_status":"open","ping_status":"open","sticky":false,"template":"","format":"standard","meta":{"_crdt_document":"","footnotes":""},"categories":[123],"tags":[],"class_list":["post-65148","post","type-post","status-publish","format-standard","has-post-thumbnail","hentry","category-gundem"],"_links":{"self":[{"href":"https:\/\/www.egemtv.com\/index.php?rest_route=\/wp\/v2\/posts\/65148","targetHints":{"allow":["GET"]}}],"collection":[{"href":"https:\/\/www.egemtv.com\/index.php?rest_route=\/wp\/v2\/posts"}],"about":[{"href":"https:\/\/www.egemtv.com\/index.php?rest_route=\/wp\/v2\/types\/post"}],"author":[{"embeddable":true,"href":"https:\/\/www.egemtv.com\/index.php?rest_route=\/wp\/v2\/users\/1"}],"replies":[{"embeddable":true,"href":"https:\/\/www.egemtv.com\/index.php?rest_route=%2Fwp%2Fv2%2Fcomments&post=65148"}],"version-history":[{"count":1,"href":"https:\/\/www.egemtv.com\/index.php?rest_route=\/wp\/v2\/posts\/65148\/revisions"}],"predecessor-version":[{"id":65150,"href":"https:\/\/www.egemtv.com\/index.php?rest_route=\/wp\/v2\/posts\/65148\/revisions\/65150"}],"wp:featuredmedia":[{"embeddable":true,"href":"https:\/\/www.egemtv.com\/index.php?rest_route=\/wp\/v2\/media\/65149"}],"wp:attachment":[{"href":"https:\/\/www.egemtv.com\/index.php?rest_route=%2Fwp%2Fv2%2Fmedia&parent=65148"}],"wp:term":[{"taxonomy":"category","embeddable":true,"href":"https:\/\/www.egemtv.com\/index.php?rest_route=%2Fwp%2Fv2%2Fcategories&post=65148"},{"taxonomy":"post_tag","embeddable":true,"href":"https:\/\/www.egemtv.com\/index.php?rest_route=%2Fwp%2Fv2%2Ftags&post=65148"}],"curies":[{"name":"wp","href":"https:\/\/api.w.org\/{rel}","templated":true}]}}