{"id":65145,"date":"2025-11-01T09:34:37","date_gmt":"2025-11-01T06:34:37","guid":{"rendered":"https:\/\/www.egemtv.com\/?p=65145"},"modified":"2025-11-01T09:34:38","modified_gmt":"2025-11-01T06:34:38","slug":"avukatlardan-cubbeyle-arac-tanitimi-yapan-galericiye-suc-duyurusu","status":"publish","type":"post","link":"https:\/\/www.egemtv.com\/?p=65145","title":{"rendered":"Avukatlardan c\u00fcbbeyle ara\u00e7 tan\u0131t\u0131m\u0131 yapan galericiye su\u00e7 duyurusu"},"content":{"rendered":"<p>Denizli\u2019de bir galericinin, avukat c\u00fcbbesi giyip &#8220;Bu arabay\u0131 alana bir dosya hediye&#8221; diyerek \u00e7ekti\u011fi ara\u00e7 tan\u0131t\u0131m videosu ba\u015f\u0131na dert a\u00e7t\u0131. K\u0131sa s\u00fcrede yay\u0131lan payla\u015f\u0131ma tepki g\u00f6steren Denizli Barosu, mesle\u011fin itibar\u0131n\u0131 zedeledi\u011fi gerek\u00e7esiyle galerici hakk\u0131nda su\u00e7 duyurusunda bulundu.<br \/>\n<br \/>Denizli\u2019de bir galerici araba sat\u0131\u015f reklam\u0131 \u00e7ekmek i\u00e7in avukat c\u00fcbbesi giydi ve kendini avukat gibi tan\u0131t\u0131p \u00e7ekti\u011fi videoyu sosyal medya hesab\u0131ndan payla\u015ft\u0131. Galericinin dikkat \u00e7ekmek i\u00e7in yapt\u0131\u011f\u0131 c\u00fcbbeli payla\u015f\u0131m ba\u015fta avukatlar olmak \u00fczere kamuoyunun tepkisini \u00e7ekti. Payla\u015f\u0131m\u0131yla ele\u015ftirilerin hedefi olan galericinin, videoda sar etti\u011fi &#8220;Bu arabay\u0131 alana bir dosya hediye&#8221; \u015feklindeki s\u00f6ylemi tepkileri daha da artt\u0131rd\u0131.<br \/>\n<br \/>Galericinin avukat c\u00fcbbesi giyerek \u00e7ekti\u011fi ara\u00e7 tan\u0131t\u0131m videosu sonras\u0131 Denizli Barosundan kar\u015f\u0131 ad\u0131m geldi. Baro, s\u00f6z konusu davran\u0131\u015f\u0131n avukatl\u0131k mesle\u011finin kamusal niteli\u011fini ve itibar\u0131n\u0131 a\u011f\u0131r \u015fekilde zedeledi\u011fi gerek\u00e7esiyle Denizli Cumhuriyet Ba\u015fsavc\u0131l\u0131\u011f\u0131na su\u00e7 duyurusunda bulunuldu\u011funu a\u00e7\u0131klad\u0131.<\/p>\n<p>Konu hakk\u0131nda Denizli Barosundan yap\u0131lan a\u00e7\u0131klamada \u015fu ifadelere yer verildi:<br \/>\n<br \/>&#8220;Sosyal medyada bir \u015fahs\u0131n avukatl\u0131k c\u00fcbbesi giyerek otomobil sat\u0131\u015f videosu haz\u0131rlad\u0131\u011f\u0131, video i\u00e7eri\u011finde, \u015fahs\u0131n avukatl\u0131k mesle\u011fi ile ba\u011fda\u015fmayacak, mesle\u011fi k\u00fc\u00e7\u00fck d\u00fc\u015f\u00fcr\u00fcc\u00fc s\u00f6ylemlerde bulundu\u011fu tespit edilmi\u015ftir. \u015eahs\u0131n avukat olmad\u0131\u011f\u0131 halde, avukatl\u0131k mesle\u011finin sembol\u00fc olan c\u00fcbbeyi giymesi, c\u00fcbbeyi ticari bir ara\u00e7 olarak kullanmas\u0131 ve s\u00f6ylemleriyle mesle\u011fin kamusal niteli\u011fini ve itibar\u0131n\u0131 a\u011f\u0131r \u015fekilde zedelemeye te\u015febb\u00fcs etti\u011fi a\u00e7\u0131kt\u0131r. \u00c7al\u0131\u015fmalar\u0131m\u0131z neticesinde bahse konu video \u015fahsa ait sosyal medya hesaplar\u0131ndan kald\u0131rt\u0131lm\u0131\u015f, Denizli Barosu olarak ilgili \u015fah\u0131s hakk\u0131nda gerekli incelemeler tamamlanarak Denizli Cumhuriyet Ba\u015fsavc\u0131l\u0131\u011f\u0131\u2019na su\u00e7 duyurusunda bulunulmu\u015ftur. Mesle\u011fimize, onurla ta\u015f\u0131d\u0131\u011f\u0131m\u0131z c\u00fcbbemize zarar veren her t\u00fcrl\u00fc eylemin kar\u015f\u0131s\u0131nda olan Denizli Barosu, mesle\u011fin ve meslekta\u015flar\u0131m\u0131z\u0131n itibar\u0131 i\u00e7in kararl\u0131l\u0131kla m\u00fccadele etmeye devam edecek&#8221;<br \/><\/p>\n","protected":false},"excerpt":{"rendered":"<p>Denizli\u2019de bir galericinin, avukat c\u00fcbbesi giyip &#8220;Bu arabay\u0131 alana bir dosya hediye&#8221; diyerek \u00e7ekti\u011fi ara\u00e7 tan\u0131t\u0131m videosu ba\u015f\u0131na dert a\u00e7t\u0131. K\u0131sa s\u00fcrede yay\u0131lan payla\u015f\u0131ma tepki g\u00f6steren Denizli Barosu, mesle\u011fin itibar\u0131n\u0131 zedeledi\u011fi gerek\u00e7esiyle galerici hakk\u0131nda su\u00e7 duyurusunda bulundu. Denizli\u2019de bir galerici araba sat\u0131\u015f reklam\u0131 \u00e7ekmek i\u00e7in avukat c\u00fcbbesi giydi ve kendini avukat gibi tan\u0131t\u0131p \u00e7ekti\u011fi videoyu&#8230;<\/p>\n","protected":false},"author":1,"featured_media":65146,"comment_status":"open","ping_status":"open","sticky":false,"template":"","format":"standard","meta":{"_crdt_document":"","footnotes":""},"categories":[5],"tags":[],"class_list":["post-65145","post","type-post","status-publish","format-standard","has-post-thumbnail","hentry","category-asayis"],"_links":{"self":[{"href":"https:\/\/www.egemtv.com\/index.php?rest_route=\/wp\/v2\/posts\/65145","targetHints":{"allow":["GET"]}}],"collection":[{"href":"https:\/\/www.egemtv.com\/index.php?rest_route=\/wp\/v2\/posts"}],"about":[{"href":"https:\/\/www.egemtv.com\/index.php?rest_route=\/wp\/v2\/types\/post"}],"author":[{"embeddable":true,"href":"https:\/\/www.egemtv.com\/index.php?rest_route=\/wp\/v2\/users\/1"}],"replies":[{"embeddable":true,"href":"https:\/\/www.egemtv.com\/index.php?rest_route=%2Fwp%2Fv2%2Fcomments&post=65145"}],"version-history":[{"count":1,"href":"https:\/\/www.egemtv.com\/index.php?rest_route=\/wp\/v2\/posts\/65145\/revisions"}],"predecessor-version":[{"id":65147,"href":"https:\/\/www.egemtv.com\/index.php?rest_route=\/wp\/v2\/posts\/65145\/revisions\/65147"}],"wp:featuredmedia":[{"embeddable":true,"href":"https:\/\/www.egemtv.com\/index.php?rest_route=\/wp\/v2\/media\/65146"}],"wp:attachment":[{"href":"https:\/\/www.egemtv.com\/index.php?rest_route=%2Fwp%2Fv2%2Fmedia&parent=65145"}],"wp:term":[{"taxonomy":"category","embeddable":true,"href":"https:\/\/www.egemtv.com\/index.php?rest_route=%2Fwp%2Fv2%2Fcategories&post=65145"},{"taxonomy":"post_tag","embeddable":true,"href":"https:\/\/www.egemtv.com\/index.php?rest_route=%2Fwp%2Fv2%2Ftags&post=65145"}],"curies":[{"name":"wp","href":"https:\/\/api.w.org\/{rel}","templated":true}]}}