{"id":65133,"date":"2025-11-01T07:15:14","date_gmt":"2025-11-01T04:15:14","guid":{"rendered":"https:\/\/www.egemtv.com\/?p=65133"},"modified":"2025-11-01T07:15:15","modified_gmt":"2025-11-01T04:15:15","slug":"tira-carpan-otomobilde-4-kisi-yaralandi","status":"publish","type":"post","link":"https:\/\/www.egemtv.com\/?p=65133","title":{"rendered":"T\u0131ra \u00e7arpan otomobilde 4 ki\u015fi yaraland\u0131"},"content":{"rendered":"<p>Afyonkarahisar\u2019da kontrolden \u00e7\u0131kan otomobilin bariyerleri a\u015f\u0131p ard\u0131ndan kar\u015f\u0131 \u015feride ge\u00e7erek t\u0131ra \u00e7arpt\u0131\u011f\u0131 kazada biri a\u011f\u0131r 4 ki\u015fi yaraland\u0131.<br \/>\n<br \/>Kaza, \u00c7ay il\u00e7esi \u00c7ay\u0131ryaz\u0131 k\u00f6y\u00fc yak\u0131nlar\u0131nda meydana geldi. Edinilen bilgilere g\u00f6re, N.B. idaresindeki 65 ACS 412 plakal\u0131 otomobil s\u00fcr\u00fcc\u00fcs\u00fcn\u00fcn hen\u00fcz belirlenemeyen bir sebepten \u00f6t\u00fcr\u00fc direksiyon hakimiyetini kaybetmesi sonucu kontrolden \u00e7\u0131kt\u0131. Savrulan ara\u00e7 bariyerleri a\u015f\u0131p ard\u0131ndan kar\u015f\u0131 \u015feride ge\u00e7erek M.K.\u2019nin idaresindeki 42 P 9961 plakal\u0131 t\u0131ra \u00e7arpt\u0131. Kazada ara\u00e7 s\u00fcr\u00fcc\u00fcs\u00fc ile birlikte otomobilde bulunan ikisi \u00e7ocuk toplam 4 ki\u015fi yaraland\u0131.<br \/>\n<br \/>Yaral\u0131lar kaza sonras\u0131 \u00e7evredekilerin haber vermesi ile olay yerine gelen ambulanslarla hastanelere kald\u0131r\u0131ld\u0131.<br \/>\n<br \/>Yaral\u0131lardan birinin durumunun a\u011f\u0131r oldu\u011fu \u00f6\u011frenilirken kaza ile ilgili jandarma taraf\u0131ndan inceleme ba\u015flat\u0131ld\u0131.<br \/><\/p>\n","protected":false},"excerpt":{"rendered":"<p>Afyonkarahisar\u2019da kontrolden \u00e7\u0131kan otomobilin bariyerleri a\u015f\u0131p ard\u0131ndan kar\u015f\u0131 \u015feride ge\u00e7erek t\u0131ra \u00e7arpt\u0131\u011f\u0131 kazada biri a\u011f\u0131r 4 ki\u015fi yaraland\u0131. Kaza, \u00c7ay il\u00e7esi \u00c7ay\u0131ryaz\u0131 k\u00f6y\u00fc yak\u0131nlar\u0131nda meydana geldi. Edinilen bilgilere g\u00f6re, N.B. idaresindeki 65 ACS 412 plakal\u0131 otomobil s\u00fcr\u00fcc\u00fcs\u00fcn\u00fcn hen\u00fcz belirlenemeyen bir sebepten \u00f6t\u00fcr\u00fc direksiyon hakimiyetini kaybetmesi sonucu kontrolden \u00e7\u0131kt\u0131. Savrulan ara\u00e7 bariyerleri a\u015f\u0131p ard\u0131ndan kar\u015f\u0131 \u015feride&#8230;<\/p>\n","protected":false},"author":1,"featured_media":65134,"comment_status":"open","ping_status":"open","sticky":false,"template":"","format":"standard","meta":{"_crdt_document":"","footnotes":""},"categories":[5],"tags":[],"class_list":["post-65133","post","type-post","status-publish","format-standard","has-post-thumbnail","hentry","category-asayis"],"_links":{"self":[{"href":"https:\/\/www.egemtv.com\/index.php?rest_route=\/wp\/v2\/posts\/65133","targetHints":{"allow":["GET"]}}],"collection":[{"href":"https:\/\/www.egemtv.com\/index.php?rest_route=\/wp\/v2\/posts"}],"about":[{"href":"https:\/\/www.egemtv.com\/index.php?rest_route=\/wp\/v2\/types\/post"}],"author":[{"embeddable":true,"href":"https:\/\/www.egemtv.com\/index.php?rest_route=\/wp\/v2\/users\/1"}],"replies":[{"embeddable":true,"href":"https:\/\/www.egemtv.com\/index.php?rest_route=%2Fwp%2Fv2%2Fcomments&post=65133"}],"version-history":[{"count":1,"href":"https:\/\/www.egemtv.com\/index.php?rest_route=\/wp\/v2\/posts\/65133\/revisions"}],"predecessor-version":[{"id":65135,"href":"https:\/\/www.egemtv.com\/index.php?rest_route=\/wp\/v2\/posts\/65133\/revisions\/65135"}],"wp:featuredmedia":[{"embeddable":true,"href":"https:\/\/www.egemtv.com\/index.php?rest_route=\/wp\/v2\/media\/65134"}],"wp:attachment":[{"href":"https:\/\/www.egemtv.com\/index.php?rest_route=%2Fwp%2Fv2%2Fmedia&parent=65133"}],"wp:term":[{"taxonomy":"category","embeddable":true,"href":"https:\/\/www.egemtv.com\/index.php?rest_route=%2Fwp%2Fv2%2Fcategories&post=65133"},{"taxonomy":"post_tag","embeddable":true,"href":"https:\/\/www.egemtv.com\/index.php?rest_route=%2Fwp%2Fv2%2Ftags&post=65133"}],"curies":[{"name":"wp","href":"https:\/\/api.w.org\/{rel}","templated":true}]}}