{"id":65127,"date":"2025-10-31T23:34:39","date_gmt":"2025-10-31T20:34:39","guid":{"rendered":"https:\/\/www.egemtv.com\/?p=65127"},"modified":"2025-10-31T23:34:39","modified_gmt":"2025-10-31T20:34:39","slug":"bodrumdaki-rusvet-operasyonunda-2-kisi-tutuklandi","status":"publish","type":"post","link":"https:\/\/www.egemtv.com\/?p=65127","title":{"rendered":"Bodrum\u2019daki r\u00fc\u015fvet operasyonunda 2 ki\u015fi tutukland\u0131"},"content":{"rendered":"<p>Mu\u011fla\u2019n\u0131n Bodrum il\u00e7esinde r\u00fc\u015fvet soru\u015fturmas\u0131 kapsam\u0131nda g\u00f6zalt\u0131na al\u0131nan Bodrum Belediyesi Meclis \u00dcyesi Niyazi Atare ile CHP \u0130l Y\u00f6netim Kurulu Yedek \u00dcyesi  \u0130brahim \u00c7\u0131rako\u011flu tutuklanarak cezaevine g\u00f6nderildi.<br \/>\n<br \/>Bodrum Cumhuriyet Ba\u015fsavc\u0131l\u0131\u011f\u0131 taraf\u0131ndan ba\u015flat\u0131lan r\u00fc\u015fvet soru\u015fturmas\u0131 kapsam\u0131nda Bodrum Belediyesi Meclis \u00dcyesi Niyazi Atare, motosikletiyle seyir halindeyken polis ekipleri taraf\u0131ndan durduruldu. \u0130ddiaya g\u00f6re, Atare\u2019nin motosikletinin alt\u0131nda seri numaralar\u0131 daha \u00f6nceden tespit edilen r\u00fc\u015fvet paralar\u0131 ele ge\u00e7irildi. Atare, polis taraf\u0131ndan g\u00f6zalt\u0131na al\u0131nd\u0131. Ayr\u0131ca su\u00e7a i\u015ftirak etti\u011fi gerek\u00e7esiyle emlak\u00e7\u0131 ve CHP \u0130l Y\u00f6netim Kurulu Yedek \u00dcyesi  \u0130brahim \u00c7\u0131rako\u011flu da g\u00f6zalt\u0131na al\u0131nd\u0131. Bodrum Ka\u00e7ak\u00e7\u0131l\u0131k ve Organize Su\u00e7larla M\u00fccadele B\u00fcro Amirli\u011fi\u2019nde ifade i\u015flemleri tamamlanan \u015f\u00fcpheliler, \u00f6\u011fleden sonra adliyeye sevk edildi. Zanl\u0131lar, \u00e7\u0131kar\u0131ld\u0131klar\u0131 mahkemece tutuklanarak cezaevine g\u00f6nderildi.<br \/><\/p>\n","protected":false},"excerpt":{"rendered":"<p>Mu\u011fla\u2019n\u0131n Bodrum il\u00e7esinde r\u00fc\u015fvet soru\u015fturmas\u0131 kapsam\u0131nda g\u00f6zalt\u0131na al\u0131nan Bodrum Belediyesi Meclis \u00dcyesi Niyazi Atare ile CHP \u0130l Y\u00f6netim Kurulu Yedek \u00dcyesi \u0130brahim \u00c7\u0131rako\u011flu tutuklanarak cezaevine g\u00f6nderildi. Bodrum Cumhuriyet Ba\u015fsavc\u0131l\u0131\u011f\u0131 taraf\u0131ndan ba\u015flat\u0131lan r\u00fc\u015fvet soru\u015fturmas\u0131 kapsam\u0131nda Bodrum Belediyesi Meclis \u00dcyesi Niyazi Atare, motosikletiyle seyir halindeyken polis ekipleri taraf\u0131ndan durduruldu. \u0130ddiaya g\u00f6re, Atare\u2019nin motosikletinin alt\u0131nda seri numaralar\u0131 daha&#8230;<\/p>\n","protected":false},"author":1,"featured_media":65128,"comment_status":"open","ping_status":"open","sticky":false,"template":"","format":"standard","meta":{"_crdt_document":"","footnotes":""},"categories":[5],"tags":[],"class_list":["post-65127","post","type-post","status-publish","format-standard","has-post-thumbnail","hentry","category-asayis"],"_links":{"self":[{"href":"https:\/\/www.egemtv.com\/index.php?rest_route=\/wp\/v2\/posts\/65127","targetHints":{"allow":["GET"]}}],"collection":[{"href":"https:\/\/www.egemtv.com\/index.php?rest_route=\/wp\/v2\/posts"}],"about":[{"href":"https:\/\/www.egemtv.com\/index.php?rest_route=\/wp\/v2\/types\/post"}],"author":[{"embeddable":true,"href":"https:\/\/www.egemtv.com\/index.php?rest_route=\/wp\/v2\/users\/1"}],"replies":[{"embeddable":true,"href":"https:\/\/www.egemtv.com\/index.php?rest_route=%2Fwp%2Fv2%2Fcomments&post=65127"}],"version-history":[{"count":1,"href":"https:\/\/www.egemtv.com\/index.php?rest_route=\/wp\/v2\/posts\/65127\/revisions"}],"predecessor-version":[{"id":65129,"href":"https:\/\/www.egemtv.com\/index.php?rest_route=\/wp\/v2\/posts\/65127\/revisions\/65129"}],"wp:featuredmedia":[{"embeddable":true,"href":"https:\/\/www.egemtv.com\/index.php?rest_route=\/wp\/v2\/media\/65128"}],"wp:attachment":[{"href":"https:\/\/www.egemtv.com\/index.php?rest_route=%2Fwp%2Fv2%2Fmedia&parent=65127"}],"wp:term":[{"taxonomy":"category","embeddable":true,"href":"https:\/\/www.egemtv.com\/index.php?rest_route=%2Fwp%2Fv2%2Fcategories&post=65127"},{"taxonomy":"post_tag","embeddable":true,"href":"https:\/\/www.egemtv.com\/index.php?rest_route=%2Fwp%2Fv2%2Ftags&post=65127"}],"curies":[{"name":"wp","href":"https:\/\/api.w.org\/{rel}","templated":true}]}}