{"id":65124,"date":"2025-10-31T18:35:51","date_gmt":"2025-10-31T15:35:51","guid":{"rendered":"https:\/\/www.egemtv.com\/?p=65124"},"modified":"2025-10-31T18:35:52","modified_gmt":"2025-10-31T15:35:52","slug":"kula-ilce-emniyet-mudurlugu-suclulara-goz-actirmiyor","status":"publish","type":"post","link":"https:\/\/www.egemtv.com\/?p=65124","title":{"rendered":"Kula \u0130l\u00e7e Emniyet M\u00fcd\u00fcrl\u00fc\u011f\u00fc su\u00e7lulara g\u00f6z a\u00e7t\u0131rm\u0131yor"},"content":{"rendered":"<p>Manisa\u2019n\u0131n Kula il\u00e7esinde emniyet ekipleri, su\u00e7 ve su\u00e7lularla m\u00fccadele kapsam\u0131nda y\u00fcr\u00fctt\u00fc\u011f\u00fc \u00e7al\u0131\u015fmalar\u0131na h\u0131z kesmeden devam ediyor. \u0130l\u00e7e genelinde yap\u0131lan ara\u015ft\u0131rma ve denetimlerde \u00e7e\u015fitli su\u00e7lardan aranmas\u0131 bulunan 7 \u015fah\u0131s yakalan\u0131rken, 6\u2019s\u0131 \u00e7\u0131kar\u0131ld\u0131klar\u0131 adli mercilerce tutuklanarak cezaevine g\u00f6nderildi. 1 \u015fah\u0131s ise ifadesinin al\u0131nmas\u0131n\u0131n ard\u0131ndan serbest b\u0131rak\u0131ld\u0131.<br \/>\n<br \/>Aranan \u015fah\u0131slarla ilgili yap\u0131lan i\u015flemlerde; M.A. (39) hakaret su\u00e7undan 10 ay 15 g\u00fcn, S.G. (32) basit yaralama su\u00e7undan 6 ay, R.A. (26) alkol veya uyu\u015fturucu etkisi alt\u0131nda ara\u00e7 kullanmaktan 1 y\u0131l, \u0130.O. (41) alkol veya uyu\u015fturucu etkisi alt\u0131nda ara\u00e7 kullanmaktan 4 ay, S.B. (26) Askeri Ceza Kanunu\u2019na muhalefetten 1 y\u0131l, C.K. (35) uyu\u015fturucu madde sat\u0131n almak ve trafik g\u00fcvenli\u011fini tehlikeye sokmak su\u00e7lar\u0131ndan toplam 3 y\u0131l hapis cezas\u0131yla tutuklanarak cezaevine g\u00f6nderildi. S.G. (27) ise &#8220;Ailenin Korunmas\u0131&#8221; kapsam\u0131nda al\u0131nan ifadesinin ard\u0131ndan serbest b\u0131rak\u0131ld\u0131.<br \/>\n<br \/>\u00d6te yandan Kula \u0130l\u00e7e Emniyet M\u00fcd\u00fcrl\u00fc\u011f\u00fc ekipleri taraf\u0131ndan uyu\u015fturucu madde kullan\u0131m\u0131 ve ticaretine y\u00f6nelik ger\u00e7ekle\u015ftirilen operasyonlarda 9 ki\u015fi g\u00f6zalt\u0131na al\u0131nd\u0131, 1 ki\u015fi tutukland\u0131. Yap\u0131lan \u00e7al\u0131\u015fmalarda; O.Z. (26) isimli \u015fah\u0131s \u00fczerinde yap\u0131lan aramada 7 adet sigara \u015feklinde ve 6 adet A4 bonzai (sentetik kannabinoid) ele ge\u00e7irilirken, \u015fah\u0131s tutuklanarak cezaevine g\u00f6nderildi. O.A. (26) \u00fczerinde 0,82 gram kokain, S.T. (26) \u00fczerinde 42 adet galara hap, C.\u00c7. (20) \u00fczerinde 11 adet galara hap, S.B. (25) \u00fczerinde 0,36 gram Jamaika, M.B. (30), B.P. (26), V.H. (30) ve M.K. (22) isimli \u015fah\u0131slar da ifadelerinin ard\u0131ndan serbest b\u0131rak\u0131ld\u0131.<br \/>\n<br \/>Kula \u0130l\u00e7e Emniyet M\u00fcd\u00fcrl\u00fc\u011f\u00fc\u2019nden yap\u0131lan a\u00e7\u0131klamada, il\u00e7e genelinde su\u00e7 ve su\u00e7lularla m\u00fccadele kapsam\u0131nda y\u00fcr\u00fct\u00fclen \u00e7al\u0131\u015fmalar\u0131n kararl\u0131l\u0131kla s\u00fcrd\u00fcr\u00fclece\u011fi vurguland\u0131. Ayr\u0131ca okul \u00e7evrelerinde, trafik noktalar\u0131nda ve \u00e7ar\u015f\u0131-mahallelerde polis ve bek\u00e7i ekiplerinin denetimlerini aral\u0131ks\u0131z s\u00fcrd\u00fcrd\u00fc\u011f\u00fc belirtildi.<br \/><\/p>\n","protected":false},"excerpt":{"rendered":"<p>Manisa\u2019n\u0131n Kula il\u00e7esinde emniyet ekipleri, su\u00e7 ve su\u00e7lularla m\u00fccadele kapsam\u0131nda y\u00fcr\u00fctt\u00fc\u011f\u00fc \u00e7al\u0131\u015fmalar\u0131na h\u0131z kesmeden devam ediyor. \u0130l\u00e7e genelinde yap\u0131lan ara\u015ft\u0131rma ve denetimlerde \u00e7e\u015fitli su\u00e7lardan aranmas\u0131 bulunan 7 \u015fah\u0131s yakalan\u0131rken, 6\u2019s\u0131 \u00e7\u0131kar\u0131ld\u0131klar\u0131 adli mercilerce tutuklanarak cezaevine g\u00f6nderildi. 1 \u015fah\u0131s ise ifadesinin al\u0131nmas\u0131n\u0131n ard\u0131ndan serbest b\u0131rak\u0131ld\u0131. Aranan \u015fah\u0131slarla ilgili yap\u0131lan i\u015flemlerde; M.A. (39) hakaret su\u00e7undan 10 ay&#8230;<\/p>\n","protected":false},"author":1,"featured_media":65125,"comment_status":"open","ping_status":"open","sticky":false,"template":"","format":"standard","meta":{"_crdt_document":"","footnotes":""},"categories":[5],"tags":[],"class_list":["post-65124","post","type-post","status-publish","format-standard","has-post-thumbnail","hentry","category-asayis"],"_links":{"self":[{"href":"https:\/\/www.egemtv.com\/index.php?rest_route=\/wp\/v2\/posts\/65124","targetHints":{"allow":["GET"]}}],"collection":[{"href":"https:\/\/www.egemtv.com\/index.php?rest_route=\/wp\/v2\/posts"}],"about":[{"href":"https:\/\/www.egemtv.com\/index.php?rest_route=\/wp\/v2\/types\/post"}],"author":[{"embeddable":true,"href":"https:\/\/www.egemtv.com\/index.php?rest_route=\/wp\/v2\/users\/1"}],"replies":[{"embeddable":true,"href":"https:\/\/www.egemtv.com\/index.php?rest_route=%2Fwp%2Fv2%2Fcomments&post=65124"}],"version-history":[{"count":1,"href":"https:\/\/www.egemtv.com\/index.php?rest_route=\/wp\/v2\/posts\/65124\/revisions"}],"predecessor-version":[{"id":65126,"href":"https:\/\/www.egemtv.com\/index.php?rest_route=\/wp\/v2\/posts\/65124\/revisions\/65126"}],"wp:featuredmedia":[{"embeddable":true,"href":"https:\/\/www.egemtv.com\/index.php?rest_route=\/wp\/v2\/media\/65125"}],"wp:attachment":[{"href":"https:\/\/www.egemtv.com\/index.php?rest_route=%2Fwp%2Fv2%2Fmedia&parent=65124"}],"wp:term":[{"taxonomy":"category","embeddable":true,"href":"https:\/\/www.egemtv.com\/index.php?rest_route=%2Fwp%2Fv2%2Fcategories&post=65124"},{"taxonomy":"post_tag","embeddable":true,"href":"https:\/\/www.egemtv.com\/index.php?rest_route=%2Fwp%2Fv2%2Ftags&post=65124"}],"curies":[{"name":"wp","href":"https:\/\/api.w.org\/{rel}","templated":true}]}}