{"id":65121,"date":"2025-10-31T17:55:33","date_gmt":"2025-10-31T14:55:33","guid":{"rendered":"https:\/\/www.egemtv.com\/?p=65121"},"modified":"2025-10-31T17:55:34","modified_gmt":"2025-10-31T14:55:34","slug":"kusadasinda-es-zamanli-fuhus-operasyonu-5-tutuklama","status":"publish","type":"post","link":"https:\/\/www.egemtv.com\/?p=65121","title":{"rendered":"Ku\u015fadas\u0131\u2019nda e\u015f zamanl\u0131 fuhu\u015f operasyonu: 5 tutuklama"},"content":{"rendered":"<p>Ayd\u0131n\u2019\u0131n Ku\u015fadas\u0131 il\u00e7esinde polis ekiplerince d\u00fczenlenen fuhu\u015f operasyonunda 5 \u015f\u00fcpheli tutuklan\u0131rken, aralar\u0131nda yabanc\u0131 uyruklular\u0131n da bulundu\u011fu 18 kad\u0131n hakk\u0131nda i\u015flem yap\u0131ld\u0131.<\/p>\n<p>Edinilen bilgiye g\u00f6re, Ku\u015fadas\u0131 \u0130l\u00e7e Emniyet M\u00fcd\u00fcrl\u00fc\u011f\u00fc ekipleri il\u00e7ede faaliyet g\u00f6steren baz\u0131 i\u015fletmelerde fuh\u015fa arac\u0131l\u0131k ve yer temin edildi\u011fi y\u00f6n\u00fcnde ald\u0131\u011f\u0131 istihbarat\u0131 de\u011ferlendirdi. Yap\u0131lan \u00e7al\u0131\u015fmalar sonucunda 3 i\u015f yerinde fuh\u015fa arac\u0131l\u0131k ve yer temin edildi\u011fi tespit edildi. Belirlenen adreslere e\u015f zamanl\u0131 operasyon d\u00fczenleyen polis ekipleri 5 \u015f\u00fcpheliyi g\u00f6zalt\u0131na ald\u0131. \u0130\u015f yerlerinde ve ara\u00e7larda yap\u0131lan aramalarda su\u00e7tan elde edildi\u011fi de\u011ferlendirilen 110 bin 770 TL, 5 bin 305 dolar ve bin 300 euro nakit para ile \u00e7ok say\u0131da dijital materyal ele ge\u00e7irildi.<\/p>\n<p>Operasyon kapsam\u0131nda yakalanan 15\u2019i yabanc\u0131, 3\u2019\u00fc T\u00fcrk vatanda\u015f\u0131 toplam 18 kad\u0131n hakk\u0131nda i\u015flem yap\u0131ld\u0131. Yabanc\u0131 uyruklu kad\u0131nlar s\u0131n\u0131r d\u0131\u015f\u0131 edilmek \u00fczere Geri G\u00f6nderme Merkezi\u2019ne teslim edilirken, adliyeye sevk edilen 5 \u015f\u00fcpheli \u00e7\u0131kar\u0131ld\u0131klar\u0131 mahkemece tutuklanarak cezaevine g\u00f6nderildi.<br \/><\/p>\n","protected":false},"excerpt":{"rendered":"<p>Ayd\u0131n\u2019\u0131n Ku\u015fadas\u0131 il\u00e7esinde polis ekiplerince d\u00fczenlenen fuhu\u015f operasyonunda 5 \u015f\u00fcpheli tutuklan\u0131rken, aralar\u0131nda yabanc\u0131 uyruklular\u0131n da bulundu\u011fu 18 kad\u0131n hakk\u0131nda i\u015flem yap\u0131ld\u0131. Edinilen bilgiye g\u00f6re, Ku\u015fadas\u0131 \u0130l\u00e7e Emniyet M\u00fcd\u00fcrl\u00fc\u011f\u00fc ekipleri il\u00e7ede faaliyet g\u00f6steren baz\u0131 i\u015fletmelerde fuh\u015fa arac\u0131l\u0131k ve yer temin edildi\u011fi y\u00f6n\u00fcnde ald\u0131\u011f\u0131 istihbarat\u0131 de\u011ferlendirdi. Yap\u0131lan \u00e7al\u0131\u015fmalar sonucunda 3 i\u015f yerinde fuh\u015fa arac\u0131l\u0131k ve yer temin&#8230;<\/p>\n","protected":false},"author":1,"featured_media":65122,"comment_status":"open","ping_status":"open","sticky":false,"template":"","format":"standard","meta":{"_crdt_document":"","footnotes":""},"categories":[5],"tags":[],"class_list":["post-65121","post","type-post","status-publish","format-standard","has-post-thumbnail","hentry","category-asayis"],"_links":{"self":[{"href":"https:\/\/www.egemtv.com\/index.php?rest_route=\/wp\/v2\/posts\/65121","targetHints":{"allow":["GET"]}}],"collection":[{"href":"https:\/\/www.egemtv.com\/index.php?rest_route=\/wp\/v2\/posts"}],"about":[{"href":"https:\/\/www.egemtv.com\/index.php?rest_route=\/wp\/v2\/types\/post"}],"author":[{"embeddable":true,"href":"https:\/\/www.egemtv.com\/index.php?rest_route=\/wp\/v2\/users\/1"}],"replies":[{"embeddable":true,"href":"https:\/\/www.egemtv.com\/index.php?rest_route=%2Fwp%2Fv2%2Fcomments&post=65121"}],"version-history":[{"count":1,"href":"https:\/\/www.egemtv.com\/index.php?rest_route=\/wp\/v2\/posts\/65121\/revisions"}],"predecessor-version":[{"id":65123,"href":"https:\/\/www.egemtv.com\/index.php?rest_route=\/wp\/v2\/posts\/65121\/revisions\/65123"}],"wp:featuredmedia":[{"embeddable":true,"href":"https:\/\/www.egemtv.com\/index.php?rest_route=\/wp\/v2\/media\/65122"}],"wp:attachment":[{"href":"https:\/\/www.egemtv.com\/index.php?rest_route=%2Fwp%2Fv2%2Fmedia&parent=65121"}],"wp:term":[{"taxonomy":"category","embeddable":true,"href":"https:\/\/www.egemtv.com\/index.php?rest_route=%2Fwp%2Fv2%2Fcategories&post=65121"},{"taxonomy":"post_tag","embeddable":true,"href":"https:\/\/www.egemtv.com\/index.php?rest_route=%2Fwp%2Fv2%2Ftags&post=65121"}],"curies":[{"name":"wp","href":"https:\/\/api.w.org\/{rel}","templated":true}]}}