{"id":65118,"date":"2025-10-31T17:55:32","date_gmt":"2025-10-31T14:55:32","guid":{"rendered":"https:\/\/www.egemtv.com\/?p=65118"},"modified":"2025-10-31T17:55:33","modified_gmt":"2025-10-31T14:55:33","slug":"ak-parti-kadin-kollari-baskani-tugba-isik-ercandan-aydina-yatirim-sozu-projeler-hizla-tamamlanacak","status":"publish","type":"post","link":"https:\/\/www.egemtv.com\/?p=65118","title":{"rendered":"AK Parti Kad\u0131n Kollar\u0131 Ba\u015fkan\u0131 Tu\u011fba \u0131\u015f\u0131k Ercan\u2019dan Ayd\u0131n\u2019a yat\u0131r\u0131m s\u00f6z\u00fc: &#8220;Projeler h\u0131zla tamamlanacak&#8221;"},"content":{"rendered":"<p>Ayd\u0131n\u2019da d\u00fczenlenen Kad\u0131n Te\u015fkilatlar\u0131 Toplant\u0131s\u0131\u2019nda AK Parti Kad\u0131n Kollar\u0131 Genel Ba\u015fkan\u0131 Tu\u011fba I\u015f\u0131k Ercan bakanl\u0131klar\u0131n Ayd\u0131n\u2019a tam destek verdiklerini belirtirken, Ayd\u0131n B\u00fcy\u00fck\u015fehir Belediye Ba\u015fkan\u0131 \u00d6zlem \u00c7er\u00e7io\u011flu ise k\u0131rsalda kad\u0131n ve \u00e7ocuklara y\u00f6nelik yeni sosyal projelerini duyurdu.<\/p>\n<p>AK Parti Kad\u0131n Kollar\u0131 Genel Ba\u015fkan\u0131 ve \u0130stanbul Milletvekili Tu\u011fba I\u015f\u0131k Ercan bir dizi programa kat\u0131lmak \u00fczere geldi\u011fi Ayd\u0131n\u2019da, Ayd\u0131n B\u00fcy\u00fck\u015fehir Belediyesi\u2019nde d\u00fczenlenen Kad\u0131n Te\u015fkilatlar\u0131 ve Kad\u0131n Belediye Ba\u015fkanlar\u0131 Toplant\u0131s\u0131\u2019na kat\u0131ld\u0131. Toplant\u0131n\u0131n a\u00e7\u0131l\u0131\u015f konu\u015fmas\u0131n\u0131 yapan Ayd\u0131n B\u00fcy\u00fck\u015fehir Belediye Ba\u015fkan\u0131 \u00d6zlem \u00c7er\u00e7io\u011flu, kad\u0131n odakl\u0131 projelerin \u00f6nemine dikkat \u00e7ekerek kad\u0131n belediye ba\u015fkanlar\u0131 ve parti y\u00f6neticilerine, &#8220;Bu toplant\u0131da kad\u0131n konulu projelerin temeli at\u0131lacak. Ziyaretlerinizden dolay\u0131 \u00e7ok mutlu olduk. Sizleri burada a\u011f\u0131rlamaktan \u00e7ok mutluyum&#8221; dedi.<\/p>\n<p>&#8220;Bakanlardan Ayd\u0131n projelerine tam destek&#8221;<\/p>\n<p>Daha sonra konu\u015fan AK Parti Kad\u0131n Kollar\u0131 Genel Ba\u015fkan\u0131 Tu\u011fba I\u015f\u0131k Ercan, ziyaretin yaln\u0131zca bir nezaket bulu\u015fmas\u0131 olmad\u0131\u011f\u0131n\u0131 belirterek, &#8220;Bu ziyaretimiz, AK Parti\u2019nin yerel y\u00f6netimlerdeki hizmet anlay\u0131\u015f\u0131n\u0131 ve kad\u0131nlar\u0131n siyasette, \u00fcretimde, sosyal ya\u015famda \u00fcstlendi\u011fi \u00f6nc\u00fc rolleri bir kez daha ortaya koyan bir bulu\u015fmad\u0131r. Yak\u0131n zamanda partimize kat\u0131lan Ayd\u0131n B\u00fcy\u00fck\u015fehir Belediye Ba\u015fkan\u0131m\u0131z \u00d6zlem \u00c7er\u00e7io\u011flu\u2019na \u2019Hay\u0131rl\u0131 olsun\u2019 dileklerimizi bir kez daha iletiyorum. Ayd\u0131n\u2019da g\u00fc\u00e7l\u00fc bir hizmet d\u00f6neminin ba\u015flad\u0131\u011f\u0131n\u0131 biliyoruz&#8221; ifadelerini kulland\u0131. Ba\u015fkan Tu\u011fba I\u015f\u0131k Ercan, Ayd\u0131n\u2019da yap\u0131lacak \u00e7al\u0131\u015fmalar ve planlanan yat\u0131r\u0131mlar hakk\u0131nda bilgi verirken, bakanlar\u0131n Ayd\u0131n\u2019a \u00f6zel destek mesaj\u0131 verdi\u011fini belirterek &#8220;Bizler bakanlar\u0131m\u0131z\u0131n s\u00f6z verdi\u011fi projeleri k\u0131ymetli ba\u015fkanlar\u0131m\u0131zla birlikte yak\u0131ndan takip ediyoruz. Buraya gelmeden \u00f6nce bir\u00e7ok bakan\u0131m\u0131zla g\u00f6r\u00fc\u015ft\u00fcm. Hepsi de Ayd\u0131n\u2019a tam desteklerinin oldu\u011funu ifade ettiler. Projelerin bir an \u00f6nce tamamlanmas\u0131 i\u00e7in gerekli ad\u0131mlar at\u0131l\u0131yor&#8221; diye konu\u015ftu.<\/p>\n<p>&#8220;AK Parti belediyecili\u011fi gayretin ve hizmetin ad\u0131d\u0131r&#8221;<br \/>\n<br \/>Ayd\u0131n\u2019da 2 g\u00fcn s\u00fcrecek program\u0131 kapsam\u0131nda \u00e7e\u015fitli ziyaretler ger\u00e7ekle\u015ftirece\u011fini ifade eden Ercan, &#8220;Otizm Merkezi\u2019ni ziyaret ederek \u00f6zel bireyler i\u00e7in yap\u0131lan \u00e7al\u0131\u015fmalar\u0131 inceleyece\u011fiz. Kad\u0131n eme\u011fini ekonomiye kazand\u0131ran \u00fcretim tesislerinde, incir ve zeytin i\u015fletmelerinde \u00e7al\u0131\u015fan kad\u0131nlar\u0131m\u0131zla bir araya gelece\u011fiz. Ayr\u0131ca te\u015fkilat mensuplar\u0131m\u0131zla dan\u0131\u015fma toplant\u0131lar\u0131nda bulu\u015farak yerelde daha g\u00fc\u00e7l\u00fc dayan\u0131\u015fma a\u011flar\u0131 kuraca\u011f\u0131z&#8221; dedi. Ercan, AK Parti\u2019nin belediyecilik anlay\u0131\u015f\u0131n\u0131n sadece altyap\u0131 de\u011fil, ayn\u0131 zamanda sosyal adalet ve g\u00f6n\u00fcl belediyecili\u011fi temeli \u00fczerine kurulu oldu\u011funu vurgulayarak, &#8220;Kad\u0131n elinin de\u011fdi\u011fi her yerde oldu\u011fu gibi AK Parti belediyecili\u011fi de samimiyetin, gayretin ve hizmetin ad\u0131d\u0131r&#8221; ifadelerini kulland\u0131.<\/p>\n<p>&#8220;Ayd\u0131n\u2019da yeni bir hizmet d\u00f6nemi ba\u015fl\u0131yor&#8221;<br \/>\n<br \/>Programda AK Parti\u2019nin kad\u0131n belediyecilik a\u011f\u0131na da de\u011finen Ercan, kad\u0131n yerel y\u00f6neticilerin tecr\u00fcbe payla\u015f\u0131m\u0131 ve dayan\u0131\u015fma i\u00e7inde olmas\u0131n\u0131 sa\u011flad\u0131klar\u0131n\u0131 belirterek &#8220;Bu a\u011f sayesinde kad\u0131n belediye ba\u015fkanlar\u0131m\u0131z ve meclis \u00fcyelerimiz do\u011frudan genel merkezimizle ve bakanlar\u0131m\u0131zla bulu\u015farak projelerini payla\u015fabiliyor. Ayd\u0131n\u2019da da bu dayan\u0131\u015fman\u0131n en g\u00fczel \u00f6rneklerinden birine \u015fahit oluyoruz. Ba\u015fkan\u0131m\u0131z \u00d6zlem \u00c7er\u00e7io\u011flu, AK Parti ailesine kat\u0131ld\u0131\u011f\u0131 g\u00fcnden bu yana hizmetleri daha da g\u00fc\u00e7lendirerek s\u00fcrd\u00fcr\u00fcyor. Bakanl\u0131klar\u0131m\u0131zla g\u00f6r\u00fc\u015ft\u00fck, Ayd\u0131n\u2019\u0131n ihtiya\u00e7lar\u0131n\u0131 payla\u015ft\u0131k. \u00d6n\u00fcm\u00fczdeki d\u00f6nemde bu \u015fehre kazand\u0131r\u0131lacak pek \u00e7ok yeni yat\u0131r\u0131m yolda. Art\u0131k Ayd\u0131n\u2019da yeni bir d\u00f6nem ba\u015flamaktad\u0131r. Biz her zaman bu \u015fehir i\u00e7in \u00e7al\u0131\u015fan her samimi gayretin arkas\u0131nda olaca\u011f\u0131z. Ayd\u0131n, AK Parti\u2019nin \u015feffaf, adil ve kapsay\u0131c\u0131 belediyecilik anlay\u0131\u015f\u0131n\u0131n \u00f6rneklerinden biri haline gelecek&#8221; s\u00f6zleriyle konu\u015fmas\u0131n\u0131 tamamlad\u0131.<\/p>\n<p>\u00c7er\u00e7io\u011flu: &#8220;Mobil ara\u00e7larla k\u0131rsalda di\u015f taramalar\u0131 yap\u0131lacak&#8221;<br \/>\n<br \/>Toplant\u0131da konu\u015fan Ayd\u0131n B\u00fcy\u00fck\u015fehir Belediye Ba\u015fkan\u0131 \u00d6zlem \u00c7er\u00e7io\u011flu, k\u0131rsal b\u00f6lgelerde \u00f6zellikle kad\u0131n ve \u00e7ocuklara y\u00f6nelik sa\u011fl\u0131k hizmetlerinin geni\u015fletilece\u011fini a\u00e7\u0131klad\u0131. \u00c7er\u00e7io\u011flu, &#8220;Ayd\u0131n k\u0131rsal b\u00f6lgeleri yo\u011fun bir kent. Anketlerimizde di\u015f sa\u011fl\u0131\u011f\u0131 konusunda b\u00fcy\u00fck bir talep var. Bu kapsamda di\u015f hekimlerinin de i\u00e7inde olaca\u011f\u0131 5 mobil ara\u00e7la k\u0131rsalda kad\u0131n ve \u00e7ocuklara \u00f6ncelik verece\u011fiz. Kad\u0131n Kollar\u0131 Genel Ba\u015fkan\u0131m\u0131z Tu\u011fba I\u015f\u0131k Ercan da ihtiya\u00e7 halinde projeye destek verece\u011fini belirtti. Kendilerine \u00e7ok te\u015fekk\u00fcr ediyorum&#8221; dedi.<\/p>\n<p>&#8220;Cumhurba\u015fkan\u0131m\u0131za sosyal projelerimizi anlatt\u0131k&#8221;<br \/>\n<br \/>\u00c7er\u00e7io\u011flu ayr\u0131ca ge\u00e7ti\u011fimiz ay Cumhurba\u015fkan\u0131 Recep Tayyip Erdo\u011fan ile bir araya geldiklerini hat\u0131rlatarak, &#8220;Kad\u0131n Kollar\u0131 Genel Ba\u015fkan\u0131m\u0131z bizleri Say\u0131n Cumhurba\u015fkan\u0131m\u0131zla bulu\u015fturdu. Sosyal projelerimizi do\u011frudan anlatma f\u0131rsat\u0131 bulduk. En k\u0131sa s\u00fcrede bu toplant\u0131y\u0131 tekrar ger\u00e7ekle\u015ftirece\u011fiz. Kad\u0131n belediye ba\u015fkanlar\u0131 olarak b\u00f6lgelerimizdeki sorunlar\u0131 birinci a\u011f\u0131zdan aktarma imkan\u0131 bulaca\u011f\u0131z. Bunlar\u0131n hepsi Tu\u011fba I\u015f\u0131k Ercan ba\u015fkan\u0131m\u0131z\u0131n sayesinde oluyor&#8221; diyerek desteklerinden dolay\u0131 kendisine te\u015fekk\u00fcr etti.<\/p>\n<p>Konu\u015fmalar\u0131n ard\u0131ndan toplant\u0131 bas\u0131na kapal\u0131 olarak devam etti.<br \/><\/p>\n","protected":false},"excerpt":{"rendered":"<p>Ayd\u0131n\u2019da d\u00fczenlenen Kad\u0131n Te\u015fkilatlar\u0131 Toplant\u0131s\u0131\u2019nda AK Parti Kad\u0131n Kollar\u0131 Genel Ba\u015fkan\u0131 Tu\u011fba I\u015f\u0131k Ercan bakanl\u0131klar\u0131n Ayd\u0131n\u2019a tam destek verdiklerini belirtirken, Ayd\u0131n B\u00fcy\u00fck\u015fehir Belediye Ba\u015fkan\u0131 \u00d6zlem \u00c7er\u00e7io\u011flu ise k\u0131rsalda kad\u0131n ve \u00e7ocuklara y\u00f6nelik yeni sosyal projelerini duyurdu. AK Parti Kad\u0131n Kollar\u0131 Genel Ba\u015fkan\u0131 ve \u0130stanbul Milletvekili Tu\u011fba I\u015f\u0131k Ercan bir dizi programa kat\u0131lmak \u00fczere geldi\u011fi Ayd\u0131n\u2019da,&#8230;<\/p>\n","protected":false},"author":1,"featured_media":65119,"comment_status":"open","ping_status":"open","sticky":false,"template":"","format":"standard","meta":{"_crdt_document":"","footnotes":""},"categories":[1],"tags":[],"class_list":["post-65118","post","type-post","status-publish","format-standard","has-post-thumbnail","hentry","category-guncel"],"_links":{"self":[{"href":"https:\/\/www.egemtv.com\/index.php?rest_route=\/wp\/v2\/posts\/65118","targetHints":{"allow":["GET"]}}],"collection":[{"href":"https:\/\/www.egemtv.com\/index.php?rest_route=\/wp\/v2\/posts"}],"about":[{"href":"https:\/\/www.egemtv.com\/index.php?rest_route=\/wp\/v2\/types\/post"}],"author":[{"embeddable":true,"href":"https:\/\/www.egemtv.com\/index.php?rest_route=\/wp\/v2\/users\/1"}],"replies":[{"embeddable":true,"href":"https:\/\/www.egemtv.com\/index.php?rest_route=%2Fwp%2Fv2%2Fcomments&post=65118"}],"version-history":[{"count":1,"href":"https:\/\/www.egemtv.com\/index.php?rest_route=\/wp\/v2\/posts\/65118\/revisions"}],"predecessor-version":[{"id":65120,"href":"https:\/\/www.egemtv.com\/index.php?rest_route=\/wp\/v2\/posts\/65118\/revisions\/65120"}],"wp:featuredmedia":[{"embeddable":true,"href":"https:\/\/www.egemtv.com\/index.php?rest_route=\/wp\/v2\/media\/65119"}],"wp:attachment":[{"href":"https:\/\/www.egemtv.com\/index.php?rest_route=%2Fwp%2Fv2%2Fmedia&parent=65118"}],"wp:term":[{"taxonomy":"category","embeddable":true,"href":"https:\/\/www.egemtv.com\/index.php?rest_route=%2Fwp%2Fv2%2Fcategories&post=65118"},{"taxonomy":"post_tag","embeddable":true,"href":"https:\/\/www.egemtv.com\/index.php?rest_route=%2Fwp%2Fv2%2Ftags&post=65118"}],"curies":[{"name":"wp","href":"https:\/\/api.w.org\/{rel}","templated":true}]}}