{"id":65115,"date":"2025-10-31T17:34:54","date_gmt":"2025-10-31T14:34:54","guid":{"rendered":"https:\/\/www.egemtv.com\/?p=65115"},"modified":"2025-10-31T17:34:55","modified_gmt":"2025-10-31T14:34:55","slug":"marmaris-kapali-carsi-esnafi-kapali-carsinin-ustunun-acilmamasi-icin-eylem-yapti","status":"publish","type":"post","link":"https:\/\/www.egemtv.com\/?p=65115","title":{"rendered":"Marmaris kapal\u0131 \u00e7ar\u015f\u0131 esnaf\u0131, kapal\u0131 \u00e7ar\u015f\u0131n\u0131n \u00fcst\u00fcn\u00fcn a\u00e7\u0131lmamas\u0131 i\u00e7in eylem yapt\u0131"},"content":{"rendered":"<p>Mu\u011fla\u2019n\u0131n Marmaris il\u00e7esinin simgelerinden biri olan kapal\u0131 \u00e7ar\u015f\u0131n\u0131n esnaflar\u0131 Marmaris Belediyesi\u2019nin \u00e7ar\u015f\u0131 \u00fczerindeki korunakl\u0131 \u00fcst yap\u0131lar\u0131n kald\u0131r\u0131lmas\u0131 projesine tepki g\u00f6stermek i\u00e7in Atat\u00fcrk Meydan\u0131\u2019nda bas\u0131n a\u00e7\u0131klamas\u0131 yapt\u0131. Esnaf, karar\u0131n kendilerine sorulmadan al\u0131nmas\u0131na tepki g\u00f6stererek projenin durdurulmas\u0131n\u0131 istedi.<br \/>\n<br \/>&#8220;\u00dcst yap\u0131n\u0131n kald\u0131r\u0131lmas\u0131n\u0131 istemiyoruz&#8221;<br \/>\n<br \/>Atat\u00fcrk Meydan\u2019\u0131na gelen  kapal\u0131 \u00e7ar\u015f\u0131 esnaflar\u0131 aras\u0131ndan se\u00e7ilen bir temsilci, haz\u0131rlanan ortak a\u00e7\u0131klamay\u0131 okudu. Esnaf, i\u015fletmelerin \u00fczerini kapatan korunakl\u0131 yap\u0131lar\u0131n kald\u0131r\u0131lmas\u0131n\u0131n hem kendileri hem de b\u00f6lge turizmi i\u00e7in olumsuz sonu\u00e7lar do\u011furaca\u011f\u0131n\u0131 belirtti.<br \/>\n<br \/>&#8220;Tadilat yap\u0131ls\u0131n, zemin yenilensin&#8221;<br \/>\n<br \/>A\u00e7\u0131klamada, \u00fcst yap\u0131lar\u0131n kald\u0131r\u0131lmas\u0131 yerine ta\u015f zeminlerin yenilenmesi, mevcut \u00fcst yap\u0131lar\u0131n tadilat edilerek yeniden boyanmas\u0131 talep edildi. Esnaf, bu \u00e7al\u0131\u015fmalar i\u00e7in maddi ve manevi destek vermeye haz\u0131r olduklar\u0131n\u0131 vurgulad\u0131.<br \/>\n<br \/>&#8220;Turistler de \u00e7ar\u015f\u0131 esnaf\u0131na destek verdi&#8221;<br \/>\n<br \/>Esnaflar, Marmaris\u2019e gelen yerli ve yabanc\u0131 turistlerin de \u00fcst yap\u0131lar\u0131n kald\u0131r\u0131lmas\u0131na kar\u015f\u0131 oldu\u011funu, imza kampanyas\u0131yla bunun net \u015fekilde ortaya \u00e7\u0131kt\u0131\u011f\u0131n\u0131 ifade etti.<br \/>\n<br \/>&#8220;Karar bize dan\u0131\u015f\u0131lmadan al\u0131nd\u0131&#8221;<br \/>\n<br \/>Esnaf, Marmaris Belediyesi taraf\u0131ndan planlanan d\u00fczenlemenin kendilerine dan\u0131\u015f\u0131lmadan duyurulmas\u0131na tepki g\u00f6sterdi. Projenin, \u00e7ar\u015f\u0131 esnaf\u0131n\u0131n, Marmaris sakinlerinin ve turistlerin beklentilerini kar\u015f\u0131lamad\u0131\u011f\u0131n\u0131 savundu.<br \/>\n<br \/>Bu karar\u0131n Marmaris\u2019in sosyal ve ekonomik yap\u0131s\u0131n\u0131 olumsuz etkileyece\u011fini ileri s\u00fcren \u00e7ar\u015f\u0131 esnaf\u0131 &#8220;Mevcut \u00fcst yap\u0131lar\u0131n korunmas\u0131 ve yenilenmesi Marmaris turizminin ihtiyac\u0131. Yap\u0131lar\u0131n tamamen kald\u0131r\u0131lmas\u0131n\u0131n ise \u015fehrin sosyal, k\u00fclt\u00fcrel ve ekonomik yap\u0131s\u0131n\u0131 olumsuz etkiler. Bu nedenle Marmaris Belediyesi\u2019nin bu karar\u0131ndan vazge\u00e7mesini bekliyoruz&#8221; dediler.<br \/><\/p>\n","protected":false},"excerpt":{"rendered":"<p>Mu\u011fla\u2019n\u0131n Marmaris il\u00e7esinin simgelerinden biri olan kapal\u0131 \u00e7ar\u015f\u0131n\u0131n esnaflar\u0131 Marmaris Belediyesi\u2019nin \u00e7ar\u015f\u0131 \u00fczerindeki korunakl\u0131 \u00fcst yap\u0131lar\u0131n kald\u0131r\u0131lmas\u0131 projesine tepki g\u00f6stermek i\u00e7in Atat\u00fcrk Meydan\u0131\u2019nda bas\u0131n a\u00e7\u0131klamas\u0131 yapt\u0131. Esnaf, karar\u0131n kendilerine sorulmadan al\u0131nmas\u0131na tepki g\u00f6stererek projenin durdurulmas\u0131n\u0131 istedi. &#8220;\u00dcst yap\u0131n\u0131n kald\u0131r\u0131lmas\u0131n\u0131 istemiyoruz&#8221; Atat\u00fcrk Meydan\u2019\u0131na gelen kapal\u0131 \u00e7ar\u015f\u0131 esnaflar\u0131 aras\u0131ndan se\u00e7ilen bir temsilci, haz\u0131rlanan ortak a\u00e7\u0131klamay\u0131 okudu. Esnaf,&#8230;<\/p>\n","protected":false},"author":1,"featured_media":65116,"comment_status":"open","ping_status":"open","sticky":false,"template":"","format":"standard","meta":{"_crdt_document":"","footnotes":""},"categories":[1],"tags":[],"class_list":["post-65115","post","type-post","status-publish","format-standard","has-post-thumbnail","hentry","category-guncel"],"_links":{"self":[{"href":"https:\/\/www.egemtv.com\/index.php?rest_route=\/wp\/v2\/posts\/65115","targetHints":{"allow":["GET"]}}],"collection":[{"href":"https:\/\/www.egemtv.com\/index.php?rest_route=\/wp\/v2\/posts"}],"about":[{"href":"https:\/\/www.egemtv.com\/index.php?rest_route=\/wp\/v2\/types\/post"}],"author":[{"embeddable":true,"href":"https:\/\/www.egemtv.com\/index.php?rest_route=\/wp\/v2\/users\/1"}],"replies":[{"embeddable":true,"href":"https:\/\/www.egemtv.com\/index.php?rest_route=%2Fwp%2Fv2%2Fcomments&post=65115"}],"version-history":[{"count":1,"href":"https:\/\/www.egemtv.com\/index.php?rest_route=\/wp\/v2\/posts\/65115\/revisions"}],"predecessor-version":[{"id":65117,"href":"https:\/\/www.egemtv.com\/index.php?rest_route=\/wp\/v2\/posts\/65115\/revisions\/65117"}],"wp:featuredmedia":[{"embeddable":true,"href":"https:\/\/www.egemtv.com\/index.php?rest_route=\/wp\/v2\/media\/65116"}],"wp:attachment":[{"href":"https:\/\/www.egemtv.com\/index.php?rest_route=%2Fwp%2Fv2%2Fmedia&parent=65115"}],"wp:term":[{"taxonomy":"category","embeddable":true,"href":"https:\/\/www.egemtv.com\/index.php?rest_route=%2Fwp%2Fv2%2Fcategories&post=65115"},{"taxonomy":"post_tag","embeddable":true,"href":"https:\/\/www.egemtv.com\/index.php?rest_route=%2Fwp%2Fv2%2Ftags&post=65115"}],"curies":[{"name":"wp","href":"https:\/\/api.w.org\/{rel}","templated":true}]}}