{"id":65112,"date":"2025-10-31T17:34:53","date_gmt":"2025-10-31T14:34:53","guid":{"rendered":"https:\/\/www.egemtv.com\/?p=65112"},"modified":"2025-10-31T17:34:54","modified_gmt":"2025-10-31T14:34:54","slug":"nazillide-13-mahalle-karantinaya-alindi","status":"publish","type":"post","link":"https:\/\/www.egemtv.com\/?p=65112","title":{"rendered":"Nazilli\u2019de 13 mahalle karantinaya al\u0131nd\u0131"},"content":{"rendered":"<p>Ayd\u0131n\u2019\u0131n Nazilli il\u00e7esi \u0130sabeyli Mahallesi\u2019nde tespit edilen \u015fap hastal\u0131\u011f\u0131 sebebiyle 13 mahalle karantinaya al\u0131nd\u0131 ve hayvan giri\u015f \u00e7\u0131k\u0131\u015flar\u0131 yasakland\u0131.<br \/>\n<br \/>Nazilli il\u00e7esine ba\u011fl\u0131 \u0130sabeyli Mahallesi\u2019nde \u00e7\u0131kan \u015fap hastal\u0131\u011f\u0131 nedeniyle 13 mahalle karantinaya al\u0131nd\u0131. Nazilli \u0130l\u00e7e Tar\u0131m ve Orman M\u00fcd\u00fcrl\u00fc\u011f\u00fc taraf\u0131ndan al\u0131nan karar ile \u0130sabeyli ve Ocakl\u0131 mahalleleri koruma b\u00f6lgesi, Bozyurt, \u00c7obanlar, Derea\u011fz\u0131, Dall\u0131ca, Eycelli, Hask\u00f6y, Kavac\u0131k, Arslanl\u0131, merkez mahalleler, Samailli, Yaylap\u0131nar mahalleleri de g\u00f6zetim b\u00f6lgesi olarak karantinaya al\u0131n\u0131rken, hayvan giri\u015f \u00e7\u0131k\u0131\u015flar\u0131 yasakland\u0131.<br \/>\n<br \/>Konu ile ilgili Nazilli \u0130l\u00e7e Tar\u0131m ve Orman M\u00fcd\u00fcrl\u00fc\u011f\u00fc\u2019nden yap\u0131lan a\u00e7\u0131klamada &#8220;\u0130l\u00e7emiz \u0130sabeyli Mahallesi\u2019nde \u00e7\u0131kan \u015fap hastal\u0131\u011f\u0131 sebebiyle isimleri a\u00e7\u0131klanan mahallelerimiz karantina alt\u0131na al\u0131nm\u0131\u015ft\u0131r. Bu mahallelerimize s\u0131\u011f\u0131r, manda, koyun ve ke\u00e7i t\u00fcr\u00fc hayvanlar\u0131m\u0131z\u0131n giri\u015f ve \u00e7\u0131k\u0131\u015flar\u0131 yasaklanm\u0131\u015ft\u0131r. Ayr\u0131ca koruma b\u00f6lgesi i\u00e7erisinde kalan \u0130sabeyli ve Ocakl\u0131 mahallelerimizde, hastal\u0131k sonlan\u0131ncaya kadar suni tohumlama faaliyetleri yasaklanm\u0131\u015ft\u0131r. Bu yasa\u011fa uymayanlar hakk\u0131nda 5996 say\u0131l\u0131 kanun gere\u011fince yasal i\u015flem yap\u0131lacakt\u0131r&#8221; ifadeleri yer ald\u0131.<br \/><\/p>\n","protected":false},"excerpt":{"rendered":"<p>Ayd\u0131n\u2019\u0131n Nazilli il\u00e7esi \u0130sabeyli Mahallesi\u2019nde tespit edilen \u015fap hastal\u0131\u011f\u0131 sebebiyle 13 mahalle karantinaya al\u0131nd\u0131 ve hayvan giri\u015f \u00e7\u0131k\u0131\u015flar\u0131 yasakland\u0131. Nazilli il\u00e7esine ba\u011fl\u0131 \u0130sabeyli Mahallesi\u2019nde \u00e7\u0131kan \u015fap hastal\u0131\u011f\u0131 nedeniyle 13 mahalle karantinaya al\u0131nd\u0131. Nazilli \u0130l\u00e7e Tar\u0131m ve Orman M\u00fcd\u00fcrl\u00fc\u011f\u00fc taraf\u0131ndan al\u0131nan karar ile \u0130sabeyli ve Ocakl\u0131 mahalleleri koruma b\u00f6lgesi, Bozyurt, \u00c7obanlar, Derea\u011fz\u0131, Dall\u0131ca, Eycelli, Hask\u00f6y, Kavac\u0131k,&#8230;<\/p>\n","protected":false},"author":1,"featured_media":65113,"comment_status":"open","ping_status":"open","sticky":false,"template":"","format":"standard","meta":{"_crdt_document":"","footnotes":""},"categories":[1],"tags":[],"class_list":["post-65112","post","type-post","status-publish","format-standard","has-post-thumbnail","hentry","category-guncel"],"_links":{"self":[{"href":"https:\/\/www.egemtv.com\/index.php?rest_route=\/wp\/v2\/posts\/65112","targetHints":{"allow":["GET"]}}],"collection":[{"href":"https:\/\/www.egemtv.com\/index.php?rest_route=\/wp\/v2\/posts"}],"about":[{"href":"https:\/\/www.egemtv.com\/index.php?rest_route=\/wp\/v2\/types\/post"}],"author":[{"embeddable":true,"href":"https:\/\/www.egemtv.com\/index.php?rest_route=\/wp\/v2\/users\/1"}],"replies":[{"embeddable":true,"href":"https:\/\/www.egemtv.com\/index.php?rest_route=%2Fwp%2Fv2%2Fcomments&post=65112"}],"version-history":[{"count":1,"href":"https:\/\/www.egemtv.com\/index.php?rest_route=\/wp\/v2\/posts\/65112\/revisions"}],"predecessor-version":[{"id":65114,"href":"https:\/\/www.egemtv.com\/index.php?rest_route=\/wp\/v2\/posts\/65112\/revisions\/65114"}],"wp:featuredmedia":[{"embeddable":true,"href":"https:\/\/www.egemtv.com\/index.php?rest_route=\/wp\/v2\/media\/65113"}],"wp:attachment":[{"href":"https:\/\/www.egemtv.com\/index.php?rest_route=%2Fwp%2Fv2%2Fmedia&parent=65112"}],"wp:term":[{"taxonomy":"category","embeddable":true,"href":"https:\/\/www.egemtv.com\/index.php?rest_route=%2Fwp%2Fv2%2Fcategories&post=65112"},{"taxonomy":"post_tag","embeddable":true,"href":"https:\/\/www.egemtv.com\/index.php?rest_route=%2Fwp%2Fv2%2Ftags&post=65112"}],"curies":[{"name":"wp","href":"https:\/\/api.w.org\/{rel}","templated":true}]}}