{"id":65109,"date":"2025-10-31T17:15:45","date_gmt":"2025-10-31T14:15:45","guid":{"rendered":"https:\/\/www.egemtv.com\/?p=65109"},"modified":"2025-10-31T17:15:45","modified_gmt":"2025-10-31T14:15:45","slug":"kemalpasa-adalet-sarayi-acilisini-yapan-bakan-tunc-turkiye-genelinde-388-adliye-sarayi-var","status":"publish","type":"post","link":"https:\/\/www.egemtv.com\/?p=65109","title":{"rendered":"Kemalpa\u015fa Adalet Saray\u0131 a\u00e7\u0131l\u0131\u015f\u0131n\u0131 yapan Bakan Tun\u00e7: &#8220;T\u00fcrkiye genelinde 388 adliye saray\u0131 var&#8221;"},"content":{"rendered":"<p>Adalet Bakan\u0131 Y\u0131lmaz Tun\u00e7, \u0130zmir\u2019de Kemalpa\u015fa Adalet Saray\u0131 a\u00e7\u0131l\u0131\u015f ve Alia\u011fa Adalet Saray\u0131 temel atma t\u00f6reninde yapt\u0131\u011f\u0131 konu\u015fmada, &#8220;T\u00fcrkiye genelinde sadece 78 adliye saray\u0131 vard\u0131; \u015fimdi 388 oldu. Yat\u0131r\u0131m program\u0131m\u0131zda 68 adliye binam\u0131z var; 31\u2019i in\u015faat a\u015famas\u0131nda&#8221; dedi.<br \/>\n<br \/>Adalet Bakan\u0131 Y\u0131lmaz Tun\u00e7, \u0130zmir program\u0131 kapsam\u0131nda Kemalpa\u015fa Adalet Saray\u0131 a\u00e7\u0131l\u0131\u015f ve Alia\u011fa Adalet Saray\u0131 temel atma t\u00f6renine kat\u0131ld\u0131. Kemalpa\u015fa\u2019da d\u00fczenlenen t\u00f6rene Bakan Tun\u00e7\u2019un yan\u0131 s\u0131ra AK Parti Genel Sekreteri ve \u0130zmir Milletvekili Eyy\u00fcp Kadir \u0130nan, AK Parti \u0130zmir Milletvekilleri Mahmut Atilla Kaya, Ya\u015far K\u0131rkp\u0131nar AK Parti MKYK \u00dcyesi Hamza Da\u011f, MHP \u0130zmir Milletvekili Tamer Osmana\u011fao\u011flu, \u0130zmir Cumhuriyet Ba\u015fsavc\u0131s\u0131 Ali Yeldan ile protokol ve partililer kat\u0131ld\u0131. T\u00f6rende a\u00e7\u0131klamalarda bulunan Bakan Tun\u00e7, &#8220;Bug\u00fcn sizlerle beraber Kemalpa\u015fa Adalet binam\u0131z\u0131n a\u00e7\u0131l\u0131\u015f\u0131n\u0131, in\u015fallah ger\u00e7ekle\u015ftirece\u011fiz. \u0130zmir\u2019e farkl\u0131 vesilelerle defalarca geldik; bakanl\u0131\u011f\u0131m s\u00fcresi i\u00e7erisinde. \u0130zmir, Ege\u2019nin incisi. \u0130zmir, yakla\u015f\u0131k 30 civar\u0131nda il\u00e7esi olan ve T\u00fcrkiye\u2019nin \u00fc\u00e7\u00fcnc\u00fc b\u00fcy\u00fck \u015fehri; \u00f6nemli bir \u015fehir. Ege\u2019nin incisi; her bir yan\u0131 tarih kokan, medeniyetlere be\u015fiklik yapan, \u00fclkemizin en de\u011ferli nadide k\u00f6\u015felerinden bir yer. O nedenle \u0130zmir\u2019e ne yapsak azd\u0131r. Yapmaya \u00e7al\u0131\u015f\u0131yoruz. 23 y\u0131ll\u0131k iktidar\u0131m\u0131zda Cumhurba\u015fkan\u0131m\u0131z Say\u0131n Recep Tayyip Erdo\u011fan, \u0130zmir\u2019e \u00e7ok b\u00fcy\u00fck de\u011fer verdi. Milletvekillerimizle beraber, genel ba\u015fkan yard\u0131mc\u0131lar\u0131m\u0131zla beraber \u015fu anda da hala devam ediyoruz. Yollar\u0131yla, otobanlar\u0131yla, limanlar\u0131yla, \u015fehir hastaneleriyle, adliye binalar\u0131yla her \u015feyiyle, altyap\u0131s\u0131yla, \u00fcst yap\u0131s\u0131yla \u0130zmir\u2019e \u00f6nem vermeye devam ediyoruz&#8221; \u0130fadelerini kulland\u0131.<\/p>\n<p>&#8220;E\u011fer adaletten ayr\u0131lsayd\u0131k T\u00fcrkiye Cumhuriyeti tarihinin en uzun s\u00fcreli iktidar\u0131 ya\u015fanamazd\u0131&#8221;<br \/>\n<br \/>Adaletin m\u00fclk\u00fcn temeli oldu\u011funu aktaran Bakan Tun\u00e7, &#8220;Adalet, devletin varl\u0131k sebebidir. Adalet deyince sadece mahkemeler anla\u015f\u0131lmaz. Sadece yarg\u0131 te\u015fkilat\u0131 de\u011fil; adalet her i\u015fimizde olmal\u0131d\u0131r. E\u011fitimde adalet, i\u015f hayat\u0131nda adalet, ayr\u0131mc\u0131l\u0131\u011f\u0131n yap\u0131lmamas\u0131, herkese e\u015fit davran\u0131lmas\u0131, herkese hakk\u0131n\u0131n verilmesi. Dolay\u0131s\u0131yla her i\u015fimizde adaletin taraf\u0131nda olmam\u0131z gerekir. Adaletten ayr\u0131lmad\u0131\u011f\u0131m\u0131z m\u00fcddet\u00e7e bu millet bizim yolumuzu a\u00e7ar. 23 y\u0131ldan bu yana da hep bunu yapt\u0131. E\u011fer adaletten ayr\u0131lsayd\u0131k, milletin isteklerini, milletin taleplerini yerine getirmeseydik, onlar\u0131n taleplerine duyarl\u0131 olmasayd\u0131k, T\u00fcrkiye Cumhuriyeti tarihinin en uzun s\u00fcreli iktidar\u0131 ya\u015fanamazd\u0131. Say\u0131n Cumhurba\u015fkan\u0131m\u0131z\u0131n liderli\u011finde 100 y\u0131ll\u0131k cumhuriyetimizin ikinci y\u00fczy\u0131l\u0131na ba\u015flad\u0131k ve in\u015fallah art\u0131k T\u00fcrkiye y\u00fczy\u0131l\u0131n\u0131n in\u015fa s\u00fcreci ba\u015flad\u0131. \u00d6nceki g\u00fcn Cumhuriyet Bayram\u0131m\u0131z\u0131 kutlad\u0131k; gururla kutlad\u0131k. Ba\u015fta Cumhuriyetimizin kurucusu Gazi Mustafa Kemal Atat\u00fcrk, silah arkada\u015flar\u0131 ve bu topraklar\u0131 bizlere vatan yapan ecdad\u0131m\u0131z\u0131, \u015fehitlerimizi, gazilerimizi rahmetle, minnetle yad ediyoruz&#8221; dedi.<\/p>\n<p>&#8220;T\u00fcrkiye bug\u00fcn her zamankinden daha y\u00fcksek standartl\u0131 bir demokrasiye sahiptir&#8221;<br \/>\n<br \/>Adalet Bakan\u0131 Y\u0131lmaz Tun\u00e7 adaletin beton y\u0131\u011f\u0131n\u0131ndan ibaret olmad\u0131\u011f\u0131n\u0131 aktararak, &#8220;Onun i\u00e7inde uygulanacak mevzuat\u0131n, kanunlar\u0131n hukuka uygun olmas\u0131 gerekir. O kanunlar\u0131n toplumun ihtiyac\u0131na cevap vermesi gerekir. Anayasam\u0131zda gerekti\u011finde s\u0131k\u0131y\u00f6netim ilan edilebilir diye madde vard\u0131; siz bunu kald\u0131rd\u0131n\u0131z. Darbeciler yarg\u0131lanamaz diye madde vard\u0131; onu kald\u0131rd\u0131n\u0131z. T\u00fcrkiye\u2019nin y\u00fcksek standartl\u0131 bir demokrasiye kavu\u015fmas\u0131 i\u00e7in 10 y\u0131lda bir darbelerle, 10 y\u0131lda bir muht\u0131ralarla, 10 y\u0131lda bir milli iradeye kasteden davran\u0131\u015flarla kar\u015f\u0131 kar\u015f\u0131ya kal\u0131nmamas\u0131 i\u00e7in sizler bu yap\u0131sal reformlara \u2018Evet\u2019 dediniz. T\u00fcrkiye bug\u00fcn her zamankinden daha y\u00fcksek standartl\u0131 bir demokrasiye sahiptir. Cumhuriyetimizin 102. y\u0131l d\u00f6n\u00fcm\u00fcn\u00fc idrak etti\u011fimiz \u015fu g\u00fcnlerde, cumhuriyetin demokrasiyle ta\u00e7land\u0131\u011f\u0131 g\u00fcnlere milletimiz sayesinde ula\u015fm\u0131\u015f bulunuyoruz&#8221; diye konu\u015ftu.<\/p>\n<p>&#8220;T\u00fcrkiye genelinde sadece 388 adliye saray\u0131 var&#8221;<br \/>\n<br \/>Daha \u00f6nce yakla\u015f\u0131k 9 bin civar\u0131nda hakim ve savc\u0131n\u0131n oldu\u011funu belirten Bakan Tun\u00e7, &#8220;Bug\u00fcn 25 bin hakim ve savc\u0131m\u0131z var. Bunlar\u0131n hepsini bir araya getirdi\u011fimizde, \u00f6zellikle \u00fc\u00e7 dereceli yarg\u0131 sistemi, istinafa ge\u00e7memizle beraber istinaftaki dosya y\u0131\u011f\u0131lmas\u0131n\u0131 \u00f6nlemeye y\u00f6nelik birinci s\u0131n\u0131f hakimlerimizin say\u0131s\u0131 artt\u0131k\u00e7a orada da dairelerimizin say\u0131s\u0131n\u0131 art\u0131rarak son iki y\u0131lda 139 yeni dairenin kurulmas\u0131n\u0131 sa\u011flad\u0131k. \u0130stinaftaki o yo\u011funla\u015fmay\u0131 bir an \u00f6nce \u00e7\u00f6zmek ve vatanda\u015flar\u0131m\u0131z\u0131n haklar\u0131na daha \u00e7abuk kavu\u015fabilmeleri i\u00e7in \u00e7al\u0131\u015fmalar\u0131m\u0131z\u0131 s\u00fcrd\u00fcr\u00fcyoruz. T\u00fcrkiye genelinde sadece 78 adliye saray\u0131 vard\u0131; \u015fu anda 387, \u015fimdi 388 oldu. Yat\u0131r\u0131m program\u0131m\u0131zda 68 adliye binam\u0131z var; 31\u2019i in\u015faat a\u015famas\u0131nda. \u0130zmir Alia\u011fa g\u00f6r\u00fcnt\u00fclerini g\u00f6rm\u00fc\u015ft\u00fcn\u00fcz. Bug\u00fcn a\u00e7\u0131l\u0131\u015fla beraber onun temel atmas\u0131n\u0131 da buradan uzaktan ger\u00e7ekle\u015ftirmi\u015f olaca\u011f\u0131z. \u0130n\u015fallah k\u0131sa s\u00fcre i\u00e7erisinde Alia\u011fa Adalet binam\u0131z\u0131n da temel atma t\u00f6reninde sizlerle bir arada oluruz. Bergama, \u00c7e\u015fme, Kar\u015f\u0131yaka, K\u0131n\u0131k, Kiraz, Menderes, Sel\u00e7uk il\u00e7elerimizin de adalet binas\u0131 ihtiyac\u0131 oldu\u011funu biliyoruz. Daha kaliteli mekanlara ihtiya\u00e7 var diyoruz. Bu il\u00e7elerimizde de in\u015fallah 2026 yat\u0131r\u0131m program\u0131na \u00f6nce et\u00fct proje, sonras\u0131nda yap\u0131m a\u015famas\u0131na kadar s\u00fcre\u00e7leri takip ederek bu il\u00e7elerimizin de adalet binalar\u0131 ihtiyac\u0131n\u0131 kar\u015f\u0131lamak i\u00e7in \u00e7al\u0131\u015fmalar\u0131m\u0131z\u0131 s\u00fcrd\u00fcrece\u011fiz&#8221; dedi.<\/p>\n<p>&#8220;Alia\u011fa Adalet binam\u0131z 18 bin metrekare kapal\u0131 alana sahip olacak&#8221;<br \/>\n<br \/>Kemalpa\u015fa il\u00e7esi i\u00e7in adalet binas\u0131n\u0131n hay\u0131rl\u0131 ve u\u011furlu olmas\u0131 temennisinde bulan Bakan Tun\u00e7, &#8220;A\u00e7\u0131l\u0131\u015f ve temel atma t\u00f6renini ger\u00e7ekle\u015ftirece\u011fiz. Alia\u011fa Adalet binam\u0131z da tabii biraz daha geni\u015f kapsaml\u0131. 18 bin metrekare kapal\u0131 alana sahip olacak. Bunun iki kat\u0131ndan biraz daha fazla. Oradaki n\u00fcfusa, ihtiyaca g\u00f6re projelendirildi ve in\u015fallah Alia\u011fa Adalet binam\u0131z\u0131n in\u015faat\u0131 \u015fu anda devam ediyor. Biz, sembolik olarak buradan g\u00f6r\u00fcnt\u00fcl\u00fc bir \u015fekilde temel atma t\u00f6renine katk\u0131 vermi\u015f olaca\u011f\u0131z. Tekrar ben bu yat\u0131r\u0131mlar\u0131n buralara gelmesini sa\u011flayan, ba\u015fta Say\u0131n Cumhurba\u015fkan\u0131m\u0131za \u00e7ok te\u015fekk\u00fcr ediyorum. \u0130n\u015fallah T\u00fcrkiye y\u00fczy\u0131l\u0131n\u0131n temelleri at\u0131ld\u0131; \u015fimdi in\u015fa s\u00fcreci devam ediyor. Cumhuriyetimizin ikinci y\u00fczy\u0131l\u0131 yine adaletle, kalk\u0131nmayla ve b\u00fcy\u00fck bir yat\u0131r\u0131m hamlesiyle devam edecek, in\u015fallah. \u00c7ocuklar\u0131m\u0131za, gen\u00e7lerimize, gelece\u011fimize ter\u00f6rs\u00fcz bir T\u00fcrkiye in\u015fallah arma\u011fan edece\u011fiz. 41 y\u0131ldan bu yana m\u00fccadele etti\u011fimiz ter\u00f6r belas\u0131ndan kurtulman\u0131n e\u015fi\u011findeyiz. 41 y\u0131lda \u00e7ok b\u00fcy\u00fck ac\u0131lar \u00e7ektik; b\u00fcy\u00fck kay\u0131plar\u0131m\u0131z oldu. Trilyonlarca ekonomik kayb\u0131m\u0131z oldu. Ter\u00f6r olmasayd\u0131, bu fitne olmasayd\u0131 bug\u00fcn o trilyonlarca ekonomik de\u011fer milletimize yans\u0131yacakt\u0131. Milletimizin refah\u0131 bug\u00fcn \u00e7ok daha y\u00fckseklerde olacakt\u0131. Bug\u00fcn d\u00fcnya projesi dedi\u011fimiz havalimanlar\u0131, t\u00fcneller, metrolar, denizin alt\u0131ndan t\u00fcpler, n\u00fckleer santraller bunlar belki \u00e7ok daha uzun y\u0131llar \u00f6nce ger\u00e7ekle\u015fmi\u015f olacakt\u0131. Ama maalesef ter\u00f6r hem ekonomik zarar verdi hem de en \u00f6nemlisi b\u00fcy\u00fck ac\u0131lar \u00e7ektirdi; binlerce \u015fehit vermemize neden oldu&#8221; ifadelerini kulland\u0131.<\/p>\n<p>&#8220;Ter\u00f6rs\u00fcz bir T\u00fcrkiye\u2019ye kavu\u015ftu\u011funda T\u00fcrkiye\u2019nin geli\u015fmesi h\u0131zlanacak&#8221;<br \/>\n<br \/>Birlik ve beraberlik i\u00e7erisinde i\u00e7 cephenin g\u00fc\u00e7lendirerek, etnik k\u00f6keni ne olursa olsun karde\u015f\u00e7e T\u00fcrkiye y\u00fczy\u0131l\u0131n\u0131 hep beraber in\u015fa edilmesi gerekti\u011fini vurgulayan Bakan Tun\u00e7, s\u00f6zlerini \u015f\u00f6yle noktalad\u0131:<br \/>\n<br \/>&#8220;Bunu yaparsak, g\u00fc\u00e7l\u00fc olursak T\u00fcrkiye\u2019ye hi\u00e7 kimse kem g\u00f6zle bakamaz. T\u00fcrkiye \u00fczerinde \u015fer planlar\u0131n\u0131 hi\u00e7 kimse uygulamaya cesaret edemez. D\u00fcnyada da \u00e7evremizde de adaleti, hakkaniyeti, mazlumun hakk\u0131n\u0131 daha g\u00fc\u00e7l\u00fc savunabiliriz. Bunu ger\u00e7ekle\u015ftirmenin yolu birlik ve beraberli\u011fimizi g\u00fc\u00e7lendirmek, i\u00e7 cephemizi kuvvetlendirmek, etnik k\u00f6ken, din veya mezhep ayr\u0131m\u0131 yapmadan hep beraber birlik ve beraberlik i\u00e7erisinde yolumuza devam etmektir. \u0130n\u015fallah T\u00fcrkiye ter\u00f6rden ar\u0131nd\u0131\u011f\u0131nda, ter\u00f6rs\u00fcz bir T\u00fcrkiye\u2019ye kavu\u015ftu\u011funda T\u00fcrkiye\u2019nin geli\u015fmesi ve kalk\u0131nmas\u0131 daha da h\u0131zlanacak; diye d\u00fc\u015f\u00fcn\u00fcyorum. Milletimiz de bunu bekliyor. B\u00fcy\u00fck Anadolu\u2019da bu y\u00f6nde bir mutabakat var. Bu \u00e7al\u0131\u015fmalar\u0131 yaparken, bu ad\u0131mlar\u0131 atarken milletimizi rahats\u0131z edecek, \u015fehit ailelerimizi incitecek hi\u00e7bir ad\u0131m bug\u00fcne kadar atmad\u0131\u011f\u0131m\u0131z gibi bundan sonra da atmayaca\u011f\u0131z. Her \u015fey milletim i\u00e7in diyorum. Millet ne isterse onu yapar\u0131z; milletimizin istemedi\u011fi hi\u00e7bir ad\u0131m\u0131 da atmay\u0131z. Biz g\u00fcc\u00fcm\u00fcz\u00fc sizlerden al\u0131yoruz.&#8221;<\/p>\n<p>Eyy\u00fcp Kadir \u0130nan: &#8220;T\u00fcm bakanl\u0131klar\u0131m\u0131z \u0130zmir\u2019imizin sorunlar\u0131 i\u00e7in \u00e7ok yo\u011fun destek veriyorlar&#8221;<br \/>\n<br \/>T\u00f6rende konu\u015fan AK Parti Genel Sekreteri ve \u0130zmir Milletvekili Eyy\u00fcp Kadir \u0130nan, adalet saray\u0131n\u0131n hay\u0131rl\u0131 olmas\u0131 temennisinde bulunarak, &#8220;Kemalpa\u015fa\u2019m\u0131za ve yarg\u0131 camiam\u0131za imza niteli\u011finde bir yat\u0131r\u0131m\u0131 kazand\u0131rman\u0131n mutlulu\u011funu ya\u015f\u0131yoruz. 1.5 sene gibi k\u0131sa bir d\u00f6nemde, tasarruf tedbirlerinin hakim oldu\u011fu bir d\u00f6nemde Adalet Bakanl\u0131\u011f\u0131m\u0131z, bilgemize bu hizmeti kazand\u0131rd\u0131. T\u00fcm hem\u015fehrilerimiz ad\u0131na say\u0131n bakan\u0131m\u0131za, ekibine eme\u011fi olan herkese te\u015fekk\u00fcr ediyorum. T\u00fcm bakanl\u0131klar\u0131m\u0131z kollar\u0131n\u0131 s\u0131vad\u0131lar, \u0130zmir\u2019imizin sorunlar\u0131 i\u00e7in \u015fehrimize \u00e7ok yo\u011fun destek veriyorlar. Fakat biz bu yap\u0131lar\u0131 kazand\u0131r\u0131rken, 1.5 sene gibi k\u0131sa bir s\u00fcrede bu yap\u0131y\u0131 kazand\u0131r\u0131rken, \u015fehir hastanelerini kazand\u0131r\u0131rken, statlar\u0131m\u0131z\u0131, sa\u011fl\u0131k komplekslerimizi kazand\u0131r\u0131rken maalesef yerel y\u00f6netimden ayn\u0131 h\u0131z\u0131 g\u00f6remiyoruz. Biz bu kadar b\u00fcy\u00fck gayret ve destek ortaya koyarken aksine maruz kald\u0131\u011f\u0131m\u0131z ele\u015ftirileri de kabul etmiyoruz. B\u00fcy\u00fck\u015fehir Belediye Ba\u015fkan\u0131 Cemil Tugay, \u2018\u0130zmir\u2019e ay\u0131r\u0131mc\u0131l\u0131k yap\u0131yorlar, \u0130zmir\u2019e farkl\u0131 bak\u0131yorlar\u2019 diyor. Biz de buradan bu haks\u0131z ele\u015ftirilere i\u015fte Kemalpa\u015fa\u2019da a\u00e7t\u0131\u011f\u0131m\u0131z muhte\u015fem yeni bir adalet saray\u0131n\u0131 \u0130zmir\u2019e arma\u011fan ederek cevab\u0131m\u0131z\u0131 vermi\u015f oluyoruz. Ba\u015fta say\u0131n Cumhurba\u015fkan\u0131m\u0131z Recep Tayyip Erdo\u011fan olmak \u00fczere bakan\u0131m\u0131za, \u0130zmir\u2019in yarg\u0131 camiam\u0131z\u0131n ihtiya\u00e7lar\u0131 do\u011frultusunda bizi yaln\u0131z b\u0131rakmayan t\u00fcm bakan yard\u0131mc\u0131lar\u0131m\u0131za te\u015fekk\u00fcr ederiz. Bayrakl\u0131\u2019da b\u00fcy\u00fck bir lojman ihtiyac\u0131 vard\u0131. Yine b\u00fcy\u00fck bir lojman sat\u0131n al\u0131m\u0131n\u0131 h\u0131zl\u0131ca ger\u00e7ekle\u015ftirdik. Di\u011fer konularda da Adalet Bakanl\u0131\u011f\u0131\u2019m\u0131z bizlere \u00e7ok b\u00fcy\u00fck destekler veriyor. Biz de bu destekleri vatanda\u015flar\u0131m\u0131zla payla\u015fmakta kararl\u0131y\u0131z&#8221; dedi.<br \/>\n<br \/>Kemalpa\u015fa Adalet Saray\u0131 a\u00e7\u0131l\u0131\u015f t\u00f6reninde konu\u015fan \u0130zmir Cumhuriyet Ba\u015fsavc\u0131s\u0131 Ali Yeldan ise yeni adliye binas\u0131n\u0131n il\u00e7eye hay\u0131rl\u0131 olmas\u0131 temennisinde bulundu.<br \/><\/p>\n","protected":false},"excerpt":{"rendered":"<p>Adalet Bakan\u0131 Y\u0131lmaz Tun\u00e7, \u0130zmir\u2019de Kemalpa\u015fa Adalet Saray\u0131 a\u00e7\u0131l\u0131\u015f ve Alia\u011fa Adalet Saray\u0131 temel atma t\u00f6reninde yapt\u0131\u011f\u0131 konu\u015fmada, &#8220;T\u00fcrkiye genelinde sadece 78 adliye saray\u0131 vard\u0131; \u015fimdi 388 oldu. Yat\u0131r\u0131m program\u0131m\u0131zda 68 adliye binam\u0131z var; 31\u2019i in\u015faat a\u015famas\u0131nda&#8221; dedi. Adalet Bakan\u0131 Y\u0131lmaz Tun\u00e7, \u0130zmir program\u0131 kapsam\u0131nda Kemalpa\u015fa Adalet Saray\u0131 a\u00e7\u0131l\u0131\u015f ve Alia\u011fa Adalet Saray\u0131 temel atma&#8230;<\/p>\n","protected":false},"author":1,"featured_media":65110,"comment_status":"open","ping_status":"open","sticky":false,"template":"","format":"standard","meta":{"_crdt_document":"","footnotes":""},"categories":[127],"tags":[],"class_list":["post-65109","post","type-post","status-publish","format-standard","has-post-thumbnail","hentry","category-siyaset"],"_links":{"self":[{"href":"https:\/\/www.egemtv.com\/index.php?rest_route=\/wp\/v2\/posts\/65109","targetHints":{"allow":["GET"]}}],"collection":[{"href":"https:\/\/www.egemtv.com\/index.php?rest_route=\/wp\/v2\/posts"}],"about":[{"href":"https:\/\/www.egemtv.com\/index.php?rest_route=\/wp\/v2\/types\/post"}],"author":[{"embeddable":true,"href":"https:\/\/www.egemtv.com\/index.php?rest_route=\/wp\/v2\/users\/1"}],"replies":[{"embeddable":true,"href":"https:\/\/www.egemtv.com\/index.php?rest_route=%2Fwp%2Fv2%2Fcomments&post=65109"}],"version-history":[{"count":1,"href":"https:\/\/www.egemtv.com\/index.php?rest_route=\/wp\/v2\/posts\/65109\/revisions"}],"predecessor-version":[{"id":65111,"href":"https:\/\/www.egemtv.com\/index.php?rest_route=\/wp\/v2\/posts\/65109\/revisions\/65111"}],"wp:featuredmedia":[{"embeddable":true,"href":"https:\/\/www.egemtv.com\/index.php?rest_route=\/wp\/v2\/media\/65110"}],"wp:attachment":[{"href":"https:\/\/www.egemtv.com\/index.php?rest_route=%2Fwp%2Fv2%2Fmedia&parent=65109"}],"wp:term":[{"taxonomy":"category","embeddable":true,"href":"https:\/\/www.egemtv.com\/index.php?rest_route=%2Fwp%2Fv2%2Fcategories&post=65109"},{"taxonomy":"post_tag","embeddable":true,"href":"https:\/\/www.egemtv.com\/index.php?rest_route=%2Fwp%2Fv2%2Ftags&post=65109"}],"curies":[{"name":"wp","href":"https:\/\/api.w.org\/{rel}","templated":true}]}}