{"id":65106,"date":"2025-10-31T17:15:44","date_gmt":"2025-10-31T14:15:44","guid":{"rendered":"https:\/\/www.egemtv.com\/?p=65106"},"modified":"2025-10-31T17:15:44","modified_gmt":"2025-10-31T14:15:44","slug":"muglada-isid-operasyonu-3-tutuklama","status":"publish","type":"post","link":"https:\/\/www.egemtv.com\/?p=65106","title":{"rendered":"Mu\u011fla\u2019da I\u015e\u0130D operasyonu: 3 tutuklama"},"content":{"rendered":"<p>Mu\u011fla\u2019da, ter\u00f6r \u00f6rg\u00fct\u00fc I\u015e\u0130D \u00fcyesi olduklar\u0131 iddias\u0131yla Jandarma ekiplerince d\u00fczenlenen operasyonda g\u00f6zalt\u0131na al\u0131nan 3 \u015f\u00fcpheli, \u00e7\u0131kar\u0131ld\u0131klar\u0131 adli makamlarca tutukland\u0131.<br \/>\n<br \/>\u0130n\u015faat i\u015f\u00e7isi olduklar\u0131 belirtilen O.I., \u015e.\u0130. ve A.F. isimli \u015fah\u0131slar, Jandarma ekiplerinin d\u00fczenledi\u011fi operasyonla yakaland\u0131. Zanl\u0131lar\u0131n, I\u015e\u0130D ter\u00f6r \u00f6rg\u00fct\u00fcyle ba\u011flant\u0131l\u0131 olduklar\u0131 \u00f6ne s\u00fcr\u00fcld\u00fc.<br \/>\n<br \/>Jandarmadaki i\u015flemlerinin tamamlanmas\u0131n\u0131n ard\u0131ndan adliyeye sevk edilen 3 \u015f\u00fcpheli, \u00e7\u0131kar\u0131ld\u0131\u011f\u0131 adli makamlarca tutuklanarak ceza evine g\u00f6nderildi.<br \/><\/p>\n","protected":false},"excerpt":{"rendered":"<p>Mu\u011fla\u2019da, ter\u00f6r \u00f6rg\u00fct\u00fc I\u015e\u0130D \u00fcyesi olduklar\u0131 iddias\u0131yla Jandarma ekiplerince d\u00fczenlenen operasyonda g\u00f6zalt\u0131na al\u0131nan 3 \u015f\u00fcpheli, \u00e7\u0131kar\u0131ld\u0131klar\u0131 adli makamlarca tutukland\u0131. \u0130n\u015faat i\u015f\u00e7isi olduklar\u0131 belirtilen O.I., \u015e.\u0130. ve A.F. isimli \u015fah\u0131slar, Jandarma ekiplerinin d\u00fczenledi\u011fi operasyonla yakaland\u0131. Zanl\u0131lar\u0131n, I\u015e\u0130D ter\u00f6r \u00f6rg\u00fct\u00fcyle ba\u011flant\u0131l\u0131 olduklar\u0131 \u00f6ne s\u00fcr\u00fcld\u00fc. Jandarmadaki i\u015flemlerinin tamamlanmas\u0131n\u0131n ard\u0131ndan adliyeye sevk edilen 3 \u015f\u00fcpheli, \u00e7\u0131kar\u0131ld\u0131\u011f\u0131 adli makamlarca tutuklanarak&#8230;<\/p>\n","protected":false},"author":1,"featured_media":65107,"comment_status":"open","ping_status":"open","sticky":false,"template":"","format":"standard","meta":{"_crdt_document":"","footnotes":""},"categories":[5],"tags":[],"class_list":["post-65106","post","type-post","status-publish","format-standard","has-post-thumbnail","hentry","category-asayis"],"_links":{"self":[{"href":"https:\/\/www.egemtv.com\/index.php?rest_route=\/wp\/v2\/posts\/65106","targetHints":{"allow":["GET"]}}],"collection":[{"href":"https:\/\/www.egemtv.com\/index.php?rest_route=\/wp\/v2\/posts"}],"about":[{"href":"https:\/\/www.egemtv.com\/index.php?rest_route=\/wp\/v2\/types\/post"}],"author":[{"embeddable":true,"href":"https:\/\/www.egemtv.com\/index.php?rest_route=\/wp\/v2\/users\/1"}],"replies":[{"embeddable":true,"href":"https:\/\/www.egemtv.com\/index.php?rest_route=%2Fwp%2Fv2%2Fcomments&post=65106"}],"version-history":[{"count":1,"href":"https:\/\/www.egemtv.com\/index.php?rest_route=\/wp\/v2\/posts\/65106\/revisions"}],"predecessor-version":[{"id":65108,"href":"https:\/\/www.egemtv.com\/index.php?rest_route=\/wp\/v2\/posts\/65106\/revisions\/65108"}],"wp:featuredmedia":[{"embeddable":true,"href":"https:\/\/www.egemtv.com\/index.php?rest_route=\/wp\/v2\/media\/65107"}],"wp:attachment":[{"href":"https:\/\/www.egemtv.com\/index.php?rest_route=%2Fwp%2Fv2%2Fmedia&parent=65106"}],"wp:term":[{"taxonomy":"category","embeddable":true,"href":"https:\/\/www.egemtv.com\/index.php?rest_route=%2Fwp%2Fv2%2Fcategories&post=65106"},{"taxonomy":"post_tag","embeddable":true,"href":"https:\/\/www.egemtv.com\/index.php?rest_route=%2Fwp%2Fv2%2Ftags&post=65106"}],"curies":[{"name":"wp","href":"https:\/\/api.w.org\/{rel}","templated":true}]}}