{"id":65100,"date":"2025-10-31T16:14:43","date_gmt":"2025-10-31T13:14:43","guid":{"rendered":"https:\/\/www.egemtv.com\/?p=65100"},"modified":"2025-10-31T16:14:44","modified_gmt":"2025-10-31T13:14:44","slug":"cumhuriyet-bayrami-hali-saha-turnuvasi-duzenlendi","status":"publish","type":"post","link":"https:\/\/www.egemtv.com\/?p=65100","title":{"rendered":"Cumhuriyet Bayram\u0131 Hal\u0131 Saha Turnuvas\u0131 d\u00fczenlendi"},"content":{"rendered":"<p>Afyonkarahisar Gen\u00e7lik ve Spor \u0130l M\u00fcd\u00fcrl\u00fc\u011f\u00fcne ba\u011fl\u0131 T\u0131naztepe Yurt M\u00fcd\u00fcrl\u00fc\u011f\u00fcnde bar\u0131nan \u00fcniversiteli \u00f6\u011frenciler aras\u0131nda Cumhuriyet Bayram\u0131 Hal\u0131 Saha Turnuvas\u0131 d\u00fczenlendi.<br \/>\n<br \/>Turnuvaya 16 tak\u0131m kat\u0131l\u0131m sa\u011flad\u0131. Eleme \u00fcsul\u00fc ile iki hafta s\u00fcren turnuvan\u0131n t\u00fcm m\u00fcsabakalar\u0131 final havas\u0131nda ge\u00e7ti. Turnuvay\u0131  Ay Y\u0131ld\u0131z tak\u0131m\u0131 kazand\u0131. Ay Y\u0131ld\u0131z tak\u0131m\u0131na kupas\u0131 TSYD Ba\u015fkan\u0131 Nadir G\u00fczbey taraf\u0131ndan verildi. G\u00fczbey, e\u011fitim i\u00e7in farkl\u0131 kentlerden Afyonkarahisar\u2019a gelen gen\u00e7lerin ki\u015fisel geli\u015fimleri ve spor geli\u015fimleri noktas\u0131nda her daim deste\u011fe haz\u0131r olduklar\u0131n\u0131 ifade etti.<br \/>\n<br \/>Ay Y\u0131ld\u0131z Tak\u0131m Kaptan\u0131 Sel\u00e7uk ise turnuvan\u0131n d\u00fczenlenmesinde eme\u011fi ge\u00e7en herkese te\u015fekk\u00fcr etti.<br \/><\/p>\n","protected":false},"excerpt":{"rendered":"<p>Afyonkarahisar Gen\u00e7lik ve Spor \u0130l M\u00fcd\u00fcrl\u00fc\u011f\u00fcne ba\u011fl\u0131 T\u0131naztepe Yurt M\u00fcd\u00fcrl\u00fc\u011f\u00fcnde bar\u0131nan \u00fcniversiteli \u00f6\u011frenciler aras\u0131nda Cumhuriyet Bayram\u0131 Hal\u0131 Saha Turnuvas\u0131 d\u00fczenlendi. Turnuvaya 16 tak\u0131m kat\u0131l\u0131m sa\u011flad\u0131. Eleme \u00fcsul\u00fc ile iki hafta s\u00fcren turnuvan\u0131n t\u00fcm m\u00fcsabakalar\u0131 final havas\u0131nda ge\u00e7ti. Turnuvay\u0131 Ay Y\u0131ld\u0131z tak\u0131m\u0131 kazand\u0131. Ay Y\u0131ld\u0131z tak\u0131m\u0131na kupas\u0131 TSYD Ba\u015fkan\u0131 Nadir G\u00fczbey taraf\u0131ndan verildi. G\u00fczbey, e\u011fitim i\u00e7in&#8230;<\/p>\n","protected":false},"author":1,"featured_media":65101,"comment_status":"open","ping_status":"open","sticky":false,"template":"","format":"standard","meta":{"_crdt_document":"","footnotes":""},"categories":[4],"tags":[],"class_list":["post-65100","post","type-post","status-publish","format-standard","has-post-thumbnail","hentry","category-spor"],"_links":{"self":[{"href":"https:\/\/www.egemtv.com\/index.php?rest_route=\/wp\/v2\/posts\/65100","targetHints":{"allow":["GET"]}}],"collection":[{"href":"https:\/\/www.egemtv.com\/index.php?rest_route=\/wp\/v2\/posts"}],"about":[{"href":"https:\/\/www.egemtv.com\/index.php?rest_route=\/wp\/v2\/types\/post"}],"author":[{"embeddable":true,"href":"https:\/\/www.egemtv.com\/index.php?rest_route=\/wp\/v2\/users\/1"}],"replies":[{"embeddable":true,"href":"https:\/\/www.egemtv.com\/index.php?rest_route=%2Fwp%2Fv2%2Fcomments&post=65100"}],"version-history":[{"count":1,"href":"https:\/\/www.egemtv.com\/index.php?rest_route=\/wp\/v2\/posts\/65100\/revisions"}],"predecessor-version":[{"id":65102,"href":"https:\/\/www.egemtv.com\/index.php?rest_route=\/wp\/v2\/posts\/65100\/revisions\/65102"}],"wp:featuredmedia":[{"embeddable":true,"href":"https:\/\/www.egemtv.com\/index.php?rest_route=\/wp\/v2\/media\/65101"}],"wp:attachment":[{"href":"https:\/\/www.egemtv.com\/index.php?rest_route=%2Fwp%2Fv2%2Fmedia&parent=65100"}],"wp:term":[{"taxonomy":"category","embeddable":true,"href":"https:\/\/www.egemtv.com\/index.php?rest_route=%2Fwp%2Fv2%2Fcategories&post=65100"},{"taxonomy":"post_tag","embeddable":true,"href":"https:\/\/www.egemtv.com\/index.php?rest_route=%2Fwp%2Fv2%2Ftags&post=65100"}],"curies":[{"name":"wp","href":"https:\/\/api.w.org\/{rel}","templated":true}]}}