{"id":65097,"date":"2025-10-31T16:14:43","date_gmt":"2025-10-31T13:14:43","guid":{"rendered":"https:\/\/www.egemtv.com\/?p=65097"},"modified":"2025-10-31T16:14:43","modified_gmt":"2025-10-31T13:14:43","slug":"baskan-condur-ureticilerimizin-sahadan-yukselen-ortak-sesi-ve-hakli-talepleri-dikkate-alindi","status":"publish","type":"post","link":"https:\/\/www.egemtv.com\/?p=65097","title":{"rendered":"Ba\u015fkan \u00c7ondur: &#8220;\u00dcreticilerimizin sahadan y\u00fckselen ortak sesi ve hakl\u0131 talepleri dikkate al\u0131nd\u0131&#8221;"},"content":{"rendered":"<p>Hazine destekli tar\u0131msal kredilerde s\u00fcbvansiyon oranlar\u0131n\u0131n d\u00fc\u015f\u00fcr\u00fclmesine ili\u015fkin karar\u0131n geri \u00e7ekilmesine ili\u015fkin a\u00e7\u0131klama yapan Ulusal Pamuk Konseyi (UPK) Y\u00f6netim Kurulu Ba\u015fkan\u0131 Fevzi \u00c7ondur; &#8220;Al\u0131nan karar\u0131n k\u0131sa s\u00fcrede iptal edilmesi, \u00fcreticilerimizin sahadan y\u00fckselen ortak sesinin ve hakl\u0131 taleplerinin dikkate al\u0131nd\u0131\u011f\u0131n\u0131 g\u00f6stermektedir&#8221; dedi.<\/p>\n<p>Hazine destekli s\u00fcbvansiyonlu tar\u0131msal kredilerde \u00e7ift\u00e7ilerin faiz y\u00fck\u00fcn\u00fc art\u0131ran 24 Ekim 2025 tarihli Cumhurba\u015fkanl\u0131\u011f\u0131 Karar\u0131, sekt\u00f6r\u00fcn yo\u011fun tepkileri \u00fczerine iptal edildi. S\u00f6z konusu kararla, 31 Aral\u0131k 2026\u2019ya kadar ge\u00e7erli olacak kredilerdeki s\u00fcbvansiyon oranlar\u0131 yakla\u015f\u0131k y\u00fczde 50 oran\u0131nda d\u00fc\u015f\u00fcr\u00fclm\u00fc\u015f, 2024\u2019ten bu yana de\u011fi\u015fmeyen kredi \u00fcst limitleri ise korunmu\u015ftu. Ancak, \u00fcreticilerden ve sekt\u00f6r payda\u015flar\u0131ndan gelen g\u00fc\u00e7l\u00fc tepkiler sonucunda, 30 Ekim 2025 tarihli Resmi Gazete\u2019de yay\u0131mlanan yeni kararla faiz indirimi oranlar\u0131 yeniden eski seviyelerine \u00e7ekildi.<\/p>\n<p>Hazine destekli tar\u0131msal kredilerde s\u00fcbvansiyon oranlar\u0131n\u0131n d\u00fc\u015f\u00fcr\u00fclmesine ili\u015fkin 24 Ekim 2025 tarihli Cumhurba\u015fkanl\u0131\u011f\u0131 Karar\u0131\u2019n\u0131n geri \u00e7ekilmesine dair de\u011ferlendirmelerde bulunan Ulusal Pamuk Konseyi Ba\u015fkan\u0131 Fevzi \u00c7ondur, &#8220;Hazine destekli tar\u0131msal kredilerde s\u00fcbvansiyon oranlar\u0131n\u0131n d\u00fc\u015f\u00fcr\u00fclmesi, \u00fcreticilerimizin finansmana eri\u015fiminde ciddi endi\u015felere yol a\u00e7m\u0131\u015ft\u0131. Karar\u0131n geri \u00e7ekilmesi, sahadan y\u00fckselen ortak sesin ve \u00fcreticilerin hakl\u0131 taleplerinin dikkate al\u0131nd\u0131\u011f\u0131n\u0131 g\u00f6stermektedir&#8221; diye konu\u015ftu.<\/p>\n<p>&#8220;Sahadan gelen geri bildirimler \u00e7ok \u00f6nemli&#8221;<br \/>\n<br \/>Pamuk ba\u015fta olmak \u00fczere stratejik \u00f6neme sahip tar\u0131msal \u00fcr\u00fcnlerde \u00fcretimin s\u00fcrd\u00fcr\u00fclebilirli\u011finin uygun finansman \u015fartlar\u0131na do\u011frudan ba\u011fl\u0131 oldu\u011funa dikkat \u00e7eken \u00c7ondur, &#8220;Artan \u00fcretim maliyetleri kar\u015f\u0131s\u0131nda faiz s\u00fcbvansiyonlar\u0131n\u0131n korunmas\u0131, hem \u00fcretim planlamas\u0131n\u0131n devaml\u0131l\u0131\u011f\u0131 hem de \u00fcreticinin rekabet g\u00fcc\u00fcn\u00fcn korunmas\u0131 a\u00e7\u0131s\u0131ndan b\u00fcy\u00fck \u00f6nem ta\u015f\u0131maktad\u0131r. Bu s\u00fcre\u00e7, tar\u0131msal politikalarda sahadan gelen geri bildirimlerin ne kadar hayati oldu\u011funu bir kez daha ortaya koymu\u015ftur&#8221; dedi.<\/p>\n<p>Ulusal Pamuk Konseyi olarak \u00fcreticilerin eme\u011fini ve al\u0131n terini koruyacak, finansman y\u00fck\u00fcn\u00fc hafifletecek ve pamuk \u00fcretiminin s\u00fcrd\u00fcr\u00fclebilirli\u011fini destekleyecek politikalar\u0131n hayata ge\u00e7irilmesi y\u00f6n\u00fcnde \u00e7al\u0131\u015fmalar\u0131n\u0131 kararl\u0131l\u0131kla s\u00fcrd\u00fcreceklerini belirten \u00c7ondur, &#8220;\u00dcretim g\u00fcc\u00fcm\u00fcz\u00fc korumak ve tar\u0131msal kalk\u0131nmay\u0131 s\u00fcrd\u00fcr\u00fclebilir k\u0131lmak hepimizin ortak sorumlulu\u011fudur&#8221; \u015feklinde konu\u015ftu.<br \/><\/p>\n","protected":false},"excerpt":{"rendered":"<p>Hazine destekli tar\u0131msal kredilerde s\u00fcbvansiyon oranlar\u0131n\u0131n d\u00fc\u015f\u00fcr\u00fclmesine ili\u015fkin karar\u0131n geri \u00e7ekilmesine ili\u015fkin a\u00e7\u0131klama yapan Ulusal Pamuk Konseyi (UPK) Y\u00f6netim Kurulu Ba\u015fkan\u0131 Fevzi \u00c7ondur; &#8220;Al\u0131nan karar\u0131n k\u0131sa s\u00fcrede iptal edilmesi, \u00fcreticilerimizin sahadan y\u00fckselen ortak sesinin ve hakl\u0131 taleplerinin dikkate al\u0131nd\u0131\u011f\u0131n\u0131 g\u00f6stermektedir&#8221; dedi. Hazine destekli s\u00fcbvansiyonlu tar\u0131msal kredilerde \u00e7ift\u00e7ilerin faiz y\u00fck\u00fcn\u00fc art\u0131ran 24 Ekim 2025 tarihli Cumhurba\u015fkanl\u0131\u011f\u0131&#8230;<\/p>\n","protected":false},"author":1,"featured_media":65098,"comment_status":"open","ping_status":"open","sticky":false,"template":"","format":"standard","meta":{"_crdt_document":"","footnotes":""},"categories":[1],"tags":[],"class_list":["post-65097","post","type-post","status-publish","format-standard","has-post-thumbnail","hentry","category-guncel"],"_links":{"self":[{"href":"https:\/\/www.egemtv.com\/index.php?rest_route=\/wp\/v2\/posts\/65097","targetHints":{"allow":["GET"]}}],"collection":[{"href":"https:\/\/www.egemtv.com\/index.php?rest_route=\/wp\/v2\/posts"}],"about":[{"href":"https:\/\/www.egemtv.com\/index.php?rest_route=\/wp\/v2\/types\/post"}],"author":[{"embeddable":true,"href":"https:\/\/www.egemtv.com\/index.php?rest_route=\/wp\/v2\/users\/1"}],"replies":[{"embeddable":true,"href":"https:\/\/www.egemtv.com\/index.php?rest_route=%2Fwp%2Fv2%2Fcomments&post=65097"}],"version-history":[{"count":1,"href":"https:\/\/www.egemtv.com\/index.php?rest_route=\/wp\/v2\/posts\/65097\/revisions"}],"predecessor-version":[{"id":65099,"href":"https:\/\/www.egemtv.com\/index.php?rest_route=\/wp\/v2\/posts\/65097\/revisions\/65099"}],"wp:featuredmedia":[{"embeddable":true,"href":"https:\/\/www.egemtv.com\/index.php?rest_route=\/wp\/v2\/media\/65098"}],"wp:attachment":[{"href":"https:\/\/www.egemtv.com\/index.php?rest_route=%2Fwp%2Fv2%2Fmedia&parent=65097"}],"wp:term":[{"taxonomy":"category","embeddable":true,"href":"https:\/\/www.egemtv.com\/index.php?rest_route=%2Fwp%2Fv2%2Fcategories&post=65097"},{"taxonomy":"post_tag","embeddable":true,"href":"https:\/\/www.egemtv.com\/index.php?rest_route=%2Fwp%2Fv2%2Ftags&post=65097"}],"curies":[{"name":"wp","href":"https:\/\/api.w.org\/{rel}","templated":true}]}}