{"id":65094,"date":"2025-10-31T15:55:46","date_gmt":"2025-10-31T12:55:46","guid":{"rendered":"https:\/\/www.egemtv.com\/?p=65094"},"modified":"2025-10-31T15:55:47","modified_gmt":"2025-10-31T12:55:47","slug":"mukaddes-emanetler-sergisi-dort-gun-boyunca-denizlililerin-ziyaretine-sunulacak","status":"publish","type":"post","link":"https:\/\/www.egemtv.com\/?p=65094","title":{"rendered":"Mukaddes Emanetler Sergisi d\u00f6rt g\u00fcn boyunca Denizlililerin ziyaretine sunulacak"},"content":{"rendered":"<p>Denizli Valili\u011fi himayesinde, Denizli \u0130l M\u00fcft\u00fcl\u00fc\u011f\u00fc\u2019n\u00fcn koordinesinde d\u00fczenlenen &#8220;Mukaddes Emanetler Sergisi&#8221; vatanda\u015flardan b\u00fcy\u00fck ilgi g\u00f6rd\u00fc. Denizli Dini Y\u00fcksek \u0130htisas Merkezi Ana Konferans Salonu\u2019nun fuaye alan\u0131nda ger\u00e7ekle\u015ftirilen anlaml\u0131 etkinlikte, \u0130slam tarihinin derin izlerini ta\u015f\u0131yan mukaddes emanetler, d\u00f6rt g\u00fcn boyunca Denizlililerin ziyaretine sunulacak.<\/p>\n<p>Serginin a\u00e7\u0131l\u0131\u015f t\u00f6reni, Kur\u2019an-\u0131 Kerim tilavetiyle ba\u015flad\u0131. Ard\u0131ndan Denizli \u0130l M\u00fcft\u00fcs\u00fc Abdullah Pamuklu, a\u00e7\u0131l\u0131\u015f konu\u015fmas\u0131nda mukaddes emanetlerin manevi de\u011ferine vurgu yaparak, &#8220;Bu emanetler, as\u0131rlard\u0131r \u00fcmmetin kalbinde ta\u015f\u0131d\u0131\u011f\u0131 bir miras\u0131n sembol\u00fcd\u00fcr. Onlara bakarken sadece tarihi de\u011fil, ayn\u0131 zamanda inanc\u0131m\u0131z\u0131n k\u00f6klerini de g\u00f6r\u00fcyoruz,&#8221; ifadelerini kulland\u0131. M\u00fcft\u00fc Pamuklu\u2019nun yapt\u0131\u011f\u0131 dua sonras\u0131, Denizli Valisi \u00d6mer Faruk Co\u015fkun, Merkezefendi Kaymakam\u0131 Abdullah Demir ve kent protokol\u00fc \u00fcyelerinin kat\u0131l\u0131m\u0131yla kurdele kesilerek sergi resmen a\u00e7\u0131ld\u0131. Serginin &#8220;emanet\u00e7isi&#8221; olarak bilinen ve emanetlerin korunup ta\u015f\u0131nmas\u0131nda b\u00fcy\u00fck emek harcayan Erol G\u00fczel, Vali \u00d6mer Faruk Co\u015fkun ve protokol \u00fcyelerine rehberlik ederek eserlerin tarih\u00e7esi hakk\u0131nda detayl\u0131 bilgiler aktard\u0131. G\u00fczel, serginin amac\u0131n\u0131n, \u0130slam tarihine \u0131\u015f\u0131k tutan bu nadide eserleri vatanda\u015flarla bulu\u015fturmak ve manevi bir atmosferde ge\u00e7mi\u015fle bug\u00fcn aras\u0131nda k\u00f6pr\u00fc kurmak oldu\u011funu belirtti.<\/p>\n<p>Sergide Hz. Peygamber\u2019e (s.a.v.) ait sakal-\u0131 \u015ferif, kutsal beldelerden getirilen toprak \u00f6rnekleri ve \u0130slam tarihine dair bir\u00e7ok k\u0131ymetli hat\u0131ra yer ald\u0131. Ziyaret\u00e7iler, bu manevi miras\u0131n huzur veren atmosferinde hem tarih\u00ee hem de ruhani bir yolculu\u011fa \u00e7\u0131kt\u0131. Resm\u00ee t\u00f6renin tamamlanmas\u0131n\u0131n ard\u0131ndan sergi ziyarete a\u00e7\u0131ld\u0131. Vatanda\u015flar, d\u00f6rt g\u00fcn boyunca mukaddes emanetleri yak\u0131ndan g\u00f6rme ve hakk\u0131nda bilgi alma f\u0131rsat\u0131 bulacak. Denizli Dini Y\u00fcksek \u0130htisas Merkezi\u2019nin ev sahipli\u011finde d\u00fczenlenen bu anlaml\u0131 etkinlik, kentin k\u00fclt\u00fcrel ve manevi hayat\u0131na derin bir iz b\u0131rakmaya aday g\u00f6r\u00fcn\u00fcyor.<br \/><\/p>\n","protected":false},"excerpt":{"rendered":"<p>Denizli Valili\u011fi himayesinde, Denizli \u0130l M\u00fcft\u00fcl\u00fc\u011f\u00fc\u2019n\u00fcn koordinesinde d\u00fczenlenen &#8220;Mukaddes Emanetler Sergisi&#8221; vatanda\u015flardan b\u00fcy\u00fck ilgi g\u00f6rd\u00fc. Denizli Dini Y\u00fcksek \u0130htisas Merkezi Ana Konferans Salonu\u2019nun fuaye alan\u0131nda ger\u00e7ekle\u015ftirilen anlaml\u0131 etkinlikte, \u0130slam tarihinin derin izlerini ta\u015f\u0131yan mukaddes emanetler, d\u00f6rt g\u00fcn boyunca Denizlililerin ziyaretine sunulacak. Serginin a\u00e7\u0131l\u0131\u015f t\u00f6reni, Kur\u2019an-\u0131 Kerim tilavetiyle ba\u015flad\u0131. Ard\u0131ndan Denizli \u0130l M\u00fcft\u00fcs\u00fc Abdullah Pamuklu, a\u00e7\u0131l\u0131\u015f&#8230;<\/p>\n","protected":false},"author":1,"featured_media":65095,"comment_status":"open","ping_status":"open","sticky":false,"template":"","format":"standard","meta":{"_crdt_document":"","footnotes":""},"categories":[1],"tags":[],"class_list":["post-65094","post","type-post","status-publish","format-standard","has-post-thumbnail","hentry","category-guncel"],"_links":{"self":[{"href":"https:\/\/www.egemtv.com\/index.php?rest_route=\/wp\/v2\/posts\/65094","targetHints":{"allow":["GET"]}}],"collection":[{"href":"https:\/\/www.egemtv.com\/index.php?rest_route=\/wp\/v2\/posts"}],"about":[{"href":"https:\/\/www.egemtv.com\/index.php?rest_route=\/wp\/v2\/types\/post"}],"author":[{"embeddable":true,"href":"https:\/\/www.egemtv.com\/index.php?rest_route=\/wp\/v2\/users\/1"}],"replies":[{"embeddable":true,"href":"https:\/\/www.egemtv.com\/index.php?rest_route=%2Fwp%2Fv2%2Fcomments&post=65094"}],"version-history":[{"count":1,"href":"https:\/\/www.egemtv.com\/index.php?rest_route=\/wp\/v2\/posts\/65094\/revisions"}],"predecessor-version":[{"id":65096,"href":"https:\/\/www.egemtv.com\/index.php?rest_route=\/wp\/v2\/posts\/65094\/revisions\/65096"}],"wp:featuredmedia":[{"embeddable":true,"href":"https:\/\/www.egemtv.com\/index.php?rest_route=\/wp\/v2\/media\/65095"}],"wp:attachment":[{"href":"https:\/\/www.egemtv.com\/index.php?rest_route=%2Fwp%2Fv2%2Fmedia&parent=65094"}],"wp:term":[{"taxonomy":"category","embeddable":true,"href":"https:\/\/www.egemtv.com\/index.php?rest_route=%2Fwp%2Fv2%2Fcategories&post=65094"},{"taxonomy":"post_tag","embeddable":true,"href":"https:\/\/www.egemtv.com\/index.php?rest_route=%2Fwp%2Fv2%2Ftags&post=65094"}],"curies":[{"name":"wp","href":"https:\/\/api.w.org\/{rel}","templated":true}]}}