{"id":65091,"date":"2025-10-31T15:35:29","date_gmt":"2025-10-31T12:35:29","guid":{"rendered":"https:\/\/www.egemtv.com\/?p=65091"},"modified":"2025-10-31T15:35:29","modified_gmt":"2025-10-31T12:35:29","slug":"salihlide-galatasaray-taraftarlar-dernegi-acildi","status":"publish","type":"post","link":"https:\/\/www.egemtv.com\/?p=65091","title":{"rendered":"Salihli\u2019de Galatasaray Taraftarlar Derne\u011fi a\u00e7\u0131ld\u0131"},"content":{"rendered":"<p>Manisa\u2019n\u0131n Salihli il\u00e7esinde Galatasaray Taraftarlar Derne\u011fi\u2019nin hizmet binas\u0131n\u0131n a\u00e7\u0131l\u0131\u015f\u0131  ger\u00e7ekle\u015ftirdi.<br \/>\n<br \/>Salihli Galatasaray Taraftarlar Derne\u011fi\u2019nin hizmet binas\u0131 Eskicami Mahallesi hizmete girdi, \u00e7ok say\u0131da taraftar\u0131n kat\u0131l\u0131m\u0131 ile ger\u00e7ekle\u015ftirilen programda a\u00e7\u0131l\u0131\u015f kurdelesi \u00e7ocuklar ve kad\u0131nlarla birlikte kesildi.<br \/>\n<br \/>Dernek hizmet binas\u0131n\u0131n a\u00e7\u0131l\u0131\u015f program\u0131na Salihli Belediye Ba\u015fkan Yard\u0131mc\u0131lar\u0131 Yavuz \u00d6zdem ile \u0130smail Hakk\u0131 Aslan, Salihli Ziraat Odas\u0131 ba\u015fkan\u0131 Cem Yalva\u00e7, CHP Salihli \u0130l\u00e7e Ba\u015fkan\u0131 Mustafa \u00d6zer ile \u00e7ok say\u0131da taraftar kat\u0131ld\u0131.<br \/>\n<br \/>Programda dernek Ba\u015fkan\u0131 U\u011fur \u00d6z\u00e7elik, g\u00fcn\u00fcn anlam ve \u00f6nemini belirten bir konu\u015fma yaparak kat\u0131l\u0131mc\u0131lara te\u015fekk\u00fcr etti.<br \/>\n<br \/>Salihli Belediye Ba\u015fkan Yard\u0131mc\u0131lar\u0131 Yavuz \u00d6zdem ile \u0130smail Hakk\u0131 Aslan taraf\u0131ndan dernek Ba\u015fkan\u0131 U\u011fur \u00d6z\u00e7elik\u2019e Atat\u00fcrk posteri hediye edilmesinin ard\u0131ndan derne\u011fi a\u00e7\u0131l\u0131\u015f kurdelesi kesildi.<br \/><\/p>\n","protected":false},"excerpt":{"rendered":"<p>Manisa\u2019n\u0131n Salihli il\u00e7esinde Galatasaray Taraftarlar Derne\u011fi\u2019nin hizmet binas\u0131n\u0131n a\u00e7\u0131l\u0131\u015f\u0131 ger\u00e7ekle\u015ftirdi. Salihli Galatasaray Taraftarlar Derne\u011fi\u2019nin hizmet binas\u0131 Eskicami Mahallesi hizmete girdi, \u00e7ok say\u0131da taraftar\u0131n kat\u0131l\u0131m\u0131 ile ger\u00e7ekle\u015ftirilen programda a\u00e7\u0131l\u0131\u015f kurdelesi \u00e7ocuklar ve kad\u0131nlarla birlikte kesildi. Dernek hizmet binas\u0131n\u0131n a\u00e7\u0131l\u0131\u015f program\u0131na Salihli Belediye Ba\u015fkan Yard\u0131mc\u0131lar\u0131 Yavuz \u00d6zdem ile \u0130smail Hakk\u0131 Aslan, Salihli Ziraat Odas\u0131 ba\u015fkan\u0131 Cem Yalva\u00e7,&#8230;<\/p>\n","protected":false},"author":1,"featured_media":65092,"comment_status":"open","ping_status":"open","sticky":false,"template":"","format":"standard","meta":{"_crdt_document":"","footnotes":""},"categories":[4],"tags":[],"class_list":["post-65091","post","type-post","status-publish","format-standard","has-post-thumbnail","hentry","category-spor"],"_links":{"self":[{"href":"https:\/\/www.egemtv.com\/index.php?rest_route=\/wp\/v2\/posts\/65091","targetHints":{"allow":["GET"]}}],"collection":[{"href":"https:\/\/www.egemtv.com\/index.php?rest_route=\/wp\/v2\/posts"}],"about":[{"href":"https:\/\/www.egemtv.com\/index.php?rest_route=\/wp\/v2\/types\/post"}],"author":[{"embeddable":true,"href":"https:\/\/www.egemtv.com\/index.php?rest_route=\/wp\/v2\/users\/1"}],"replies":[{"embeddable":true,"href":"https:\/\/www.egemtv.com\/index.php?rest_route=%2Fwp%2Fv2%2Fcomments&post=65091"}],"version-history":[{"count":1,"href":"https:\/\/www.egemtv.com\/index.php?rest_route=\/wp\/v2\/posts\/65091\/revisions"}],"predecessor-version":[{"id":65093,"href":"https:\/\/www.egemtv.com\/index.php?rest_route=\/wp\/v2\/posts\/65091\/revisions\/65093"}],"wp:featuredmedia":[{"embeddable":true,"href":"https:\/\/www.egemtv.com\/index.php?rest_route=\/wp\/v2\/media\/65092"}],"wp:attachment":[{"href":"https:\/\/www.egemtv.com\/index.php?rest_route=%2Fwp%2Fv2%2Fmedia&parent=65091"}],"wp:term":[{"taxonomy":"category","embeddable":true,"href":"https:\/\/www.egemtv.com\/index.php?rest_route=%2Fwp%2Fv2%2Fcategories&post=65091"},{"taxonomy":"post_tag","embeddable":true,"href":"https:\/\/www.egemtv.com\/index.php?rest_route=%2Fwp%2Fv2%2Ftags&post=65091"}],"curies":[{"name":"wp","href":"https:\/\/api.w.org\/{rel}","templated":true}]}}