{"id":65088,"date":"2025-10-31T15:35:28","date_gmt":"2025-10-31T12:35:28","guid":{"rendered":"https:\/\/www.egemtv.com\/?p=65088"},"modified":"2025-10-31T15:35:29","modified_gmt":"2025-10-31T12:35:29","slug":"ak-partiden-kan-bagisi-cagrisi","status":"publish","type":"post","link":"https:\/\/www.egemtv.com\/?p=65088","title":{"rendered":"AK Parti\u2019den kan ba\u011f\u0131\u015f\u0131 \u00e7a\u011fr\u0131s\u0131"},"content":{"rendered":"<p>AK Parti Manisa \u0130l Ba\u015fkanl\u0131\u011f\u0131, K\u0131z\u0131lay Haftas\u0131 kapsam\u0131nda kan ba\u011f\u0131\u015f\u0131 kampanyas\u0131 d\u00fczenleyerek vatanda\u015flara kan ba\u011f\u0131\u015f\u0131 \u00e7a\u011fr\u0131s\u0131nda bulundu. AK Parti Manisa \u0130l Ba\u015fkan\u0131 S\u00fcleyman Turgut ve \u00e7ok say\u0131da partili, K\u0131z\u0131lay Manisa \u015eubesi\u2019nde kan ba\u011f\u0131\u015f\u0131nda bulundu.<br \/>\n<br \/>AK Parti Manisa \u0130l Sosyal Politikalar Birimi\u2019nin koordinasyonunda ger\u00e7ekle\u015ftirilen etkinli\u011fe; \u0130l Ba\u015fkan\u0131 S\u00fcleyman Turgut\u2019un yan\u0131 s\u0131ra il y\u00f6netim kurulu \u00fcyeleri, kad\u0131n ve gen\u00e7lik kollar\u0131 ile il te\u015fkilat\u0131nda g\u00f6rev yapan partililer kat\u0131ld\u0131.<\/p>\n<p>&#8220;Kan ba\u011f\u0131\u015f\u0131 insanl\u0131k g\u00f6revidir&#8221;<br \/>\n<br \/>Programda konu\u015fan AK Parti Manisa \u0130l Ba\u015fkan\u0131 S\u00fcleyman Turgut, kan ba\u011f\u0131\u015f\u0131n\u0131n hayati \u00f6nem ta\u015f\u0131d\u0131\u011f\u0131n\u0131 vurgulayarak, K\u0131z\u0131lay\u2019\u0131n kritik bir rol \u00fcstlendi\u011fini ifade etti.<br \/>\n<br \/>Turgut, &#8220;K\u0131z\u0131lay, \u00fclkemizin d\u00f6rt bir yan\u0131nda ihtiya\u00e7 sahiplerine el uzatan k\u00f6kl\u00fc bir kurumdur. Kan ba\u011f\u0131\u015f\u0131; bir insana umut olmak, bir hayata dokunmak demektir. Bizler de K\u0131z\u0131lay Haftas\u0131\u2019nda bu fark\u0131ndal\u0131\u011f\u0131 art\u0131rmak ve topluma \u00f6rnek olmak i\u00e7in buraday\u0131z. Siyasetin yaln\u0131zca hizmet \u00fcretmek de\u011fil, toplumun her kesimine dokunmak oldu\u011funa inan\u0131yoruz. Kan ba\u011f\u0131\u015f\u0131 da bu anlay\u0131\u015f\u0131n en g\u00fczel \u00f6rneklerinden biridir&#8221; dedi.<\/p>\n<p>Vatanda\u015fa davet<br \/>\n<br \/>Etkinlik kapsam\u0131nda partililer, K\u0131z\u0131lay ekiplerinin g\u00f6zetiminde kan ba\u011f\u0131\u015f\u0131nda bulunarak destek verdi.<br \/>\n<br \/>Program sonunda \u0130l Ba\u015fkan\u0131 S\u00fcleyman Turgut, K\u0131z\u0131lay Manisa \u015eubesi yetkililerine te\u015fekk\u00fcr ederek g\u00f6n\u00fcll\u00fcl\u00fck bilincinin \u00f6nemine dikkat \u00e7ekti.<br \/>\n<br \/>Turgut, &#8220;Bir damla kan bir hayat demektir. Bu bilin\u00e7le hareket eden t\u00fcm te\u015fkilat mensuplar\u0131m\u0131za te\u015fekk\u00fcr ediyorum. Vatanda\u015flar\u0131m\u0131z\u0131 da d\u00fczenli aral\u0131klarla K\u0131z\u0131lay\u2019a kan ba\u011f\u0131\u015f\u0131nda bulunmaya davet ediyorum&#8221; diye konu\u015ftu.<br \/><\/p>\n","protected":false},"excerpt":{"rendered":"<p>AK Parti Manisa \u0130l Ba\u015fkanl\u0131\u011f\u0131, K\u0131z\u0131lay Haftas\u0131 kapsam\u0131nda kan ba\u011f\u0131\u015f\u0131 kampanyas\u0131 d\u00fczenleyerek vatanda\u015flara kan ba\u011f\u0131\u015f\u0131 \u00e7a\u011fr\u0131s\u0131nda bulundu. AK Parti Manisa \u0130l Ba\u015fkan\u0131 S\u00fcleyman Turgut ve \u00e7ok say\u0131da partili, K\u0131z\u0131lay Manisa \u015eubesi\u2019nde kan ba\u011f\u0131\u015f\u0131nda bulundu. AK Parti Manisa \u0130l Sosyal Politikalar Birimi\u2019nin koordinasyonunda ger\u00e7ekle\u015ftirilen etkinli\u011fe; \u0130l Ba\u015fkan\u0131 S\u00fcleyman Turgut\u2019un yan\u0131 s\u0131ra il y\u00f6netim kurulu \u00fcyeleri, kad\u0131n&#8230;<\/p>\n","protected":false},"author":1,"featured_media":65089,"comment_status":"open","ping_status":"open","sticky":false,"template":"","format":"standard","meta":{"_crdt_document":"","footnotes":""},"categories":[127],"tags":[],"class_list":["post-65088","post","type-post","status-publish","format-standard","has-post-thumbnail","hentry","category-siyaset"],"_links":{"self":[{"href":"https:\/\/www.egemtv.com\/index.php?rest_route=\/wp\/v2\/posts\/65088","targetHints":{"allow":["GET"]}}],"collection":[{"href":"https:\/\/www.egemtv.com\/index.php?rest_route=\/wp\/v2\/posts"}],"about":[{"href":"https:\/\/www.egemtv.com\/index.php?rest_route=\/wp\/v2\/types\/post"}],"author":[{"embeddable":true,"href":"https:\/\/www.egemtv.com\/index.php?rest_route=\/wp\/v2\/users\/1"}],"replies":[{"embeddable":true,"href":"https:\/\/www.egemtv.com\/index.php?rest_route=%2Fwp%2Fv2%2Fcomments&post=65088"}],"version-history":[{"count":1,"href":"https:\/\/www.egemtv.com\/index.php?rest_route=\/wp\/v2\/posts\/65088\/revisions"}],"predecessor-version":[{"id":65090,"href":"https:\/\/www.egemtv.com\/index.php?rest_route=\/wp\/v2\/posts\/65088\/revisions\/65090"}],"wp:featuredmedia":[{"embeddable":true,"href":"https:\/\/www.egemtv.com\/index.php?rest_route=\/wp\/v2\/media\/65089"}],"wp:attachment":[{"href":"https:\/\/www.egemtv.com\/index.php?rest_route=%2Fwp%2Fv2%2Fmedia&parent=65088"}],"wp:term":[{"taxonomy":"category","embeddable":true,"href":"https:\/\/www.egemtv.com\/index.php?rest_route=%2Fwp%2Fv2%2Fcategories&post=65088"},{"taxonomy":"post_tag","embeddable":true,"href":"https:\/\/www.egemtv.com\/index.php?rest_route=%2Fwp%2Fv2%2Ftags&post=65088"}],"curies":[{"name":"wp","href":"https:\/\/api.w.org\/{rel}","templated":true}]}}