{"id":65085,"date":"2025-10-31T15:14:49","date_gmt":"2025-10-31T12:14:49","guid":{"rendered":"https:\/\/www.egemtv.com\/?p=65085"},"modified":"2025-10-31T15:14:50","modified_gmt":"2025-10-31T12:14:50","slug":"mentesede-ehliyet-yogunlugu-olmadi-2-bin-500-kisi-hala-eski-tip-ehliyet-sahibi","status":"publish","type":"post","link":"https:\/\/www.egemtv.com\/?p=65085","title":{"rendered":"Mente\u015fe\u2019de ehliyet yo\u011funlu\u011fu olmad\u0131: 2 bin 500 ki\u015fi hala eski tip ehliyet sahibi"},"content":{"rendered":"<p>Mente\u015fe\u2019de eski tip ehliyetlerin yenilenmesi i\u00e7in son g\u00fcn olmas\u0131na ra\u011fmen n\u00fcfus m\u00fcd\u00fcrl\u00fc\u011f\u00fcnde beklenen yo\u011funluk ya\u015fanmad\u0131. \u0130l\u00e7ede yakla\u015f\u0131k 2 bin 500 ki\u015fi hala eski tip s\u00fcr\u00fcc\u00fc belgesi mevcut oldu\u011fu tespit edildi.<\/p>\n<p>Eski tip s\u00fcr\u00fcc\u00fc belgelerinin yenilenmesi i\u00e7in tan\u0131nan s\u00fcre bug\u00fcn itibar\u0131yla sona eriyor. Ancak Mente\u015fe\u2019de beklenen yo\u011funluk ya\u015fanmad\u0131. \u0130l\u00e7e N\u00fcfus M\u00fcd\u00fcrl\u00fc\u011f\u00fc\u2019nde sakin bir g\u00fcn ge\u00e7ti.<\/p>\n<p>Mente\u015fe genelinde yakla\u015f\u0131k 2 bin 500 ki\u015fi halen eski tip ehliyetini yenilemedi. Yeni d\u00fczenlemeye g\u00f6re, 31 Ekim\u2019e kadar ba\u015fvuru yapmayan s\u00fcr\u00fcc\u00fcler, 1 Kas\u0131m\u2019dan itibaren s\u00fcr\u00fcc\u00fc belgesi yenileme i\u015flemi i\u00e7in 7 bin 438,60 TL \u00f6deyecek. Mu\u011fla genelinde ise 26 binin \u00fczerinde s\u00fcr\u00fcc\u00fc, eski tip ehliyetini hen\u00fcz de\u011fi\u015ftirmedi.<br \/><\/p>\n","protected":false},"excerpt":{"rendered":"<p>Mente\u015fe\u2019de eski tip ehliyetlerin yenilenmesi i\u00e7in son g\u00fcn olmas\u0131na ra\u011fmen n\u00fcfus m\u00fcd\u00fcrl\u00fc\u011f\u00fcnde beklenen yo\u011funluk ya\u015fanmad\u0131. \u0130l\u00e7ede yakla\u015f\u0131k 2 bin 500 ki\u015fi hala eski tip s\u00fcr\u00fcc\u00fc belgesi mevcut oldu\u011fu tespit edildi. Eski tip s\u00fcr\u00fcc\u00fc belgelerinin yenilenmesi i\u00e7in tan\u0131nan s\u00fcre bug\u00fcn itibar\u0131yla sona eriyor. Ancak Mente\u015fe\u2019de beklenen yo\u011funluk ya\u015fanmad\u0131. \u0130l\u00e7e N\u00fcfus M\u00fcd\u00fcrl\u00fc\u011f\u00fc\u2019nde sakin bir g\u00fcn ge\u00e7ti. Mente\u015fe&#8230;<\/p>\n","protected":false},"author":1,"featured_media":65086,"comment_status":"open","ping_status":"open","sticky":false,"template":"","format":"standard","meta":{"_crdt_document":"","footnotes":""},"categories":[1],"tags":[],"class_list":["post-65085","post","type-post","status-publish","format-standard","has-post-thumbnail","hentry","category-guncel"],"_links":{"self":[{"href":"https:\/\/www.egemtv.com\/index.php?rest_route=\/wp\/v2\/posts\/65085","targetHints":{"allow":["GET"]}}],"collection":[{"href":"https:\/\/www.egemtv.com\/index.php?rest_route=\/wp\/v2\/posts"}],"about":[{"href":"https:\/\/www.egemtv.com\/index.php?rest_route=\/wp\/v2\/types\/post"}],"author":[{"embeddable":true,"href":"https:\/\/www.egemtv.com\/index.php?rest_route=\/wp\/v2\/users\/1"}],"replies":[{"embeddable":true,"href":"https:\/\/www.egemtv.com\/index.php?rest_route=%2Fwp%2Fv2%2Fcomments&post=65085"}],"version-history":[{"count":1,"href":"https:\/\/www.egemtv.com\/index.php?rest_route=\/wp\/v2\/posts\/65085\/revisions"}],"predecessor-version":[{"id":65087,"href":"https:\/\/www.egemtv.com\/index.php?rest_route=\/wp\/v2\/posts\/65085\/revisions\/65087"}],"wp:featuredmedia":[{"embeddable":true,"href":"https:\/\/www.egemtv.com\/index.php?rest_route=\/wp\/v2\/media\/65086"}],"wp:attachment":[{"href":"https:\/\/www.egemtv.com\/index.php?rest_route=%2Fwp%2Fv2%2Fmedia&parent=65085"}],"wp:term":[{"taxonomy":"category","embeddable":true,"href":"https:\/\/www.egemtv.com\/index.php?rest_route=%2Fwp%2Fv2%2Fcategories&post=65085"},{"taxonomy":"post_tag","embeddable":true,"href":"https:\/\/www.egemtv.com\/index.php?rest_route=%2Fwp%2Fv2%2Ftags&post=65085"}],"curies":[{"name":"wp","href":"https:\/\/api.w.org\/{rel}","templated":true}]}}