{"id":65082,"date":"2025-10-31T15:14:48","date_gmt":"2025-10-31T12:14:48","guid":{"rendered":"https:\/\/www.egemtv.com\/?p=65082"},"modified":"2025-10-31T15:14:49","modified_gmt":"2025-10-31T12:14:49","slug":"minik-ogrencilere-tasarruf-ve-tutumluluk-egitimi-verildi","status":"publish","type":"post","link":"https:\/\/www.egemtv.com\/?p=65082","title":{"rendered":"Minik \u00f6\u011frencilere tasarruf ve tutumluluk e\u011fitimi verildi"},"content":{"rendered":"<p>Yunusemre Belediyesi\u2019nin katk\u0131lar\u0131yla &#8220;D\u00fcnya Tasarruf G\u00fcn\u00fc&#8221; kapsam\u0131nda bireylerin ve toplumlar\u0131n kaynaklar\u0131 daha bilin\u00e7li kullanmas\u0131n\u0131 te\u015fvik etmek, israf\u0131n \u00f6n\u00fcne ge\u00e7mek ve s\u00fcrd\u00fcr\u00fclebilir bir gelecek i\u00e7in fark\u0131ndal\u0131k olu\u015fturmak amac\u0131yla Yunusemre Belediyesi\u2019ne ba\u011fl\u0131 okul \u00f6ncesi e\u011fitim birimlerinde &#8220;Tasarruf ve Tutumluluk&#8221; konulu etkinlik ger\u00e7ekle\u015ftirildi.<br \/>\n<br \/>Her y\u0131l 31 Ekim tarihinde kutlanan &#8220;D\u00fcnya Tasarruf G\u00fcn\u00fc&#8221; kapsam\u0131nda bireylerin ve toplumlar\u0131n kaynaklar\u0131 daha bilin\u00e7li kullanmas\u0131n\u0131 te\u015fvik etmek, israf\u0131n \u00f6n\u00fcne ge\u00e7mek ve s\u00fcrd\u00fcr\u00fclebilir bir gelecek i\u00e7in fark\u0131ndal\u0131k olu\u015fturmak amac\u0131yla e\u011fitim verildi.<br \/>\n<br \/>Yunusemre Belediyesi \u0130klim De\u011fi\u015fikli\u011fi ve S\u0131f\u0131r At\u0131k M\u00fcd\u00fcrl\u00fc\u011f\u00fcnde g\u00f6revli \u00c7evre M\u00fchendisleri taraf\u0131ndan 27-31 Ekim tarihleri aras\u0131nda Yunusemre Belediyesi\u2019ne ba\u011fl\u0131 okul \u00f6ncesi e\u011fitim birimlerinde bulunan 350 \u00f6\u011frenciye, ya\u015f ve geli\u015fim d\u00fczeylerine uygun olarak &#8220;Tasarruf ve Tutumluluk&#8221; konulu e\u011fitim ve etkinlikler ger\u00e7ekle\u015ftirildi.<br \/>\n<br \/>E\u011fitim ve etkinliklerin sonunda tasarrufun \u00f6nemini vurgulamak amac\u0131yla \u00f6\u011frencilere kumbara da\u011f\u0131t\u0131ld\u0131.<br \/><\/p>\n","protected":false},"excerpt":{"rendered":"<p>Yunusemre Belediyesi\u2019nin katk\u0131lar\u0131yla &#8220;D\u00fcnya Tasarruf G\u00fcn\u00fc&#8221; kapsam\u0131nda bireylerin ve toplumlar\u0131n kaynaklar\u0131 daha bilin\u00e7li kullanmas\u0131n\u0131 te\u015fvik etmek, israf\u0131n \u00f6n\u00fcne ge\u00e7mek ve s\u00fcrd\u00fcr\u00fclebilir bir gelecek i\u00e7in fark\u0131ndal\u0131k olu\u015fturmak amac\u0131yla Yunusemre Belediyesi\u2019ne ba\u011fl\u0131 okul \u00f6ncesi e\u011fitim birimlerinde &#8220;Tasarruf ve Tutumluluk&#8221; konulu etkinlik ger\u00e7ekle\u015ftirildi. Her y\u0131l 31 Ekim tarihinde kutlanan &#8220;D\u00fcnya Tasarruf G\u00fcn\u00fc&#8221; kapsam\u0131nda bireylerin ve toplumlar\u0131n kaynaklar\u0131 daha&#8230;<\/p>\n","protected":false},"author":1,"featured_media":65083,"comment_status":"open","ping_status":"open","sticky":false,"template":"","format":"standard","meta":{"_crdt_document":"","footnotes":""},"categories":[1],"tags":[],"class_list":["post-65082","post","type-post","status-publish","format-standard","has-post-thumbnail","hentry","category-guncel"],"_links":{"self":[{"href":"https:\/\/www.egemtv.com\/index.php?rest_route=\/wp\/v2\/posts\/65082","targetHints":{"allow":["GET"]}}],"collection":[{"href":"https:\/\/www.egemtv.com\/index.php?rest_route=\/wp\/v2\/posts"}],"about":[{"href":"https:\/\/www.egemtv.com\/index.php?rest_route=\/wp\/v2\/types\/post"}],"author":[{"embeddable":true,"href":"https:\/\/www.egemtv.com\/index.php?rest_route=\/wp\/v2\/users\/1"}],"replies":[{"embeddable":true,"href":"https:\/\/www.egemtv.com\/index.php?rest_route=%2Fwp%2Fv2%2Fcomments&post=65082"}],"version-history":[{"count":1,"href":"https:\/\/www.egemtv.com\/index.php?rest_route=\/wp\/v2\/posts\/65082\/revisions"}],"predecessor-version":[{"id":65084,"href":"https:\/\/www.egemtv.com\/index.php?rest_route=\/wp\/v2\/posts\/65082\/revisions\/65084"}],"wp:featuredmedia":[{"embeddable":true,"href":"https:\/\/www.egemtv.com\/index.php?rest_route=\/wp\/v2\/media\/65083"}],"wp:attachment":[{"href":"https:\/\/www.egemtv.com\/index.php?rest_route=%2Fwp%2Fv2%2Fmedia&parent=65082"}],"wp:term":[{"taxonomy":"category","embeddable":true,"href":"https:\/\/www.egemtv.com\/index.php?rest_route=%2Fwp%2Fv2%2Fcategories&post=65082"},{"taxonomy":"post_tag","embeddable":true,"href":"https:\/\/www.egemtv.com\/index.php?rest_route=%2Fwp%2Fv2%2Ftags&post=65082"}],"curies":[{"name":"wp","href":"https:\/\/api.w.org\/{rel}","templated":true}]}}