{"id":65079,"date":"2025-10-31T15:14:47","date_gmt":"2025-10-31T12:14:47","guid":{"rendered":"https:\/\/www.egemtv.com\/?p=65079"},"modified":"2025-10-31T15:14:48","modified_gmt":"2025-10-31T12:14:48","slug":"datcadaki-okullar-proje-yarismasindaki-basarilari-ile-gururlandirdi","status":"publish","type":"post","link":"https:\/\/www.egemtv.com\/?p=65079","title":{"rendered":"Dat\u00e7a\u2019daki okullar proje yar\u0131\u015fmas\u0131ndaki ba\u015far\u0131lar\u0131 ile gururland\u0131rd\u0131"},"content":{"rendered":"<p>Dat\u00e7a\u2019daki \u00fc\u00e7 okul, Mu\u011fla genelinde d\u00fczenlenen proje yar\u0131\u015fmas\u0131nda farkl\u0131 kategorilerde elde ettikleri derecelerle il\u00e7eye b\u00fcy\u00fck gurur ya\u015fatt\u0131.<br \/>\n<br \/>Mu\u011fla genelinde d\u00fczenlenen proje yar\u0131\u015fmas\u0131nda Dat\u00e7a il\u00e7esindeki okullar, farkl\u0131 alanlarda elde ettikleri derecelerle ba\u015far\u0131ya imza att\u0131. Kaz\u0131m Y\u0131lmaz \u0130lkokulu &#8220;B\u00f6cek Vatanda\u015flar: Do\u011fan\u0131n K\u00fc\u00e7\u00fck Canl\u0131lar\u0131&#8221; adl\u0131 projesiyle Etkin \u00d6\u011fretim alan\u0131nda ikinci, &#8220;S\u00fcrd\u00fcr\u00fclebilir Ya\u015fam \u0130\u00e7in: Eyleme Ge\u00e7, D\u00fcnya De\u011fi\u015fsin&#8221; adl\u0131 projesiyle ise S\u00fcrd\u00fcr\u00fclebilir \u00c7evre ve Sa\u011fl\u0131kl\u0131 Ya\u015fam alan\u0131nda \u00fc\u00e7\u00fcnc\u00fc oldu. Mustafa Kutluay Ortaokulu &#8220;Do\u011fayla Dost Okul: Hibrit Enerji Sistemi Projesi&#8221; ile S\u00fcrd\u00fcr\u00fclebilir \u00c7evre ve Sa\u011fl\u0131kl\u0131 Ya\u015fam alan\u0131nda mansiyon \u00f6d\u00fcl\u00fc al\u0131rken, Kabaklarl\u0131 \u0130lkokulu da &#8220;Birlikte D\u00fc\u015f\u00fcn, Birlikte Dinlen&#8221; projesiyle Kurumsal Kapasitenin Geli\u015ftirilmesi alan\u0131nda mansiyon elde etti.<br \/>\n<br \/>Dat\u00e7a \u0130l\u00e7e Milli E\u011fitim M\u00fcd\u00fcrl\u00fc\u011f\u00fc, dereceye giren okul, \u00f6\u011fretmen ve \u00f6\u011frencileri tebrik ederek ba\u015far\u0131lar\u0131n\u0131n devam\u0131n\u0131 dilerken, yapt\u0131\u011f\u0131 a\u00e7\u0131klamada &#8220;Dat\u00e7a okullar\u0131m\u0131zdan b\u00fcy\u00fck ba\u015far\u0131. Mu\u011fla genelinde d\u00fczenlenen proje yar\u0131\u015fmas\u0131nda, Dat\u00e7a il\u00e7emizden d\u00f6rt okulumuz farkl\u0131 alanlarda dereceye girerek bizleri gururland\u0131rd\u0131. Dereceye giren t\u00fcm okullar\u0131m\u0131z\u0131, \u00f6\u011fretmen ve \u00f6\u011frencilerimizi y\u00fcrekten tebrik ediyoruz&#8221; ifadeleri yer ald\u0131.<br \/><\/p>\n","protected":false},"excerpt":{"rendered":"<p>Dat\u00e7a\u2019daki \u00fc\u00e7 okul, Mu\u011fla genelinde d\u00fczenlenen proje yar\u0131\u015fmas\u0131nda farkl\u0131 kategorilerde elde ettikleri derecelerle il\u00e7eye b\u00fcy\u00fck gurur ya\u015fatt\u0131. Mu\u011fla genelinde d\u00fczenlenen proje yar\u0131\u015fmas\u0131nda Dat\u00e7a il\u00e7esindeki okullar, farkl\u0131 alanlarda elde ettikleri derecelerle ba\u015far\u0131ya imza att\u0131. Kaz\u0131m Y\u0131lmaz \u0130lkokulu &#8220;B\u00f6cek Vatanda\u015flar: Do\u011fan\u0131n K\u00fc\u00e7\u00fck Canl\u0131lar\u0131&#8221; adl\u0131 projesiyle Etkin \u00d6\u011fretim alan\u0131nda ikinci, &#8220;S\u00fcrd\u00fcr\u00fclebilir Ya\u015fam \u0130\u00e7in: Eyleme Ge\u00e7, D\u00fcnya De\u011fi\u015fsin&#8221; adl\u0131&#8230;<\/p>\n","protected":false},"author":1,"featured_media":65080,"comment_status":"open","ping_status":"open","sticky":false,"template":"","format":"standard","meta":{"_crdt_document":"","footnotes":""},"categories":[1],"tags":[],"class_list":["post-65079","post","type-post","status-publish","format-standard","has-post-thumbnail","hentry","category-guncel"],"_links":{"self":[{"href":"https:\/\/www.egemtv.com\/index.php?rest_route=\/wp\/v2\/posts\/65079","targetHints":{"allow":["GET"]}}],"collection":[{"href":"https:\/\/www.egemtv.com\/index.php?rest_route=\/wp\/v2\/posts"}],"about":[{"href":"https:\/\/www.egemtv.com\/index.php?rest_route=\/wp\/v2\/types\/post"}],"author":[{"embeddable":true,"href":"https:\/\/www.egemtv.com\/index.php?rest_route=\/wp\/v2\/users\/1"}],"replies":[{"embeddable":true,"href":"https:\/\/www.egemtv.com\/index.php?rest_route=%2Fwp%2Fv2%2Fcomments&post=65079"}],"version-history":[{"count":1,"href":"https:\/\/www.egemtv.com\/index.php?rest_route=\/wp\/v2\/posts\/65079\/revisions"}],"predecessor-version":[{"id":65081,"href":"https:\/\/www.egemtv.com\/index.php?rest_route=\/wp\/v2\/posts\/65079\/revisions\/65081"}],"wp:featuredmedia":[{"embeddable":true,"href":"https:\/\/www.egemtv.com\/index.php?rest_route=\/wp\/v2\/media\/65080"}],"wp:attachment":[{"href":"https:\/\/www.egemtv.com\/index.php?rest_route=%2Fwp%2Fv2%2Fmedia&parent=65079"}],"wp:term":[{"taxonomy":"category","embeddable":true,"href":"https:\/\/www.egemtv.com\/index.php?rest_route=%2Fwp%2Fv2%2Fcategories&post=65079"},{"taxonomy":"post_tag","embeddable":true,"href":"https:\/\/www.egemtv.com\/index.php?rest_route=%2Fwp%2Fv2%2Ftags&post=65079"}],"curies":[{"name":"wp","href":"https:\/\/api.w.org\/{rel}","templated":true}]}}