{"id":65076,"date":"2025-10-31T14:55:39","date_gmt":"2025-10-31T11:55:39","guid":{"rendered":"https:\/\/www.egemtv.com\/?p=65076"},"modified":"2025-10-31T14:55:40","modified_gmt":"2025-10-31T11:55:40","slug":"kutahyada-lise-ogrencileri-orman-yanginlariyla-mucadele-konusunda-bilgilendirildi","status":"publish","type":"post","link":"https:\/\/www.egemtv.com\/?p=65076","title":{"rendered":"K\u00fctahya\u2019da lise \u00f6\u011frencileri orman yang\u0131nlar\u0131yla m\u00fccadele konusunda bilgilendirildi"},"content":{"rendered":"<p>K\u00fctahya Orman B\u00f6lge M\u00fcd\u00fcrl\u00fc\u011f\u00fc Yang\u0131nla M\u00fccadele \u015eube M\u00fcd\u00fcrl\u00fc\u011f\u00fcn\u00fc ziyaret eden Borsa \u0130stanbul Anadolu Lisesi \u00f6\u011frencilerine orman yang\u0131nlar\u0131yla m\u00fccadelede kullan\u0131lan ekipmanlar, ara\u00e7lar ve teknikler hakk\u0131nda bilgi verildi.<br \/>\n<br \/>Orman Yang\u0131nlar\u0131yla M\u00fccadele M\u00fcd\u00fcr\u00fc Sinan \u00d6zda\u011f taraf\u0131ndan Borsa \u0130stanbul Anadolu Lisesi \u00f6\u011frencilerine yang\u0131nla m\u00fccadele \u00e7al\u0131\u015fmalar\u0131n\u0131n nas\u0131l y\u00fcr\u00fct\u00fcld\u00fc\u011f\u00fc, al\u0131nan \u00f6nlemler ve ekiplerin sahadaki g\u00f6revleri anlat\u0131ld\u0131. Ziyaret sonunda B\u00f6lge M\u00fcd\u00fcr\u00fc Erdal Dingil taraf\u0131ndan \u00f6\u011frencilere \u015fapka ve tohumlu kalemler hediye edildi.<br \/><\/p>\n","protected":false},"excerpt":{"rendered":"<p>K\u00fctahya Orman B\u00f6lge M\u00fcd\u00fcrl\u00fc\u011f\u00fc Yang\u0131nla M\u00fccadele \u015eube M\u00fcd\u00fcrl\u00fc\u011f\u00fcn\u00fc ziyaret eden Borsa \u0130stanbul Anadolu Lisesi \u00f6\u011frencilerine orman yang\u0131nlar\u0131yla m\u00fccadelede kullan\u0131lan ekipmanlar, ara\u00e7lar ve teknikler hakk\u0131nda bilgi verildi. Orman Yang\u0131nlar\u0131yla M\u00fccadele M\u00fcd\u00fcr\u00fc Sinan \u00d6zda\u011f taraf\u0131ndan Borsa \u0130stanbul Anadolu Lisesi \u00f6\u011frencilerine yang\u0131nla m\u00fccadele \u00e7al\u0131\u015fmalar\u0131n\u0131n nas\u0131l y\u00fcr\u00fct\u00fcld\u00fc\u011f\u00fc, al\u0131nan \u00f6nlemler ve ekiplerin sahadaki g\u00f6revleri anlat\u0131ld\u0131. Ziyaret sonunda B\u00f6lge M\u00fcd\u00fcr\u00fc Erdal&#8230;<\/p>\n","protected":false},"author":1,"featured_media":65077,"comment_status":"open","ping_status":"open","sticky":false,"template":"","format":"standard","meta":{"_crdt_document":"","footnotes":""},"categories":[1],"tags":[],"class_list":["post-65076","post","type-post","status-publish","format-standard","has-post-thumbnail","hentry","category-guncel"],"_links":{"self":[{"href":"https:\/\/www.egemtv.com\/index.php?rest_route=\/wp\/v2\/posts\/65076","targetHints":{"allow":["GET"]}}],"collection":[{"href":"https:\/\/www.egemtv.com\/index.php?rest_route=\/wp\/v2\/posts"}],"about":[{"href":"https:\/\/www.egemtv.com\/index.php?rest_route=\/wp\/v2\/types\/post"}],"author":[{"embeddable":true,"href":"https:\/\/www.egemtv.com\/index.php?rest_route=\/wp\/v2\/users\/1"}],"replies":[{"embeddable":true,"href":"https:\/\/www.egemtv.com\/index.php?rest_route=%2Fwp%2Fv2%2Fcomments&post=65076"}],"version-history":[{"count":1,"href":"https:\/\/www.egemtv.com\/index.php?rest_route=\/wp\/v2\/posts\/65076\/revisions"}],"predecessor-version":[{"id":65078,"href":"https:\/\/www.egemtv.com\/index.php?rest_route=\/wp\/v2\/posts\/65076\/revisions\/65078"}],"wp:featuredmedia":[{"embeddable":true,"href":"https:\/\/www.egemtv.com\/index.php?rest_route=\/wp\/v2\/media\/65077"}],"wp:attachment":[{"href":"https:\/\/www.egemtv.com\/index.php?rest_route=%2Fwp%2Fv2%2Fmedia&parent=65076"}],"wp:term":[{"taxonomy":"category","embeddable":true,"href":"https:\/\/www.egemtv.com\/index.php?rest_route=%2Fwp%2Fv2%2Fcategories&post=65076"},{"taxonomy":"post_tag","embeddable":true,"href":"https:\/\/www.egemtv.com\/index.php?rest_route=%2Fwp%2Fv2%2Ftags&post=65076"}],"curies":[{"name":"wp","href":"https:\/\/api.w.org\/{rel}","templated":true}]}}