{"id":65073,"date":"2025-10-31T14:15:27","date_gmt":"2025-10-31T11:15:27","guid":{"rendered":"https:\/\/www.egemtv.com\/?p=65073"},"modified":"2025-10-31T14:15:28","modified_gmt":"2025-10-31T11:15:28","slug":"civril-belediyesi-bir-ilke-imza-atiyor","status":"publish","type":"post","link":"https:\/\/www.egemtv.com\/?p=65073","title":{"rendered":"\u00c7ivril Belediyesi bir ilke imza at\u0131yor"},"content":{"rendered":"<p>\u00c7ivril Belediyesi, \u00e7ocuklar\u0131n ve gen\u00e7lerin \u00e7e\u015fitli spor dallar\u0131nda e\u011fitim alaca\u011f\u0131, yeteneklerini geli\u015ftirece\u011fi ve k\u0131\u015f aylar\u0131n\u0131 aktif ge\u00e7irece\u011fi K\u0131\u015f Spor Okullar\u0131n\u0131 hayata ge\u00e7irerek il\u00e7ede bir imza at\u0131yor. Sporu desteklemeye devam edeceklerini belirten \u00c7ivril Belediye Ba\u015fkan\u0131 Semih Dere, &#8220;Sa\u011fl\u0131kl\u0131 ve ba\u015far\u0131l\u0131 bireylerini yeti\u015ftirmek i\u00e7in sporu desteklemeye devam edece\u011fiz&#8221; dedi.<\/p>\n<p>Denizli\u2019nin \u00c7ivril il\u00e7esinde \u00c7ivril Belediyesi spor alan\u0131nda yeni bir ad\u0131m at\u0131yor. Bu kapsamda \u00c7ivril Belediyesi,  \u00c7ivril K\u0131\u015f Spor Okullar\u0131n\u0131 faaliyete ge\u00e7iriyor. \u00c7ivril\u2019de ilk kez d\u00fczenlenecek olan k\u0131\u015f spor okullar\u0131 ile gen\u00e7ler ve \u00e7ocuklar \u00e7e\u015fitli spor dallar\u0131ndan e\u011fitim alabilecek, yeteneklerini geli\u015ftirecek. Proje kapsam\u0131nda kat\u0131l\u0131mc\u0131lara pilates, zumba, voleybol, basketbol, futbol, satran\u00e7, g\u00fcre\u015f, kad\u0131n futbolu, ve \u00e7e\u015fitli spor bran\u015flar\u0131ndan e\u011fitimler verilecek. K\u0131\u015f Spor Okullar\u0131, tecr\u00fcbeli antren\u00f6rler e\u015fli\u011finde d\u00fczenlenecek olup \u00e7ocuklar\u0131n ve gen\u00e7lerin yeteneklerini ke\u015ffetmelerini sa\u011flayacak.<\/p>\n<p>&#8220;Sa\u011fl\u0131kl\u0131 ve ba\u015far\u0131l\u0131 bireylerini yeti\u015ftirmek i\u00e7in sporu desteklemeye devam edece\u011fiz&#8221;<br \/>\n<br \/>Sporu desteklemeye devam edeceklerini belirten \u00c7ivril Belediye Ba\u015fkan\u0131 Semih Dere, &#8220;\u00c7ocuklar\u0131m\u0131z\u0131n ve gen\u00e7lerimizin sporla i\u00e7 i\u00e7e olmalar\u0131n\u0131 sa\u011flamak amac\u0131yla il\u00e7emizde ilk kez K\u0131\u015f Spor Okullar\u0131n\u0131 hayata ge\u00e7irdik. \u00c7ocuklar\u0131m\u0131z\u0131n ve gen\u00e7lerimizin hem fiziksel hem de sosyal geli\u015fimlerine katk\u0131 sunmak i\u00e7in d\u00fczenledi\u011fimiz K\u0131\u015f Spor Okullar\u0131 i\u00e7in kay\u0131tlar\u0131m\u0131z ba\u015flad\u0131. K\u0131\u015f Spor Okullar\u0131 ile hem e\u011flenceli hem de \u00f6\u011fretici bir deneyim sunmay\u0131 hedefliyoruz. Gelece\u011fin donan\u0131ml\u0131, birikimli, sa\u011fl\u0131kl\u0131 ve ba\u015far\u0131l\u0131 bireylerini yeti\u015ftirmek i\u00e7in sporu desteklemeye devam edece\u011fiz. T\u00fcm \u00e7ocuklar\u0131m\u0131z\u0131 ve gen\u00e7lerimizi K\u0131\u015f Spor Okullar\u0131m\u0131za davet ediyorum&#8221; dedi.<br \/><\/p>\n","protected":false},"excerpt":{"rendered":"<p>\u00c7ivril Belediyesi, \u00e7ocuklar\u0131n ve gen\u00e7lerin \u00e7e\u015fitli spor dallar\u0131nda e\u011fitim alaca\u011f\u0131, yeteneklerini geli\u015ftirece\u011fi ve k\u0131\u015f aylar\u0131n\u0131 aktif ge\u00e7irece\u011fi K\u0131\u015f Spor Okullar\u0131n\u0131 hayata ge\u00e7irerek il\u00e7ede bir imza at\u0131yor. Sporu desteklemeye devam edeceklerini belirten \u00c7ivril Belediye Ba\u015fkan\u0131 Semih Dere, &#8220;Sa\u011fl\u0131kl\u0131 ve ba\u015far\u0131l\u0131 bireylerini yeti\u015ftirmek i\u00e7in sporu desteklemeye devam edece\u011fiz&#8221; dedi. Denizli\u2019nin \u00c7ivril il\u00e7esinde \u00c7ivril Belediyesi spor alan\u0131nda yeni&#8230;<\/p>\n","protected":false},"author":1,"featured_media":65074,"comment_status":"open","ping_status":"open","sticky":false,"template":"","format":"standard","meta":{"_crdt_document":"","footnotes":""},"categories":[1],"tags":[],"class_list":["post-65073","post","type-post","status-publish","format-standard","has-post-thumbnail","hentry","category-guncel"],"_links":{"self":[{"href":"https:\/\/www.egemtv.com\/index.php?rest_route=\/wp\/v2\/posts\/65073","targetHints":{"allow":["GET"]}}],"collection":[{"href":"https:\/\/www.egemtv.com\/index.php?rest_route=\/wp\/v2\/posts"}],"about":[{"href":"https:\/\/www.egemtv.com\/index.php?rest_route=\/wp\/v2\/types\/post"}],"author":[{"embeddable":true,"href":"https:\/\/www.egemtv.com\/index.php?rest_route=\/wp\/v2\/users\/1"}],"replies":[{"embeddable":true,"href":"https:\/\/www.egemtv.com\/index.php?rest_route=%2Fwp%2Fv2%2Fcomments&post=65073"}],"version-history":[{"count":1,"href":"https:\/\/www.egemtv.com\/index.php?rest_route=\/wp\/v2\/posts\/65073\/revisions"}],"predecessor-version":[{"id":65075,"href":"https:\/\/www.egemtv.com\/index.php?rest_route=\/wp\/v2\/posts\/65073\/revisions\/65075"}],"wp:featuredmedia":[{"embeddable":true,"href":"https:\/\/www.egemtv.com\/index.php?rest_route=\/wp\/v2\/media\/65074"}],"wp:attachment":[{"href":"https:\/\/www.egemtv.com\/index.php?rest_route=%2Fwp%2Fv2%2Fmedia&parent=65073"}],"wp:term":[{"taxonomy":"category","embeddable":true,"href":"https:\/\/www.egemtv.com\/index.php?rest_route=%2Fwp%2Fv2%2Fcategories&post=65073"},{"taxonomy":"post_tag","embeddable":true,"href":"https:\/\/www.egemtv.com\/index.php?rest_route=%2Fwp%2Fv2%2Ftags&post=65073"}],"curies":[{"name":"wp","href":"https:\/\/api.w.org\/{rel}","templated":true}]}}