{"id":65067,"date":"2025-10-31T14:15:25","date_gmt":"2025-10-31T11:15:25","guid":{"rendered":"https:\/\/www.egemtv.com\/?p=65067"},"modified":"2025-10-31T14:15:26","modified_gmt":"2025-10-31T11:15:26","slug":"mentesede-istiridye-mantari-uretimine-yerinde-denetim","status":"publish","type":"post","link":"https:\/\/www.egemtv.com\/?p=65067","title":{"rendered":"Mente\u015fe\u2019de istiridye mantar\u0131 \u00fcretimine yerinde denetim"},"content":{"rendered":"<p>Mente\u015fe \u0130l\u00e7e Tar\u0131m ve Orman M\u00fcd\u00fcr\u00fc Eren Ka\u00e7maz, b\u00f6lgedeki tar\u0131msal faaliyetleri destekleme ve denetleme \u00e7al\u0131\u015fmalar\u0131 kapsam\u0131nda, Muratlar Mahallesi\u2019nde faaliyet g\u00f6steren istiridye mantar\u0131 \u00fcreticilerini ziyaret etti.<\/p>\n<p>M\u00fcd\u00fcr Ka\u00e7maz, \u00fcretim tesislerinde incelemelerde bulunarak \u00fcreticilerle bir araya geldi. Denetim s\u0131ras\u0131nda, mantar \u00fcretim s\u00fcre\u00e7leri, hijyen \u015fartlar\u0131 ve verimlilik konular\u0131nda bilgi ald\u0131. Yap\u0131lan denetimle, \u00fcretimin standartlara uygunlu\u011fu kontrol edilirken, \u00fcreticilerin kar\u015f\u0131la\u015ft\u0131\u011f\u0131 sorunlar dinlendi ve Tar\u0131m ve Orman M\u00fcd\u00fcrl\u00fc\u011f\u00fc\u2019n\u00fcn destekleri hakk\u0131nda bilgilendirme yap\u0131ld\u0131.<br \/><\/p>\n","protected":false},"excerpt":{"rendered":"<p>Mente\u015fe \u0130l\u00e7e Tar\u0131m ve Orman M\u00fcd\u00fcr\u00fc Eren Ka\u00e7maz, b\u00f6lgedeki tar\u0131msal faaliyetleri destekleme ve denetleme \u00e7al\u0131\u015fmalar\u0131 kapsam\u0131nda, Muratlar Mahallesi\u2019nde faaliyet g\u00f6steren istiridye mantar\u0131 \u00fcreticilerini ziyaret etti. M\u00fcd\u00fcr Ka\u00e7maz, \u00fcretim tesislerinde incelemelerde bulunarak \u00fcreticilerle bir araya geldi. Denetim s\u0131ras\u0131nda, mantar \u00fcretim s\u00fcre\u00e7leri, hijyen \u015fartlar\u0131 ve verimlilik konular\u0131nda bilgi ald\u0131. Yap\u0131lan denetimle, \u00fcretimin standartlara uygunlu\u011fu kontrol edilirken, \u00fcreticilerin&#8230;<\/p>\n","protected":false},"author":1,"featured_media":65068,"comment_status":"open","ping_status":"open","sticky":false,"template":"","format":"standard","meta":{"_crdt_document":"","footnotes":""},"categories":[1],"tags":[],"class_list":["post-65067","post","type-post","status-publish","format-standard","has-post-thumbnail","hentry","category-guncel"],"_links":{"self":[{"href":"https:\/\/www.egemtv.com\/index.php?rest_route=\/wp\/v2\/posts\/65067","targetHints":{"allow":["GET"]}}],"collection":[{"href":"https:\/\/www.egemtv.com\/index.php?rest_route=\/wp\/v2\/posts"}],"about":[{"href":"https:\/\/www.egemtv.com\/index.php?rest_route=\/wp\/v2\/types\/post"}],"author":[{"embeddable":true,"href":"https:\/\/www.egemtv.com\/index.php?rest_route=\/wp\/v2\/users\/1"}],"replies":[{"embeddable":true,"href":"https:\/\/www.egemtv.com\/index.php?rest_route=%2Fwp%2Fv2%2Fcomments&post=65067"}],"version-history":[{"count":1,"href":"https:\/\/www.egemtv.com\/index.php?rest_route=\/wp\/v2\/posts\/65067\/revisions"}],"predecessor-version":[{"id":65069,"href":"https:\/\/www.egemtv.com\/index.php?rest_route=\/wp\/v2\/posts\/65067\/revisions\/65069"}],"wp:featuredmedia":[{"embeddable":true,"href":"https:\/\/www.egemtv.com\/index.php?rest_route=\/wp\/v2\/media\/65068"}],"wp:attachment":[{"href":"https:\/\/www.egemtv.com\/index.php?rest_route=%2Fwp%2Fv2%2Fmedia&parent=65067"}],"wp:term":[{"taxonomy":"category","embeddable":true,"href":"https:\/\/www.egemtv.com\/index.php?rest_route=%2Fwp%2Fv2%2Fcategories&post=65067"},{"taxonomy":"post_tag","embeddable":true,"href":"https:\/\/www.egemtv.com\/index.php?rest_route=%2Fwp%2Fv2%2Ftags&post=65067"}],"curies":[{"name":"wp","href":"https:\/\/api.w.org\/{rel}","templated":true}]}}