{"id":65064,"date":"2025-10-31T13:55:48","date_gmt":"2025-10-31T10:55:48","guid":{"rendered":"https:\/\/www.egemtv.com\/?p=65064"},"modified":"2025-10-31T13:55:49","modified_gmt":"2025-10-31T10:55:49","slug":"seyir-halindeki-tirda-cikan-yangin-korkuttu","status":"publish","type":"post","link":"https:\/\/www.egemtv.com\/?p=65064","title":{"rendered":"Seyir halindeki t\u0131rda \u00e7\u0131kan yang\u0131n korkuttu"},"content":{"rendered":"<p>Afyonkarahisar\u2019da lastikleri yanan t\u0131r itfaiyenin zaman\u0131nda m\u00fcdahalesiyle b\u00fcy\u00fcmeden s\u00f6nd\u00fcr\u00fcld\u00fc.<br \/>\n<br \/>Olay, Sand\u0131kl\u0131 il\u00e7esi \u00e7\u0131k\u0131\u015f\u0131nda meydana geldi. Edinilen bilgilere g\u00f6re, M.K., idaresinde ki 43 SP 371 plakal\u0131 t\u0131r trafikte seyir halindeyken dorsesinde bulunan lastiklerinden bir anda dumanlar y\u00fckselmeye ba\u015flad\u0131. Durumu fark eden s\u00fcr\u00fcc\u00fc arac\u0131 yol kenar\u0131na park ederek itfaiyeye haber verdi. Balatalar\u0131n \u015fi\u015fmesi ile birlikte lastiklerin alev almas\u0131 ile ba\u015flayan yang\u0131n \u00e7evrede pani\u011fe neden olurken, yang\u0131na ilk m\u00fcdahaleyi yang\u0131n t\u00fcp\u00fc ile vatanda\u015flar yapt\u0131. \u0130hbar \u00fczerine k\u0131sa s\u00fcrede olay yerine gelen itfaiye ekipleri ise k\u0131sa s\u00fcrede yang\u0131n\u0131 kontrol alt\u0131na ald\u0131. Yang\u0131n ekiplerin yakla\u015f\u0131k yar\u0131m saat s\u00fcren m\u00fcdahalesinin ard\u0131ndan kontrolden alt\u0131na al\u0131nd\u0131. Yang\u0131n sonras\u0131 t\u0131r\u0131n dorsesinde b\u00fcy\u00fck \u00e7apta maddi maddi hasar meydana geldi\u011fi belirtildi.<br \/><\/p>\n","protected":false},"excerpt":{"rendered":"<p>Afyonkarahisar\u2019da lastikleri yanan t\u0131r itfaiyenin zaman\u0131nda m\u00fcdahalesiyle b\u00fcy\u00fcmeden s\u00f6nd\u00fcr\u00fcld\u00fc. Olay, Sand\u0131kl\u0131 il\u00e7esi \u00e7\u0131k\u0131\u015f\u0131nda meydana geldi. Edinilen bilgilere g\u00f6re, M.K., idaresinde ki 43 SP 371 plakal\u0131 t\u0131r trafikte seyir halindeyken dorsesinde bulunan lastiklerinden bir anda dumanlar y\u00fckselmeye ba\u015flad\u0131. Durumu fark eden s\u00fcr\u00fcc\u00fc arac\u0131 yol kenar\u0131na park ederek itfaiyeye haber verdi. Balatalar\u0131n \u015fi\u015fmesi ile birlikte lastiklerin alev&#8230;<\/p>\n","protected":false},"author":1,"featured_media":65065,"comment_status":"open","ping_status":"open","sticky":false,"template":"","format":"standard","meta":{"_crdt_document":"","footnotes":""},"categories":[5],"tags":[],"class_list":["post-65064","post","type-post","status-publish","format-standard","has-post-thumbnail","hentry","category-asayis"],"_links":{"self":[{"href":"https:\/\/www.egemtv.com\/index.php?rest_route=\/wp\/v2\/posts\/65064","targetHints":{"allow":["GET"]}}],"collection":[{"href":"https:\/\/www.egemtv.com\/index.php?rest_route=\/wp\/v2\/posts"}],"about":[{"href":"https:\/\/www.egemtv.com\/index.php?rest_route=\/wp\/v2\/types\/post"}],"author":[{"embeddable":true,"href":"https:\/\/www.egemtv.com\/index.php?rest_route=\/wp\/v2\/users\/1"}],"replies":[{"embeddable":true,"href":"https:\/\/www.egemtv.com\/index.php?rest_route=%2Fwp%2Fv2%2Fcomments&post=65064"}],"version-history":[{"count":1,"href":"https:\/\/www.egemtv.com\/index.php?rest_route=\/wp\/v2\/posts\/65064\/revisions"}],"predecessor-version":[{"id":65066,"href":"https:\/\/www.egemtv.com\/index.php?rest_route=\/wp\/v2\/posts\/65064\/revisions\/65066"}],"wp:featuredmedia":[{"embeddable":true,"href":"https:\/\/www.egemtv.com\/index.php?rest_route=\/wp\/v2\/media\/65065"}],"wp:attachment":[{"href":"https:\/\/www.egemtv.com\/index.php?rest_route=%2Fwp%2Fv2%2Fmedia&parent=65064"}],"wp:term":[{"taxonomy":"category","embeddable":true,"href":"https:\/\/www.egemtv.com\/index.php?rest_route=%2Fwp%2Fv2%2Fcategories&post=65064"},{"taxonomy":"post_tag","embeddable":true,"href":"https:\/\/www.egemtv.com\/index.php?rest_route=%2Fwp%2Fv2%2Ftags&post=65064"}],"curies":[{"name":"wp","href":"https:\/\/api.w.org\/{rel}","templated":true}]}}