{"id":65061,"date":"2025-10-31T13:55:48","date_gmt":"2025-10-31T10:55:48","guid":{"rendered":"https:\/\/www.egemtv.com\/?p=65061"},"modified":"2025-10-31T13:55:48","modified_gmt":"2025-10-31T10:55:48","slug":"mugla-buyuksehirden-kirsal-kalkinmaya-330-tonluk-yem-tohumu-destegi","status":"publish","type":"post","link":"https:\/\/www.egemtv.com\/?p=65061","title":{"rendered":"Mu\u011fla B\u00fcy\u00fck\u015fehir\u2019den K\u0131rsal Kalk\u0131nmaya 330 tonluk yem tohumu deste\u011fi"},"content":{"rendered":"<p>Mu\u011fla B\u00fcy\u00fck\u015fehir Belediyesi, tar\u0131msal \u00fcretimi desteklemek, \u00fcreticilerin girdi maliyetlerini azaltmak ve yerel \u00fcretimi g\u00fc\u00e7lendirmek amac\u0131yla 13 il\u00e7ede bin 500 \u00fcreticiye toplam 330 ton yem bitkisi tohumu deste\u011fi sa\u011fl\u0131yor. Tritikale, arpa ve yulaf tohumlar\u0131ndan olu\u015fan bu destekle 13 bin 200 dekar alan\u0131n yem bitkisi \u00fcretimiyle bulu\u015fmas\u0131 hedefleniyor.<br \/>\n<br \/>\u2018Verimli Topraklar\u0131yla Tar\u0131m Kenti Mu\u011fla\u2019 vizyonuyla \u00e7al\u0131\u015fmalar\u0131n\u0131 s\u00fcrd\u00fcren Mu\u011fla B\u00fcy\u00fck\u015fehir Belediyesi, bug\u00fcne kadar Yata\u011fan, Milas, Mente\u015fe, Fethiye ve Seydikemer il\u00e7elerinde da\u011f\u0131t\u0131m ger\u00e7ekle\u015ftirdi. 31 Ekim 2025 Cuma g\u00fcn\u00fc Ula il\u00e7esinde yap\u0131lacak da\u011f\u0131t\u0131mla destekleme program\u0131 devam edecek.<br \/>\n<br \/>B\u00fcy\u00fck\u015fehir Belediyesi taraf\u0131ndan y\u00fcr\u00fct\u00fclen yem bitkisi tohumu desteklemesi, hayvanc\u0131l\u0131\u011f\u0131n s\u00fcrd\u00fcr\u00fclebilirli\u011fi a\u00e7\u0131s\u0131ndan b\u00fcy\u00fck \u00f6nem ta\u015f\u0131yor. B\u00fcy\u00fck\u015fehir Belediyesi, bu destekle \u00fcreticilerin hem yem maliyetlerini azaltmay\u0131 hem de k\u0131rsal b\u00f6lgelerde \u00fcretimi te\u015fvik etmeyi ama\u00e7l\u0131yor.<br \/>\n<br \/>Yeni Ba\u011fyaka Mahalle Muhtar\u0131 G\u00fcnay Sar\u0131o\u011flu, &#8220;Bu proje \u00e7ok g\u00fczel. Ger\u00e7ekten \u00e7ok g\u00fczel. \u00c7ok te\u015fekk\u00fcr ediyoruz. Mu\u011fla B\u00fcy\u00fck\u015fehir Belediye Ba\u015fkan\u0131 Ahmet Aras ba\u015fta olmak \u00fczere eme\u011fi ge\u00e7enlere te\u015fekk\u00fcr ederiz&#8221; dedi.<br \/>\n<br \/>Mu\u011fla B\u00fcy\u00fck\u015fehir Belediyesi Tar\u0131msal Dairesi Ba\u015fkan\u0131 Buket Kallem, &#8220;B\u00fcy\u00fck\u015fehir Belediye Ba\u015fkan\u0131m\u0131z Say\u0131n Ahmet Aras\u2019\u0131n \u2018Verimli Topraklar\u0131yla Tar\u0131m Kenti Mu\u011fla\u2019 slogan\u0131 tar\u0131m projelerimize rehber olmaktad\u0131r. Bug\u00fcn da\u011f\u0131t\u0131m\u0131n\u0131 yapaca\u011f\u0131m\u0131z tohumlar, hem hayvanc\u0131l\u0131\u011f\u0131m\u0131z\u0131n s\u00fcrd\u00fcr\u00fclebilirli\u011fi a\u00e7\u0131s\u0131ndan, hem de tarlalar\u0131m\u0131z\u0131n bereketlenmesi a\u00e7\u0131s\u0131ndan \u00e7ok b\u00fcy\u00fck \u00f6nem arz etmektedir. Bizim i\u00e7in \u00f6nemli olan, k\u0131rsalda \u00fcretimin s\u00fcrmesi, k\u00f6ylerin yeniden canlanmas\u0131 ve gen\u00e7lerimizin tar\u0131ma olan g\u00fcveninin artmas\u0131d\u0131r&#8221; dedi.<br \/>\n<br \/>Mu\u011fla B\u00fcy\u00fck\u015fehir Belediyesi Genel Sekreteri Tayfun Y\u0131lmaz, &#8220;Bug\u00fcn burada Mente\u015fe il\u00e7emizde ortalama 413 civar\u0131nda \u00fcreticimizin kat\u0131l\u0131m\u0131yla yakla\u015f\u0131k 394 ton civar\u0131nda yem tohumu bitkisinin \u00fccretsiz olarak Mu\u011fla B\u00fcy\u00fck\u015fehir Belediyesi taraf\u0131ndan da\u011f\u0131t\u0131m\u0131n\u0131 ger\u00e7ekle\u015ftirip Mu\u011fla genelinde de tar\u0131ma, hayvanc\u0131l\u0131\u011fa, k\u0131rsal kalk\u0131nmaya destek veriyoruz. Ve bu deste\u011fin asl\u0131nda Mu\u011fla\u2019n\u0131n sadece tar\u0131msal veya k\u0131rsal veya hayvanc\u0131l\u0131k anlam\u0131nda de\u011fil, Mu\u011fla\u2019n\u0131n gelece\u011fine y\u00f6nelik bir destek oldu\u011funa inanarak, g\u00fcvenerek yap\u0131yoruz. Beraberinde toplamda 330 ton yem bitkisi tohumunun Mu\u011fla Belediyenize maliyeti KDV\u2019de 20 milyon civar\u0131nda olup, yakla\u015f\u0131k 14 bin dekar alan, tar\u0131msal alan bu manada etkin hale getirilip, dikimi ger\u00e7ekle\u015ftirip hem tar\u0131ma hem de hayvanc\u0131l\u0131k noktas\u0131nda bir katk\u0131 sa\u011flayaca\u011f\u0131n\u0131 d\u00fc\u015f\u00fcn\u00fcyoruz. Mu\u011fla, sadece turizmiyle, deniziyle, g\u00fcne\u015fiyle olan bir kent de\u011fil. Beraberinde tar\u0131m da hem ekonomik anlamda, hem de k\u00fclt\u00fcrel manada \u00f6nemli bir yer tuttu\u011funa inan\u0131yoruz. Ve bunun da gere\u011fini b\u00fcy\u00fck\u015fehir olarak \u00fczerimize d\u00fc\u015fen noktada yapmaya \u00e7al\u0131\u015f\u0131yoruz. Tabi bu desteklere g\u00f6re hem \u00fcretimine, Mu\u011fla\u2019n\u0131n gelece\u011fine yat\u0131r\u0131m yapmak amac\u0131 da hem de tar\u0131msal girdi maliyetlerinin ger\u00e7ekten ciddi boyutlara ula\u015fmas\u0131 noktas\u0131nda, \u00f6zellikle \u00fcreticinin, \u00e7ift\u00e7inin her zaman yan\u0131nda olarak ortaya, \u00fclke \u00e7ap\u0131nda \u00e7\u0131kan bu a\u00e7\u0131\u011f\u0131, bu dezavantajl\u0131 durumu yerel y\u00f6netim olarak bir mevzu olsun, katk\u0131da bulunmak istiyoruz. Bundan sonra da katk\u0131da bulunmaya devam edece\u011fiz&#8221; dedi.<br \/>\n<br \/>K\u0131y\u0131 Ege Belediyeler Birli\u011fi ve Mu\u011fla B\u00fcy\u00fck\u015fehir Belediye Ba\u015fkan\u0131 Ahmet Aras, Mu\u011fla\u2019n\u0131n gelece\u011fini toprakta ve \u00fcreticisinde g\u00f6rd\u00fcklerini, \u00fcreten bir Mu\u011fla, kendi ayaklar\u0131 \u00fczerinde duran, do\u011fas\u0131yla, insan\u0131yla, eme\u011fiyle g\u00fc\u00e7l\u00fc bir Mu\u011fla demek oldu\u011funu, bu anlay\u0131\u015fla Mu\u011fla B\u00fcy\u00fck\u015fehir Belediyesi olarak \u00fcreticilerin yan\u0131nda olmaya, onlar\u0131n eme\u011fini de\u011ferli k\u0131lacak projeleri hayata ge\u00e7irmeye devam edeceklerini a\u00e7\u0131klad\u0131.<br \/><\/p>\n","protected":false},"excerpt":{"rendered":"<p>Mu\u011fla B\u00fcy\u00fck\u015fehir Belediyesi, tar\u0131msal \u00fcretimi desteklemek, \u00fcreticilerin girdi maliyetlerini azaltmak ve yerel \u00fcretimi g\u00fc\u00e7lendirmek amac\u0131yla 13 il\u00e7ede bin 500 \u00fcreticiye toplam 330 ton yem bitkisi tohumu deste\u011fi sa\u011fl\u0131yor. Tritikale, arpa ve yulaf tohumlar\u0131ndan olu\u015fan bu destekle 13 bin 200 dekar alan\u0131n yem bitkisi \u00fcretimiyle bulu\u015fmas\u0131 hedefleniyor. \u2018Verimli Topraklar\u0131yla Tar\u0131m Kenti Mu\u011fla\u2019 vizyonuyla \u00e7al\u0131\u015fmalar\u0131n\u0131 s\u00fcrd\u00fcren Mu\u011fla&#8230;<\/p>\n","protected":false},"author":1,"featured_media":65062,"comment_status":"open","ping_status":"open","sticky":false,"template":"","format":"standard","meta":{"_crdt_document":"","footnotes":""},"categories":[125],"tags":[],"class_list":["post-65061","post","type-post","status-publish","format-standard","has-post-thumbnail","hentry","category-ekonomi"],"_links":{"self":[{"href":"https:\/\/www.egemtv.com\/index.php?rest_route=\/wp\/v2\/posts\/65061","targetHints":{"allow":["GET"]}}],"collection":[{"href":"https:\/\/www.egemtv.com\/index.php?rest_route=\/wp\/v2\/posts"}],"about":[{"href":"https:\/\/www.egemtv.com\/index.php?rest_route=\/wp\/v2\/types\/post"}],"author":[{"embeddable":true,"href":"https:\/\/www.egemtv.com\/index.php?rest_route=\/wp\/v2\/users\/1"}],"replies":[{"embeddable":true,"href":"https:\/\/www.egemtv.com\/index.php?rest_route=%2Fwp%2Fv2%2Fcomments&post=65061"}],"version-history":[{"count":1,"href":"https:\/\/www.egemtv.com\/index.php?rest_route=\/wp\/v2\/posts\/65061\/revisions"}],"predecessor-version":[{"id":65063,"href":"https:\/\/www.egemtv.com\/index.php?rest_route=\/wp\/v2\/posts\/65061\/revisions\/65063"}],"wp:featuredmedia":[{"embeddable":true,"href":"https:\/\/www.egemtv.com\/index.php?rest_route=\/wp\/v2\/media\/65062"}],"wp:attachment":[{"href":"https:\/\/www.egemtv.com\/index.php?rest_route=%2Fwp%2Fv2%2Fmedia&parent=65061"}],"wp:term":[{"taxonomy":"category","embeddable":true,"href":"https:\/\/www.egemtv.com\/index.php?rest_route=%2Fwp%2Fv2%2Fcategories&post=65061"},{"taxonomy":"post_tag","embeddable":true,"href":"https:\/\/www.egemtv.com\/index.php?rest_route=%2Fwp%2Fv2%2Ftags&post=65061"}],"curies":[{"name":"wp","href":"https:\/\/api.w.org\/{rel}","templated":true}]}}