{"id":65058,"date":"2025-10-31T13:55:47","date_gmt":"2025-10-31T10:55:47","guid":{"rendered":"https:\/\/www.egemtv.com\/?p=65058"},"modified":"2025-10-31T13:55:47","modified_gmt":"2025-10-31T10:55:47","slug":"selendide-okul-servisleri-siki-denetimden-gecti","status":"publish","type":"post","link":"https:\/\/www.egemtv.com\/?p=65058","title":{"rendered":"Selendi\u2019de okul servisleri s\u0131k\u0131 denetimden ge\u00e7ti"},"content":{"rendered":"<p>Manisa\u2019n\u0131n Selendi il\u00e7esinde ta\u015f\u0131mal\u0131 \u00f6\u011frencileri ta\u015f\u0131yan servis ara\u00e7lar\u0131 s\u0131k\u0131 denetimden ge\u00e7ti.<br \/>\n<br \/>Selendi genelinde yap\u0131lan okul servis ara\u00e7 denetimi \u00f6\u011frencilerin g\u00fcvenli ta\u015f\u0131nmas\u0131 amac\u0131yla olu\u015fturulan denetim komisyon \u00fcyeleri taraf\u0131ndan kontrol edildi. \u0130l\u00e7e Milli E\u011fitim M\u00fcd\u00fcr\u00fc Ahmet Ata\u015fman ba\u015fkanl\u0131\u011f\u0131nda olu\u015fturulan komisyon ekipleri ve trafik ekipleri denetimde, servislerin y\u00f6netmeliklere uygunlu\u011funu ve g\u00fcvenlik \u00f6nlemlerini inceledi. Yap\u0131lan kontrollerde, servis ara\u00e7lar\u0131n\u0131n \u00f6\u011frencilerin g\u00fcvenli ta\u015f\u0131nmas\u0131na uygunlu\u011fu tek tek denetlendi.<br \/>\n<br \/>Komisyon yetkilileri \u00f6\u011frenci g\u00fcvenli\u011finin sa\u011flanmas\u0131 i\u00e7in bu t\u00fcr denetimlerin d\u00fczenli aral\u0131klarla okul sezonunda devam edece\u011fini bildirdi.<br \/><\/p>\n","protected":false},"excerpt":{"rendered":"<p>Manisa\u2019n\u0131n Selendi il\u00e7esinde ta\u015f\u0131mal\u0131 \u00f6\u011frencileri ta\u015f\u0131yan servis ara\u00e7lar\u0131 s\u0131k\u0131 denetimden ge\u00e7ti. Selendi genelinde yap\u0131lan okul servis ara\u00e7 denetimi \u00f6\u011frencilerin g\u00fcvenli ta\u015f\u0131nmas\u0131 amac\u0131yla olu\u015fturulan denetim komisyon \u00fcyeleri taraf\u0131ndan kontrol edildi. \u0130l\u00e7e Milli E\u011fitim M\u00fcd\u00fcr\u00fc Ahmet Ata\u015fman ba\u015fkanl\u0131\u011f\u0131nda olu\u015fturulan komisyon ekipleri ve trafik ekipleri denetimde, servislerin y\u00f6netmeliklere uygunlu\u011funu ve g\u00fcvenlik \u00f6nlemlerini inceledi. Yap\u0131lan kontrollerde, servis ara\u00e7lar\u0131n\u0131n \u00f6\u011frencilerin&#8230;<\/p>\n","protected":false},"author":1,"featured_media":65059,"comment_status":"open","ping_status":"open","sticky":false,"template":"","format":"standard","meta":{"_crdt_document":"","footnotes":""},"categories":[1],"tags":[],"class_list":["post-65058","post","type-post","status-publish","format-standard","has-post-thumbnail","hentry","category-guncel"],"_links":{"self":[{"href":"https:\/\/www.egemtv.com\/index.php?rest_route=\/wp\/v2\/posts\/65058","targetHints":{"allow":["GET"]}}],"collection":[{"href":"https:\/\/www.egemtv.com\/index.php?rest_route=\/wp\/v2\/posts"}],"about":[{"href":"https:\/\/www.egemtv.com\/index.php?rest_route=\/wp\/v2\/types\/post"}],"author":[{"embeddable":true,"href":"https:\/\/www.egemtv.com\/index.php?rest_route=\/wp\/v2\/users\/1"}],"replies":[{"embeddable":true,"href":"https:\/\/www.egemtv.com\/index.php?rest_route=%2Fwp%2Fv2%2Fcomments&post=65058"}],"version-history":[{"count":1,"href":"https:\/\/www.egemtv.com\/index.php?rest_route=\/wp\/v2\/posts\/65058\/revisions"}],"predecessor-version":[{"id":65060,"href":"https:\/\/www.egemtv.com\/index.php?rest_route=\/wp\/v2\/posts\/65058\/revisions\/65060"}],"wp:featuredmedia":[{"embeddable":true,"href":"https:\/\/www.egemtv.com\/index.php?rest_route=\/wp\/v2\/media\/65059"}],"wp:attachment":[{"href":"https:\/\/www.egemtv.com\/index.php?rest_route=%2Fwp%2Fv2%2Fmedia&parent=65058"}],"wp:term":[{"taxonomy":"category","embeddable":true,"href":"https:\/\/www.egemtv.com\/index.php?rest_route=%2Fwp%2Fv2%2Fcategories&post=65058"},{"taxonomy":"post_tag","embeddable":true,"href":"https:\/\/www.egemtv.com\/index.php?rest_route=%2Fwp%2Fv2%2Ftags&post=65058"}],"curies":[{"name":"wp","href":"https:\/\/api.w.org\/{rel}","templated":true}]}}