{"id":65055,"date":"2025-10-31T13:55:46","date_gmt":"2025-10-31T10:55:46","guid":{"rendered":"https:\/\/www.egemtv.com\/?p=65055"},"modified":"2025-10-31T13:55:47","modified_gmt":"2025-10-31T10:55:47","slug":"cumhurbaskani-yardimcisi-cevdet-yilmaza-mcbude-fahri-profesorluk-unvani","status":"publish","type":"post","link":"https:\/\/www.egemtv.com\/?p=65055","title":{"rendered":"Cumhurba\u015fkan\u0131 Yard\u0131mc\u0131s\u0131 Cevdet Y\u0131lmaz\u2019a MCB\u00dc\u2019de \u2018Fahri Profes\u00f6rl\u00fck\u2019 unvan\u0131"},"content":{"rendered":"<p>MAN\u0130SA (\u0130HA) \u2013 Cumhurba\u015fkan\u0131 Yard\u0131mc\u0131s\u0131 Cevdet Y\u0131lmaz, e\u011fitimin her d\u00f6nemde en temel \u00f6ncelikleri oldu\u011funu vurgulayarak, &#8220;Y\u00fcksek\u00f6\u011fretim b\u00fct\u00e7emiz bug\u00fcn 488,5 milyar liraya ula\u015fm\u0131\u015ft\u0131r. 2026 y\u0131l\u0131 b\u00fct\u00e7emizde ise bu rakam 651 milyar lira olmu\u015ftur. Bug\u00fcn 129 devlet ve 79 vak\u0131f \u00fcniversitemiz ile 81 ilimizde hizmet sunuluyor&#8221; dedi.<br \/>\n<br \/>Cumhurba\u015fkan\u0131 Yard\u0131mc\u0131s\u0131 Cevdet Y\u0131lmaz, Manisa Celal Bayar \u00dcniversitesi (MCB\u00dc) 2025-2026 Akademik Y\u0131l\u0131 A\u00e7\u0131l\u0131\u015f T\u00f6reni\u2019ne kat\u0131ld\u0131. S\u00fcleyman Demirel K\u00fclt\u00fcr Merkezi\u2019nde d\u00fczenlenen t\u00f6rende Y\u0131lmaz\u2019a, \u00fcniversite senatosunun karar\u0131yla &#8220;Fahri Profes\u00f6rl\u00fck&#8221; unvan\u0131 takdim edildi. T\u00f6rende konu\u015fan Y\u0131lmaz, &#8220;Cumhurba\u015fkan\u0131m\u0131z Recep Tayyip Erdo\u011fan\u2019\u0131n liderli\u011finde e\u011fitim her d\u00f6nemde en temel \u00f6nceli\u011fimiz olmu\u015ftur. Cumhuriyet tarihimiz boyunca e\u011fitime en fazla kayna\u011f\u0131 ay\u0131ran, en kapsaml\u0131 yap\u0131sal d\u00f6n\u00fc\u015f\u00fcmleri hayata ge\u00e7iren h\u00fck\u00fcmetiz. Y\u00fcksek\u00f6\u011fretim b\u00fct\u00e7emiz bug\u00fcn 488,5 milyar liraya ula\u015fm\u0131\u015ft\u0131r. 2026 y\u0131l\u0131 b\u00fct\u00e7emizde ise bu rakam 651 milyar lira olmu\u015ftur. Bug\u00fcn 129 devlet ve 79 vak\u0131f \u00fcniversitemiz ile 81 ilimizde hizmet sunuluyor. Akademik personel say\u0131m\u0131z 186 bine y\u00fckselmi\u015ftir. 875 yurt binas\u0131nda 1 milyon \u00f6\u011frenciye konaklama imkan\u0131 sa\u011fl\u0131yoruz. Kredi ve burs deste\u011fini ba\u015fvuran her gence ula\u015ft\u0131r\u0131yor, y\u00fcksek\u00f6\u011fretimde f\u0131rsat e\u015fitli\u011fini kararl\u0131l\u0131kla koruyoruz. \u00dcniversitelerin \u00fc\u00e7 temel fonksiyona sahip oldu\u011funu d\u00fc\u015f\u00fcn\u00fcyorum: \u0130lk olarak e\u011fitim fonksiyonu ile \u00fcniversiteler bilgiyi yeni ku\u015faklara aktarmaktad\u0131r. \u0130kinci olarak ara\u015ft\u0131rma fonksiyonu kapsam\u0131nda \u00fcniversiteler mevcut bilgiye yenilerini ekleyerek bilimsel \u00fcretimi ve yenilik\u00e7i bak\u0131\u015f a\u00e7\u0131s\u0131n\u0131 s\u00fcrd\u00fcrmede ana akt\u00f6r konumundad\u0131r. Ancak \u00fcniversitelerin \u00fc\u00e7\u00fcnc\u00fc ve belki de en hayati fonksiyonu, kalk\u0131nma fonksiyonu olarak adland\u0131rabilece\u011fimiz bir misyon olarak; kalk\u0131nmaya katk\u0131 sunmak, yani bilgiyi toplumsal faydaya d\u00f6n\u00fc\u015ft\u00fcrmektir. Bu s\u00fcre\u00e7te \u00fcniversitelerimizin, toplumun farkl\u0131 kesimleriyle g\u00fc\u00e7l\u00fc bir etkile\u015fim kurmas\u0131 son derece \u00f6nemlidir. Zihinsel duvarlar in\u015fa etmeyen, \u00e7ift\u00e7iden sanayiciye, sivil toplumdan yerel y\u00f6netime kadar herkesle diyalog i\u00e7inde olan bir akademik yap\u0131, kalk\u0131nma fonksiyonunu hakk\u0131yla yerine getirebilir&#8221; dedi.<br \/>\n<br \/>Konu\u015fmas\u0131n\u0131n sonunda akademisyen ve gen\u00e7lere seslenen Y\u0131lmaz, &#8220;Gen\u00e7lerimiz ve akademisyenlerimiz, bilgiyle \u015fekillenen bir gelece\u011fin ortak mimarlar\u0131d\u0131r. Sevgili gen\u00e7ler, sizler yar\u0131n\u0131n T\u00fcrkiye\u2019sini y\u00f6netecek, k\u00fcresel \u00f6l\u00e7ekte s\u00f6z sahibi olacak b\u00fcy\u00fck bir medeniyetin miras\u00e7\u0131lar\u0131s\u0131n\u0131z. Size d\u00fc\u015fen, bilginin pe\u015finden azimle ko\u015fmak, yenilik\u00e7i fikirlere cesaretle sar\u0131lmak, vicdan\u0131n\u0131z\u0131n sesini bilimin \u0131\u015f\u0131\u011f\u0131yla birle\u015ftirmektir. Bu topraklar\u0131n her bir kar\u0131\u015f\u0131nda, sizin imzan\u0131z\u0131 ta\u015f\u0131yacak b\u00fcy\u00fck ba\u015far\u0131lar<br \/>\n<br \/>beklemektedir. K\u0131ymetli akademisyenler, sizler T\u00fcrkiye Y\u00fczy\u0131l\u0131\u2019n\u0131n fikri mimarlar\u0131s\u0131n\u0131z. Bilimsel \u00fcretkenli\u011finiz, \u00fclkenin teknolojik ba\u011f\u0131ms\u0131zl\u0131\u011f\u0131n\u0131n ve ekonomik kalk\u0131nmas\u0131n\u0131n teminat\u0131d\u0131r. Sadece bilimsel bilgiyi \u00fcretmiyorsunuz; bu gen\u00e7 dima\u011flara sorumluluk bilincini, millet sevgisini ve evrensel de\u011ferleri de a\u015f\u0131l\u0131yorsunuz&#8221; dedi.<\/p>\n<p>&#8220;\u0130lk dersimize Gazze ile ba\u015flayaca\u011f\u0131z&#8221;<br \/>\n<br \/>T\u00f6rende konu\u015fan MCB\u00dc Rekt\u00f6r\u00fc Prof. Dr. Rana Kibar ise &#8220;Bug\u00fcn ilk dersimize Gazze ile ba\u015flayaca\u011f\u0131z. Kuruldu\u011fu g\u00fcnden itibaren sadece hukuk normlar\u0131n\u0131 de\u011fil t\u00fcm ahlaki ve insani de\u011ferleri de yok sayarak davranan \u0130srail\u2019in 7 Ekim 2023 tarihinden bu yana yapt\u0131\u011f\u0131 zul\u00fcm art\u0131k bir soyk\u0131r\u0131m derecesine ula\u015fm\u0131\u015ft\u0131r. Yapt\u0131klar\u0131 kesinlikle kabul edilemez. Bu anlamda Say\u0131n Cumhurba\u015fkan\u0131m\u0131z\u0131n destekleriyle devletimizin y\u00fcr\u00fctm\u00fc\u015f oldu\u011fu \u00e7al\u0131\u015fmalar ve dik duru\u015f sayesinde ate\u015fkes sa\u011flanm\u0131\u015ft\u0131r. Bunun geri \u00e7ekilmenin devam etmesini, ate\u015fkes kurallar\u0131na uyulmas\u0131n\u0131 \u00fcmit ediyoruz. Ve biz inan\u0131yoruz ki devletimiz yine bu noktada dimdik duracak ve bunlar\u0131n yap\u0131lmas\u0131 noktas\u0131nda, uygulanmas\u0131 noktas\u0131nda gerekeni yapacakt\u0131r. Peki bizlere neler d\u00fc\u015f\u00fcyor? Bizler bu soyk\u0131r\u0131m\u0131, bu zulm\u00fc unutmayaca\u011f\u0131z ve unutturmayaca\u011f\u0131z. Sa\u011flanan ate\u015fkesin gereklerinin yap\u0131lmas\u0131n\u0131, bundan sonras\u0131nda bizler de her zaman takip\u00e7isi olaca\u011f\u0131z. D\u00fcn oldu\u011fu gibi bug\u00fcn ve yar\u0131n da t\u00fcm imkanlar\u0131m\u0131zla birlikte Filistin\u2019in Gazze\u2019nin yeniden hayata d\u00f6nmesi i\u00e7in dimdik ayakta durabilmesi i\u00e7in yanlar\u0131nda olmaya devam edece\u011fiz&#8221; dedi.<\/p>\n<p>MCB\u00dc T\u00fcrkiye\u2019de ilk 20\u2019de<br \/>\n<br \/>Prof. Dr. Rana Kibar, konu\u015fmas\u0131n\u0131n devam\u0131nda \u00fcniversitenin son iki y\u0131lda kaydetti\u011fi geli\u015fmeleri de\u011ferlendirdi. G\u00f6reve geldikleri g\u00fcnden bu yana ekip arkada\u015flar\u0131yla birlikte \u00e7al\u0131\u015ft\u0131klar\u0131n\u0131 vurgulayan Kibar, &#8220;Nitelikli akademik kadromuz ve \u00f6\u011frenci odakl\u0131 yakla\u015f\u0131m\u0131m\u0131z sayesinde 2025 YKS yerle\u015ftirmelerinde t\u00fcm birimlerimiz y\u00fczde 100 doluluk oran\u0131na ula\u015ft\u0131, taban puanlar\u0131m\u0131z ise ciddi \u00f6l\u00e7\u00fcde y\u00fckseldi&#8221; dedi. Kibar, bu s\u00fcre\u00e7te Bilgisayar ve \u0130leti\u015fim Bilimleri Fak\u00fcltesi ile \u0130nsan ve Toplum Bilimleri Fak\u00fcltesi olmak \u00fczere iki yeni fak\u00fclte kurduklar\u0131n\u0131, Salihli MYO in\u015faat\u0131n\u0131n da devam etti\u011fini aktard\u0131. Yeni binalar ile \u0130leti\u015fim Fak\u00fcltesi, Yabanc\u0131 Diller Y\u00fcksekokulu ve \u0130\u015fletme Fak\u00fcltesi\u2019nin daha modern alanlara ta\u015f\u0131nd\u0131\u011f\u0131n\u0131 belirtti.<br \/>\n<br \/>&#8220;Say\u0131sal de\u011fil, nitelikli b\u00fcy\u00fcmeyi hedefliyoruz&#8221; diyen Kibar, yapay zeka, b\u00fcy\u00fck veri ve dijitalle\u015fme odakl\u0131 yeni b\u00f6l\u00fcmler a\u00e7t\u0131klar\u0131n\u0131 ifade etti. \u00dcniversitenin Y\u00d6K\u2019\u00fcn 2030 vizyonuyla uyumlu geli\u015fim g\u00f6sterdi\u011fini belirten Kibar, 32 program\u0131n akredite oldu\u011funu, bu say\u0131y\u0131 2026\u2019da daha da art\u0131rmay\u0131 hedeflediklerini s\u00f6yledi.<br \/>\n<br \/>Rekt\u00f6r Kibar, MCB\u00dc\u2019n\u00fcn T\u00fcrkiye\u2019de akredite lisans program\u0131 say\u0131s\u0131 a\u00e7\u0131s\u0131ndan ilk 20 \u00fcniversite aras\u0131nda yer ald\u0131\u011f\u0131n\u0131, bu ba\u015far\u0131lar\u0131n sonucunda \u00fcniversitenin 5 y\u0131ll\u0131k tam kurumsal akreditasyon ald\u0131\u011f\u0131n\u0131 a\u00e7\u0131klad\u0131. &#8220;Bu ba\u015far\u0131 t\u00fcm akademik, idari personelimiz ve \u00f6\u011frencilerimizle yap\u0131lan ekip \u00e7al\u0131\u015fmas\u0131n\u0131n bir sonucudur&#8221; dedi.<br \/>\n<br \/>\u00dcniversitenin g\u00fc\u00e7l\u00fc y\u00f6nlerinden birinin uygulamal\u0131 e\u011fitim ve laboratuvar altyap\u0131s\u0131 oldu\u011funu kaydeden Kibar, laboratuvarlarda yap\u0131lan altyap\u0131 yat\u0131r\u0131mlar\u0131n\u0131 ve hastanede ba\u015flat\u0131lan 19 ameliyathanelik projenin ilk etab\u0131n\u0131n tamamland\u0131\u011f\u0131n\u0131, ikinci etap \u00e7al\u0131\u015fmalar\u0131n\u0131n s\u00fcrd\u00fc\u011f\u00fcn\u00fc s\u00f6yledi. E\u011fitim-\u00f6\u011fretim altyap\u0131s\u0131n\u0131n g\u00fc\u00e7lendirilmesi i\u00e7in de \u00fcniversite b\u00fct\u00e7esi ve yap\u0131lan i\u015fbirlikleriyle \u00e7ok say\u0131da iyile\u015ftirme ger\u00e7ekle\u015ftirdiklerini s\u00f6zlerine ekledi.<br \/>\n<br \/>Kibar, konu\u015fmas\u0131n\u0131 \u00fcniversitenin yurti\u00e7i ve yurtd\u0131\u015f\u0131ndaki e\u011fitim ve spor ba\u015far\u0131lar\u0131n\u0131 anlatarak sonland\u0131rd\u0131.<br \/>\n<br \/>T\u00f6rene, Cumhurba\u015fkanl\u0131\u011f\u0131 Genel Sekreteri Hakk\u0131 Susmaz, Manisa Valisi Vahdettin \u00d6zkan, AK Parti Grup Ba\u015fkanvekili Bahad\u0131r Yeni\u015fehirlio\u011flu, AK Parti Manisa milletvekilleri Murat Baybatur, M\u00fccahit Ar\u0131n\u00e7, Tamer Akkal, Manisa B\u00fcy\u00fck\u015fehir Belediye Ba\u015fkan\u0131 Besim Dutlulu, siyasi parti temsilcileri, akademisyen ve \u00f6\u011frenciler kat\u0131ld\u0131.<br \/><\/p>\n","protected":false},"excerpt":{"rendered":"<p>MAN\u0130SA (\u0130HA) \u2013 Cumhurba\u015fkan\u0131 Yard\u0131mc\u0131s\u0131 Cevdet Y\u0131lmaz, e\u011fitimin her d\u00f6nemde en temel \u00f6ncelikleri oldu\u011funu vurgulayarak, &#8220;Y\u00fcksek\u00f6\u011fretim b\u00fct\u00e7emiz bug\u00fcn 488,5 milyar liraya ula\u015fm\u0131\u015ft\u0131r. 2026 y\u0131l\u0131 b\u00fct\u00e7emizde ise bu rakam 651 milyar lira olmu\u015ftur. Bug\u00fcn 129 devlet ve 79 vak\u0131f \u00fcniversitemiz ile 81 ilimizde hizmet sunuluyor&#8221; dedi. Cumhurba\u015fkan\u0131 Yard\u0131mc\u0131s\u0131 Cevdet Y\u0131lmaz, Manisa Celal Bayar \u00dcniversitesi (MCB\u00dc) 2025-2026&#8230;<\/p>\n","protected":false},"author":1,"featured_media":65056,"comment_status":"open","ping_status":"open","sticky":false,"template":"","format":"standard","meta":{"_crdt_document":"","footnotes":""},"categories":[1],"tags":[],"class_list":["post-65055","post","type-post","status-publish","format-standard","has-post-thumbnail","hentry","category-guncel"],"_links":{"self":[{"href":"https:\/\/www.egemtv.com\/index.php?rest_route=\/wp\/v2\/posts\/65055","targetHints":{"allow":["GET"]}}],"collection":[{"href":"https:\/\/www.egemtv.com\/index.php?rest_route=\/wp\/v2\/posts"}],"about":[{"href":"https:\/\/www.egemtv.com\/index.php?rest_route=\/wp\/v2\/types\/post"}],"author":[{"embeddable":true,"href":"https:\/\/www.egemtv.com\/index.php?rest_route=\/wp\/v2\/users\/1"}],"replies":[{"embeddable":true,"href":"https:\/\/www.egemtv.com\/index.php?rest_route=%2Fwp%2Fv2%2Fcomments&post=65055"}],"version-history":[{"count":1,"href":"https:\/\/www.egemtv.com\/index.php?rest_route=\/wp\/v2\/posts\/65055\/revisions"}],"predecessor-version":[{"id":65057,"href":"https:\/\/www.egemtv.com\/index.php?rest_route=\/wp\/v2\/posts\/65055\/revisions\/65057"}],"wp:featuredmedia":[{"embeddable":true,"href":"https:\/\/www.egemtv.com\/index.php?rest_route=\/wp\/v2\/media\/65056"}],"wp:attachment":[{"href":"https:\/\/www.egemtv.com\/index.php?rest_route=%2Fwp%2Fv2%2Fmedia&parent=65055"}],"wp:term":[{"taxonomy":"category","embeddable":true,"href":"https:\/\/www.egemtv.com\/index.php?rest_route=%2Fwp%2Fv2%2Fcategories&post=65055"},{"taxonomy":"post_tag","embeddable":true,"href":"https:\/\/www.egemtv.com\/index.php?rest_route=%2Fwp%2Fv2%2Ftags&post=65055"}],"curies":[{"name":"wp","href":"https:\/\/api.w.org\/{rel}","templated":true}]}}