{"id":65049,"date":"2025-10-31T13:35:44","date_gmt":"2025-10-31T10:35:44","guid":{"rendered":"https:\/\/www.egemtv.com\/?p=65049"},"modified":"2025-10-31T13:35:45","modified_gmt":"2025-10-31T10:35:45","slug":"adude-aydinda-deprem-gercegi-ve-kentsel-donusum-konferansi-ve-paneli-duzenlenecek","status":"publish","type":"post","link":"https:\/\/www.egemtv.com\/?p=65049","title":{"rendered":"AD\u00dc\u2019de \u2019Ayd\u0131n\u2019da Deprem Ger\u00e7e\u011fi ve Kentsel D\u00f6n\u00fc\u015f\u00fcm\u2019 Konferans\u0131 ve Paneli d\u00fczenlenecek"},"content":{"rendered":"<p>Ayd\u0131n Adnan Menderes \u00dcniversitesi\u2019nde (AD\u00dc) Kurumsal \u0130leti\u015fim Koordinat\u00f6rl\u00fc\u011f\u00fc ve M\u00fchendislik Fak\u00fcltesi i\u015f birli\u011finde d\u00fczenlenen \u2019Ayd\u0131n\u2019da Deprem Ger\u00e7e\u011fi ve Kentsel D\u00f6n\u00fc\u015f\u00fcm\u2019 ba\u015fl\u0131kl\u0131 konferans ve panel, \u2019Ayd\u0131n \u0130\u00e7in El Ele, Sa\u011flam Gelece\u011fe\u2019 mottosuyla 3 Kas\u0131m 2025 Pazartesi g\u00fcn\u00fc ger\u00e7ekle\u015ftirilecek.<\/p>\n<p>Etkinlik, Atat\u00fcrk Kongre Merkezi Ayd\u0131n Bey Salonu\u2019nda saat 10.00\u2019da ba\u015flayacak. A\u00e7\u0131l\u0131\u015f konferans\u0131nda, \u0130stanbul Teknik \u00dcniversitesi \u0130n\u015faat M\u00fchendisli\u011fi B\u00f6l\u00fcm\u00fcnden Prof. Dr. Alper \u0130lki, Orta Do\u011fu Teknik \u00dcniversitesi M\u00fchendislik Bilimleri B\u00f6l\u00fcm\u00fcnden Prof. Dr. Mehmet Polat Saka ve Ayd\u0131n Adnan Menderes \u00dcniversitesi Psikoloji B\u00f6l\u00fcm\u00fcnden Do\u00e7. Dr. Mehmet \u015eakiro\u011flu, kat\u0131l\u0131mc\u0131lara deprem, yap\u0131 g\u00fcvenli\u011fi ve afet psikolojisi konular\u0131nda kapsaml\u0131 bilgiler sunacak. G\u00fcn\u00fcn ikinci oturumu ise saat 12.30\u2019da ger\u00e7ekle\u015ftirilecek panel ile devam edecek. Moderat\u00f6rl\u00fc\u011f\u00fcn\u00fc Do\u00e7. Dr. Mehmet \u015eakiro\u011flu\u2019nun \u00fcstlenece\u011fi panelde, Ayd\u0131n \u0130l Afet ve Acil Durum M\u00fcd\u00fcr\u00fc Yal\u00e7\u0131n Mumcu, Ayd\u0131n Kentsel D\u00f6n\u00fc\u015f\u00fcm Ba\u015fkanl\u0131\u011f\u0131 \u015eube M\u00fcd\u00fcr\u00fc Murat B\u00fcy\u00fckkabasakal, TMMOB Jeoloji M\u00fchendisleri Odas\u0131 Ayd\u0131n \u0130l Temsilcisi Salih Kaymak ve TMMOB \u0130n\u015faat M\u00fchendisleri Odas\u0131 Ayd\u0131n \u015eube Ba\u015fkan\u0131 Ali At\u0131l\u0131m Karaman panelist olarak yer alacak.<\/p>\n<p>Etkinlik, Ayd\u0131n Valili\u011fi, Ayd\u0131n B\u00fcy\u00fck\u015fehir Belediyesi, \u00c7evre, \u015eehircilik ve \u0130klim De\u011fi\u015fikli\u011fi \u0130l M\u00fcd\u00fcrl\u00fc\u011f\u00fc, Kentsel d\u00f6n\u00fc\u015f\u00fcm Ba\u015fkanl\u0131\u011f\u0131, \u0130l Afet ve Acil Durum M\u00fcd\u00fcrl\u00fc\u011f\u00fc, UMKE, \u0130l Emniyet M\u00fcd\u00fcrl\u00fc\u011f\u00fc, \u0130l Jandarma Komutanl\u0131\u011f\u0131, T\u00fcrk K\u0131z\u0131lay, \u0130n\u015faat M\u00fchendisleri Odas\u0131, Jeoloji M\u00fchendisleri Odas\u0131 ve AD\u00dc \u00d6\u011frenci Topluluklar\u0131 ba\u015fta olmak \u00fczere bir\u00e7ok kurum ve kurulu\u015fun deste\u011fiyle d\u00fczenlenecek.<\/p>\n<p>Deprem bilincini art\u0131rmay\u0131, g\u00fcvenli yap\u0131la\u015fma ve afetlere diren\u00e7li \u015fehirler i\u00e7in fark\u0131ndal\u0131k olu\u015fturmay\u0131 ama\u00e7layan etkinlik, t\u00fcm akademisyenlere, \u00f6\u011frencilere ve Ayd\u0131n halk\u0131na a\u00e7\u0131k olacak.<br \/><\/p>\n","protected":false},"excerpt":{"rendered":"<p>Ayd\u0131n Adnan Menderes \u00dcniversitesi\u2019nde (AD\u00dc) Kurumsal \u0130leti\u015fim Koordinat\u00f6rl\u00fc\u011f\u00fc ve M\u00fchendislik Fak\u00fcltesi i\u015f birli\u011finde d\u00fczenlenen \u2019Ayd\u0131n\u2019da Deprem Ger\u00e7e\u011fi ve Kentsel D\u00f6n\u00fc\u015f\u00fcm\u2019 ba\u015fl\u0131kl\u0131 konferans ve panel, \u2019Ayd\u0131n \u0130\u00e7in El Ele, Sa\u011flam Gelece\u011fe\u2019 mottosuyla 3 Kas\u0131m 2025 Pazartesi g\u00fcn\u00fc ger\u00e7ekle\u015ftirilecek. Etkinlik, Atat\u00fcrk Kongre Merkezi Ayd\u0131n Bey Salonu\u2019nda saat 10.00\u2019da ba\u015flayacak. A\u00e7\u0131l\u0131\u015f konferans\u0131nda, \u0130stanbul Teknik \u00dcniversitesi \u0130n\u015faat M\u00fchendisli\u011fi B\u00f6l\u00fcm\u00fcnden&#8230;<\/p>\n","protected":false},"author":1,"featured_media":65050,"comment_status":"open","ping_status":"open","sticky":false,"template":"","format":"standard","meta":{"_crdt_document":"","footnotes":""},"categories":[1],"tags":[],"class_list":["post-65049","post","type-post","status-publish","format-standard","has-post-thumbnail","hentry","category-guncel"],"_links":{"self":[{"href":"https:\/\/www.egemtv.com\/index.php?rest_route=\/wp\/v2\/posts\/65049","targetHints":{"allow":["GET"]}}],"collection":[{"href":"https:\/\/www.egemtv.com\/index.php?rest_route=\/wp\/v2\/posts"}],"about":[{"href":"https:\/\/www.egemtv.com\/index.php?rest_route=\/wp\/v2\/types\/post"}],"author":[{"embeddable":true,"href":"https:\/\/www.egemtv.com\/index.php?rest_route=\/wp\/v2\/users\/1"}],"replies":[{"embeddable":true,"href":"https:\/\/www.egemtv.com\/index.php?rest_route=%2Fwp%2Fv2%2Fcomments&post=65049"}],"version-history":[{"count":1,"href":"https:\/\/www.egemtv.com\/index.php?rest_route=\/wp\/v2\/posts\/65049\/revisions"}],"predecessor-version":[{"id":65051,"href":"https:\/\/www.egemtv.com\/index.php?rest_route=\/wp\/v2\/posts\/65049\/revisions\/65051"}],"wp:featuredmedia":[{"embeddable":true,"href":"https:\/\/www.egemtv.com\/index.php?rest_route=\/wp\/v2\/media\/65050"}],"wp:attachment":[{"href":"https:\/\/www.egemtv.com\/index.php?rest_route=%2Fwp%2Fv2%2Fmedia&parent=65049"}],"wp:term":[{"taxonomy":"category","embeddable":true,"href":"https:\/\/www.egemtv.com\/index.php?rest_route=%2Fwp%2Fv2%2Fcategories&post=65049"},{"taxonomy":"post_tag","embeddable":true,"href":"https:\/\/www.egemtv.com\/index.php?rest_route=%2Fwp%2Fv2%2Ftags&post=65049"}],"curies":[{"name":"wp","href":"https:\/\/api.w.org\/{rel}","templated":true}]}}