{"id":65046,"date":"2025-10-31T13:35:43","date_gmt":"2025-10-31T10:35:43","guid":{"rendered":"https:\/\/www.egemtv.com\/?p=65046"},"modified":"2025-10-31T13:35:43","modified_gmt":"2025-10-31T10:35:43","slug":"buldanda-elma-hasadi-yuz-gulduruyor","status":"publish","type":"post","link":"https:\/\/www.egemtv.com\/?p=65046","title":{"rendered":"Buldan\u2019da elma hasad\u0131 y\u00fcz g\u00fcld\u00fcr\u00fcyor"},"content":{"rendered":"<p>Denizli\u2019nin Buldan il\u00e7esinin y\u00fcksek kesimlerinde elma hasad\u0131 ba\u015flad\u0131. Bu y\u0131l yeti\u015ftirilen elmalar, verim ve kalitesiyle \u00fcreticilerin y\u00fcz\u00fcn\u00fc g\u00fcld\u00fcr\u00fcyor. Buldan il\u00e7esinde 2 bin 103 dekar alanda yakla\u015f\u0131k bin 514 ton elma \u00fcretiminin ger\u00e7ekle\u015fti\u011fini dekar ba\u015f\u0131na ortalama 720 kilogram verim al\u0131nan b\u00f6lgede en \u00e7ok Starking, Golden ve yerel elma \u00e7e\u015fitleri yeti\u015ftirildi\u011fi belirtildi.<\/p>\n<p>Denizli\u2019nin Buldan il\u00e7esinde \u015eubat-Mart aylar\u0131nda ba\u015flayan budama \u00e7al\u0131\u015fmalar\u0131n\u0131n ard\u0131ndan sulama ve ila\u00e7lama i\u015flemleri tamamland\u0131 ve elma hasad\u0131 ba\u015flad\u0131. Bu y\u0131l ya\u011f\u0131\u015flar\u0131n ve hava \u015fartlarn\u0131n elma \u00fcretimi i\u00e7in elveri\u015fli ge\u00e7ti\u011fini belirten \u00fcreticiler, sabah\u0131n erken saatlerinden itibaren aileleri ve i\u015f\u00e7ileriyle birlikte bah\u00e7elerinde elma topluyor. Buldan\u2019\u0131n S\u00fcleymanl\u0131, Kovanoluk, Yayla, Ka\u015f\u0131k\u00e7\u0131 ve Aland\u0131z mahallelerinde yo\u011fun bir \u015fekilde s\u00fcren hasatta, toplanan elmalar kasalara doldurularak so\u011fuk hava depolar\u0131na ta\u015f\u0131n\u0131yor. \u00dcreticiler, 1100 rak\u0131ml\u0131 b\u00f6lgenin toprak yap\u0131s\u0131 ve ikliminin elmalara \u00f6zg\u00fcn tat, aroma ve dayan\u0131kl\u0131l\u0131k kazand\u0131rd\u0131\u011f\u0131n\u0131 ifade ediyor.<\/p>\n<p>Buldan\u2019da toplam 2 bin 103 dekar alanda yakla\u015f\u0131k bin 514 ton elma \u00fcretimi ger\u00e7ekle\u015ftiriliyor. Dekar ba\u015f\u0131na ortalama 720 kilogram verim al\u0131nan b\u00f6lgede en \u00e7ok Starking, Golden ve yerel elma \u00e7e\u015fitleri yeti\u015ftiriliyor.<\/p>\n<p>&#8220;Bu y\u0131l iklim elma \u00fcretimi a\u00e7\u0131s\u0131ndan \u00e7ok g\u00fczel ge\u00e7ti&#8221;<br \/>\n<br \/>Buldan Yayla Mahallesinde elma \u00fcreticili\u011fi yapan Mehmet \u00c7etinkaya, b\u00f6lgenin elma yeti\u015ftiricili\u011fi i\u00e7in elveri\u015fli oldu\u011funu belirterek; &#8220;Bu y\u0131l iklim elma \u00fcretimi a\u00e7\u0131s\u0131ndan \u00e7ok g\u00fczel ge\u00e7ti. Yakla\u015f\u0131k yirmi bir d\u00f6n\u00fcm arazimizde S\u00fcperchleff, Arap K\u0131z\u0131, Fuji, Golden, Grand Simit cinsi elma \u00fcretimi yap\u0131yoruz. Toplad\u0131\u011f\u0131m\u0131z elmalar\u0131 kasalara doldurarak buzhanemize koyuyoruz. Gelen al\u0131c\u0131lara verdi\u011fimiz gibi pazarlarda da sat\u0131yoruz. Allah bereketini versin&#8221; dedi.<br \/><\/p>\n","protected":false},"excerpt":{"rendered":"<p>Denizli\u2019nin Buldan il\u00e7esinin y\u00fcksek kesimlerinde elma hasad\u0131 ba\u015flad\u0131. Bu y\u0131l yeti\u015ftirilen elmalar, verim ve kalitesiyle \u00fcreticilerin y\u00fcz\u00fcn\u00fc g\u00fcld\u00fcr\u00fcyor. Buldan il\u00e7esinde 2 bin 103 dekar alanda yakla\u015f\u0131k bin 514 ton elma \u00fcretiminin ger\u00e7ekle\u015fti\u011fini dekar ba\u015f\u0131na ortalama 720 kilogram verim al\u0131nan b\u00f6lgede en \u00e7ok Starking, Golden ve yerel elma \u00e7e\u015fitleri yeti\u015ftirildi\u011fi belirtildi. Denizli\u2019nin Buldan il\u00e7esinde \u015eubat-Mart aylar\u0131nda&#8230;<\/p>\n","protected":false},"author":1,"featured_media":65047,"comment_status":"open","ping_status":"open","sticky":false,"template":"","format":"standard","meta":{"_crdt_document":"","footnotes":""},"categories":[125],"tags":[],"class_list":["post-65046","post","type-post","status-publish","format-standard","has-post-thumbnail","hentry","category-ekonomi"],"_links":{"self":[{"href":"https:\/\/www.egemtv.com\/index.php?rest_route=\/wp\/v2\/posts\/65046","targetHints":{"allow":["GET"]}}],"collection":[{"href":"https:\/\/www.egemtv.com\/index.php?rest_route=\/wp\/v2\/posts"}],"about":[{"href":"https:\/\/www.egemtv.com\/index.php?rest_route=\/wp\/v2\/types\/post"}],"author":[{"embeddable":true,"href":"https:\/\/www.egemtv.com\/index.php?rest_route=\/wp\/v2\/users\/1"}],"replies":[{"embeddable":true,"href":"https:\/\/www.egemtv.com\/index.php?rest_route=%2Fwp%2Fv2%2Fcomments&post=65046"}],"version-history":[{"count":1,"href":"https:\/\/www.egemtv.com\/index.php?rest_route=\/wp\/v2\/posts\/65046\/revisions"}],"predecessor-version":[{"id":65048,"href":"https:\/\/www.egemtv.com\/index.php?rest_route=\/wp\/v2\/posts\/65046\/revisions\/65048"}],"wp:featuredmedia":[{"embeddable":true,"href":"https:\/\/www.egemtv.com\/index.php?rest_route=\/wp\/v2\/media\/65047"}],"wp:attachment":[{"href":"https:\/\/www.egemtv.com\/index.php?rest_route=%2Fwp%2Fv2%2Fmedia&parent=65046"}],"wp:term":[{"taxonomy":"category","embeddable":true,"href":"https:\/\/www.egemtv.com\/index.php?rest_route=%2Fwp%2Fv2%2Fcategories&post=65046"},{"taxonomy":"post_tag","embeddable":true,"href":"https:\/\/www.egemtv.com\/index.php?rest_route=%2Fwp%2Fv2%2Ftags&post=65046"}],"curies":[{"name":"wp","href":"https:\/\/api.w.org\/{rel}","templated":true}]}}