{"id":65043,"date":"2025-10-31T13:15:05","date_gmt":"2025-10-31T10:15:05","guid":{"rendered":"https:\/\/www.egemtv.com\/?p=65043"},"modified":"2025-10-31T13:15:06","modified_gmt":"2025-10-31T10:15:06","slug":"dijital-dunyada-girisimcilik-yenilik-ve-surdurulebilirlik-konulari-masaya-yatirildi","status":"publish","type":"post","link":"https:\/\/www.egemtv.com\/?p=65043","title":{"rendered":"Dijital d\u00fcnyada giri\u015fimcilik, yenilik ve s\u00fcrd\u00fcr\u00fclebilirlik konular\u0131 masaya yat\u0131r\u0131ld\u0131"},"content":{"rendered":"<p>K\u00fctahya Aysel Selahattin Erkasap Sosyal Bilimler Lisesi, uluslararas\u0131 d\u00fczeyde tan\u0131nan bir akademisyeni a\u011f\u0131rlad\u0131.<br \/>\n<br \/>M\u00fcnih \u00dcniversitesi\u2019nde \u00e7al\u0131\u015fmalar\u0131n\u0131 s\u00fcrd\u00fcren ve Almanya\u2019da 40 ya\u015f alt\u0131 en etkili bilim insanlar\u0131 aras\u0131nda yer alan Prof. Dr. Ali Aslan G\u00fcm\u00fc\u015fay, okulda d\u00fczenlenen \u0130ngilizce konferansta \u00f6\u011frencilerle bir araya geldi.<br \/>\n<br \/>Etkinli\u011fe K\u00fctahya \u0130l Milli E\u011fitim M\u00fcd\u00fcr Yard\u0131mc\u0131s\u0131 Mustafa Topuz ve \u0130l Milli E\u011fitim \u015eube M\u00fcd\u00fcr\u00fc Bilal \u015een de kat\u0131ld\u0131.<br \/>\n<br \/>Prof. Dr. G\u00fcm\u00fc\u015fay, konferans\u0131nda dijital d\u00fcnyada giri\u015fimcilik, yenilik ve s\u00fcrd\u00fcr\u00fclebilirlik konular\u0131n\u0131 ele ald\u0131. K\u00fcresel \u00f6l\u00e7ekte de\u011fi\u015fen i\u015f d\u00fcnyas\u0131n\u0131n dinamikleri, teknoloji merkezli giri\u015fimcilik ekosistemleri ve gen\u00e7lerin gelece\u011fe y\u00f6n veren potansiyelleri \u00fczerine yapt\u0131\u011f\u0131 sunum, \u00f6\u011frenciler taraf\u0131ndan b\u00fcy\u00fck ilgiyle izlendi.<br \/>\n<br \/>Okul M\u00fcd\u00fcr\u00fc Zeki Kilitci, program sonunda yapt\u0131\u011f\u0131 konu\u015fmada Prof. Dr. G\u00fcm\u00fc\u015fay\u2019a te\u015fekk\u00fcr ederek, &#8220;\u00d6\u011frencilerimizin k\u00fcresel \u00f6l\u00e7ekte d\u00fc\u015f\u00fcnebilen, farkl\u0131 bak\u0131\u015f a\u00e7\u0131lar\u0131n\u0131 anlayabilen bireyler olarak yeti\u015fmesi bizim en b\u00fcy\u00fck hedefimiz. Bu t\u00fcr uluslararas\u0131 etkinlikler, onlar\u0131n vizyonunu geni\u015fletiyor ve d\u00fcnyaya daha g\u00fc\u00e7l\u00fc bir \u015fekilde haz\u0131rlanmalar\u0131n\u0131 sa\u011fl\u0131yor. Prof. Dr. Ali Aslan G\u00fcm\u00fc\u015fay\u2019a katk\u0131lar\u0131ndan dolay\u0131 i\u00e7ten te\u015fekk\u00fcr ediyoruz. Konferans, \u00f6\u011frencilerimizin hem akademik, hem de ki\u015fisel geli\u015fimlerine katk\u0131 sa\u011flayan, ufuk a\u00e7\u0131c\u0131 bir etkinlik olarak haf\u0131zalarda yer etmi\u015ftir&#8221; dedi.<br \/><\/p>\n","protected":false},"excerpt":{"rendered":"<p>K\u00fctahya Aysel Selahattin Erkasap Sosyal Bilimler Lisesi, uluslararas\u0131 d\u00fczeyde tan\u0131nan bir akademisyeni a\u011f\u0131rlad\u0131. M\u00fcnih \u00dcniversitesi\u2019nde \u00e7al\u0131\u015fmalar\u0131n\u0131 s\u00fcrd\u00fcren ve Almanya\u2019da 40 ya\u015f alt\u0131 en etkili bilim insanlar\u0131 aras\u0131nda yer alan Prof. Dr. Ali Aslan G\u00fcm\u00fc\u015fay, okulda d\u00fczenlenen \u0130ngilizce konferansta \u00f6\u011frencilerle bir araya geldi. Etkinli\u011fe K\u00fctahya \u0130l Milli E\u011fitim M\u00fcd\u00fcr Yard\u0131mc\u0131s\u0131 Mustafa Topuz ve \u0130l Milli E\u011fitim&#8230;<\/p>\n","protected":false},"author":1,"featured_media":65044,"comment_status":"open","ping_status":"open","sticky":false,"template":"","format":"standard","meta":{"_crdt_document":"","footnotes":""},"categories":[1],"tags":[],"class_list":["post-65043","post","type-post","status-publish","format-standard","has-post-thumbnail","hentry","category-guncel"],"_links":{"self":[{"href":"https:\/\/www.egemtv.com\/index.php?rest_route=\/wp\/v2\/posts\/65043","targetHints":{"allow":["GET"]}}],"collection":[{"href":"https:\/\/www.egemtv.com\/index.php?rest_route=\/wp\/v2\/posts"}],"about":[{"href":"https:\/\/www.egemtv.com\/index.php?rest_route=\/wp\/v2\/types\/post"}],"author":[{"embeddable":true,"href":"https:\/\/www.egemtv.com\/index.php?rest_route=\/wp\/v2\/users\/1"}],"replies":[{"embeddable":true,"href":"https:\/\/www.egemtv.com\/index.php?rest_route=%2Fwp%2Fv2%2Fcomments&post=65043"}],"version-history":[{"count":1,"href":"https:\/\/www.egemtv.com\/index.php?rest_route=\/wp\/v2\/posts\/65043\/revisions"}],"predecessor-version":[{"id":65045,"href":"https:\/\/www.egemtv.com\/index.php?rest_route=\/wp\/v2\/posts\/65043\/revisions\/65045"}],"wp:featuredmedia":[{"embeddable":true,"href":"https:\/\/www.egemtv.com\/index.php?rest_route=\/wp\/v2\/media\/65044"}],"wp:attachment":[{"href":"https:\/\/www.egemtv.com\/index.php?rest_route=%2Fwp%2Fv2%2Fmedia&parent=65043"}],"wp:term":[{"taxonomy":"category","embeddable":true,"href":"https:\/\/www.egemtv.com\/index.php?rest_route=%2Fwp%2Fv2%2Fcategories&post=65043"},{"taxonomy":"post_tag","embeddable":true,"href":"https:\/\/www.egemtv.com\/index.php?rest_route=%2Fwp%2Fv2%2Ftags&post=65043"}],"curies":[{"name":"wp","href":"https:\/\/api.w.org\/{rel}","templated":true}]}}