{"id":65040,"date":"2025-10-31T13:15:05","date_gmt":"2025-10-31T10:15:05","guid":{"rendered":"https:\/\/www.egemtv.com\/?p=65040"},"modified":"2025-10-31T13:15:05","modified_gmt":"2025-10-31T10:15:05","slug":"adalet-bakani-yilmaz-tunc-yeni-anayasaya-ihtiyac-var","status":"publish","type":"post","link":"https:\/\/www.egemtv.com\/?p=65040","title":{"rendered":"Adalet Bakan\u0131 Y\u0131lmaz Tun\u00e7: &#8220;Yeni anayasaya ihtiya\u00e7 var&#8221;"},"content":{"rendered":"<p>Ege \u00dcniversitesi 2025-2026 akademik y\u0131l\u0131 a\u00e7\u0131l\u0131\u015f t\u00f6reni d\u00fczenlendi. Adalet Bakan\u0131 Y\u0131lmaz Tun\u00e7, &#8220;Son \u00e7eyrek as\u0131rda ter\u00f6r\u00fcn ortadan kald\u0131r\u0131lmas\u0131 i\u00e7in m\u00fccadeleler verildi. 50 binden fazla insan\u0131m\u0131z\u0131 kaybettik. Milletimizi rahats\u0131z edecek \u015fehit ailelerini incitecek bir ad\u0131m atmayaca\u011f\u0131z. Ter\u00f6rden ar\u0131nd\u0131rarak yolumuza devam edece\u011fiz. \u0130n\u015fallah T\u00fcrkiye y\u00fczy\u0131l\u0131n\u0131n ba\u015flar\u0131nda demokratik sivil kat\u0131l\u0131mc\u0131 bir anayasa ile yolumuza devam ederiz&#8221; dedi.<br \/>\n<br \/>Ege \u00dcniversitesi E\u00dc), 2025-2026 akademik y\u0131l\u0131 i\u00e7in t\u00f6ren d\u00fczenlendi. E\u00dc Prof. Dr. Yusuf Vardar M\u00d6TBE K\u00fclt\u00fcr Merkezi\u2019nde ger\u00e7ekle\u015ftirilen program kapsam\u0131nda ilk olarak Ege \u00dcniversitesi halk oyunlar\u0131 ekibi zeybek g\u00f6sterisi ger\u00e7ekle\u015ftirdi. Daha sonra Ege \u00dcniversitesi Medya Uygulama ve Ara\u015ft\u0131rma Merkezi taraf\u0131ndan haz\u0131rlanan klip izletildi. A\u00e7\u0131l\u0131\u015f t\u00f6renine ise Adalet Bakan\u0131 Y\u0131lmaz Tun\u00e7, \u0130zmir Valisi S\u00fcleyman Elban, E\u00dc Rekt\u00f6r\u00fc Prof. Dr. Necdet Budak, il protokol\u00fc, senato \u00fcyeleri, akademisyenler ve \u00f6\u011frenciler kat\u0131ld\u0131. Akademik y\u0131l\u0131 a\u00e7\u0131l\u0131\u015f t\u00f6reninde konu\u015fan Adalet Bakan\u0131 Y\u0131lmaz Tun\u00e7, &#8220;\u00c7ocuklar\u0131m\u0131z\u0131 gen\u00e7lerimizi gelece\u011fe haz\u0131rlamak i\u00e7in do\u011fumdan itibaren ailede ba\u015flayan e\u011fitim ile beraber ilk, orta ve \u00fcniversite e\u011fitimi ile birlikte onlar\u0131 en iyi \u015fekilde yeti\u015ftirece\u011fiz. En \u00f6nemli kayna\u011f\u0131m\u0131z insan g\u00fcc\u00fcm\u00fcz. T\u00fcrkiye y\u00fczy\u0131l\u0131n\u0131 in\u015fallah onlar in\u015fa edecekler. E\u011fitime b\u00fcy\u00fck \u00f6nem veriyoruz. B\u00fct\u00e7ede en fazla pay e\u011fitime ayr\u0131l\u0131yor. \u00c7ok \u00f6nemli mesafeler kat ettik. Milli e\u011fitim b\u00fct\u00e7esine bak\u0131ld\u0131\u011f\u0131nda \u00fcniversitelerle birlikte 2 trilyonu a\u015fan mebla\u011f\u0131 ay\u0131rd\u0131k. 2026 y\u0131l\u0131 b\u00fct\u00e7esinde bu rakam daha da y\u00fckselecektir. \u00d6\u011frencilerimizin faydaland\u0131\u011f\u0131 yurt ve burs imkanlar\u0131n\u0131 da artt\u0131rmaya devam ediyoruz. \u015euanda yurt say\u0131m\u0131z 875. Bug\u00fcn 81 vilayette \u00fcniversiteler var. 208 \u00fcniversite ile birlikte yurt kapasitesi 1 milyona ula\u015ft\u0131. Y\u00fcksek \u00f6\u011fretimde \u00f6\u011frencilerimizin burs ve bar\u0131nma imkanlar\u0131n\u0131 kar\u015f\u0131lamak i\u00e7in gayret g\u00f6sterdik. Anadolu\u2019da kurulan yeni \u00fcniversiteler var. Akademik kadrolar\u0131n geli\u015fimleri her ge\u00e7en g\u00fcn art\u0131yor. Gelecekte ba\u015far\u0131l\u0131 \u00fcniversiteler aras\u0131nda yer alacaklar\u0131na inan\u0131yoruz&#8221; ifadelerini kulland\u0131.<\/p>\n<p>Bakan Tun\u00e7: &#8220;Fiziki ve demokratik kalk\u0131nma anlam\u0131nda b\u00fcy\u00fck reformlara imza att\u0131k&#8221;<br \/>\n<br \/>T\u00fcrkiye\u2019nin her alanda geli\u015fmesini ve kalk\u0131nmas\u0131n\u0131 g\u00fc\u00e7l\u00fc \u015fekilde s\u00fcrd\u00fcrmenin gayreti i\u00e7inde olduklar\u0131n\u0131 aktaran Bakan Tun\u00e7, &#8220;\u00dclkemiz, fiziki kalk\u0131nma, altyap\u0131 \u00fcstyap\u0131 yat\u0131r\u0131mlar\u0131, ortaya \u00e7\u0131kan d\u00fcnya projeleriyle, yollar\u0131, k\u00f6pr\u00fcleri, barajlar\u0131, \u015fehir hastaneleri, \u00fcniversiteleri ile enerji projeleri ile milli savunma hamleleriyle, y\u00fczde 80 yerlilik oran\u0131n\u0131 yakalayarak \u00e7ok \u00f6nemli mesafeler kat ettik. Fiziki ve demokratik kalk\u0131nma anlam\u0131nda b\u00fcy\u00fck reformlara imza att\u0131k. T\u00fcrkiye Cumhuriyeti ikinci y\u00fczy\u0131la ba\u015flad\u0131k. Bir as\u0131r geride kald\u0131. Demokraside kesintili zamanlar oldu. Cumhuriyetimizin kurulu\u015fundan bu yana ba\u015fta devletimizin kurucusu Gazi Mustafa Kemal Atat\u00fcrk ve \u015fehitlerimizi rahmetle an\u0131yoruz. Onlar\u0131n emanetlerine sahip \u00e7\u0131kaca\u011f\u0131z ve bu \u00fclkeyi d\u00fcnyan\u0131n en g\u00fc\u00e7l\u00fc \u00fclkelerinden biri haline getirece\u011fiz. Son \u00e7eyrek as\u0131rda h\u0131zl\u0131 kalk\u0131nma s\u00fcreci i\u00e7inde oldu. Hukuk devleti, temel hak ve h\u00fcrriyetlerinin geli\u015ftirilmesi konusunda \u00f6nemli mesafeler ald\u0131k. Anayasal reformlarla k\u00fc\u00e7\u00fcmsenemeyecek, vesayit\u00e7i anlay\u0131\u015f\u0131n tasfiyesi ile beraber Anayasam\u0131zda ger\u00e7ekle\u015ftirilen temel hak ve h\u00fcrriyetlerin artt\u0131r\u0131lmas\u0131 anlam\u0131nda sessiz devrim say\u0131labilecek \u00e7al\u0131\u015fmalara imza att\u0131k. Kad\u0131n haklar\u0131n\u0131n g\u00fc\u00e7lendirilmesi, k\u0131l\u0131k k\u0131yafet \u00f6zg\u00fcrl\u00fc\u011f\u00fcnde suni tart\u0131\u015fmalarla zaman kaybettik. \u00dcniversite birincisi k\u0131zlar\u0131m\u0131z k\u00fcrs\u00fcden yaka pa\u00e7a indirildi. Vakit kaybetmeden gen\u00e7li\u011fimizi en iyi \u015fekilde yeti\u015ftirerek teknolojide kalk\u0131nmada d\u00fcnyada s\u00f6z sahibi olaca\u011f\u0131z.&#8221; diye kaydetti.<\/p>\n<p>Bakan Tun\u00e7: &#8220;Yeni anayasaya ihtiya\u00e7 var&#8221;<br \/>\n<br \/>T\u00fcrkiye\u2019nin y\u00fcksek standarttaki demokrasi denildi\u011finde, darbe anayasas\u0131 ile y\u00f6netildi\u011fi belirten Bakan Tun\u00e7, &#8220;Reforme edilecek bir\u00e7ok husus hala var. Bu anayasada reforme edilecek bir\u00e7ok husus var. Milli g\u00fcvenlik kurumunun yap\u0131s\u0131ndan tutun Y\u00fcksek Askeri \u015eura\u2019n\u0131n yap\u0131s\u0131n\u0131n demokratik hale getirilmesine var\u0131ncaya kadar, Anayasa Mahkemesi, Hakimler ve Savc\u0131lar Y\u00fcksek Kurulu\u2019nun yap\u0131s\u0131, \u00f6zel yetkili mahkemelerin ve devlet g\u00fcvenlik mahkemelerinin kald\u0131r\u0131lmas\u0131 gibi yarg\u0131 alanlar\u0131nda \u00e7ok \u00f6nemli reformlar ger\u00e7ekle\u015ftirildi. Hak arama yollar\u0131 artt\u0131r\u0131ld\u0131. Vatanda\u015flar\u0131n idareyle ilgili sorunu oldu\u011funda yarg\u0131ya ba\u015fvurmadan kamu denet\u00e7ili\u011fi kurumuna ba\u015fvurmas\u0131 sa\u011fland\u0131. Anayasa mahkemesine bireysel ba\u015fvuru imkan\u0131, bilgi edinme hakk\u0131 gibi bir\u00e7ok yap\u0131sal reformu hayata ge\u00e7irdik. S\u0131k\u0131y\u00f6netim ilan\u0131na izin veren maddelerin kald\u0131r\u0131lmas\u0131, darbecilerin yarg\u0131lanabilece\u011fine ili\u015fkin h\u00fck\u00fcmlerin anayasam\u0131zda yerini almas\u0131 vesayet\u00e7i ruhu ortadan kald\u0131rmaya y\u00f6nelik d\u00fczenlemelerdi ve bunlar milletimizin onay\u0131yla ger\u00e7ekle\u015fti. Cumhuriyet rejimini daha da g\u00fc\u00e7lendiren, halk\u0131n do\u011frudan do\u011fruya hem yasamay\u0131 hem y\u00fcr\u00fctmeyi belirledi\u011fi bir y\u00f6netim sistemine ge\u00e7i\u015f T\u00fcrkiye\u2019nin daha y\u00fcksek standartl\u0131 demokrasiye kavu\u015fmas\u0131 i\u00e7in ger\u00e7ekle\u015ftirildi.  Bunlar yeterli mi? T\u00fcrkiye y\u00fczy\u0131l\u0131nda, demokratik sivil kat\u0131l\u0131mc\u0131 bir toplum s\u00f6zle\u015fmesine ihtiya\u00e7 var. Yeni anayasaya ihtiya\u00e7 var. Milletimize olan bu borcu yerine getirmemiz gerekir. \u0130n\u015fallah mecliste b\u00f6yle bir uzla\u015fma sa\u011flan\u0131r. T\u00fcrkiye y\u00fczy\u0131l\u0131n\u0131n ba\u015flar\u0131nda demokratik sivil kat\u0131l\u0131mc\u0131 bir anayasa ile yolumuza devam ederiz&#8221; diye ekledi.<\/p>\n<p>Bakan Tun\u00e7: &#8220;B\u00fcy\u00fck ac\u0131lar ya\u015fad\u0131k&#8221;<br \/>\n<br \/>T\u00fcrkiye y\u00fczy\u0131l\u0131n\u0131n in\u015fa edilmesine ter\u00f6rs\u00fcz T\u00fcrkiye\u2019nin \u00f6nemine dikkat \u00e7eken Bakan Y\u0131lmaz Tun\u00e7, &#8220;Ter\u00f6r sorunu 41 y\u0131lda b\u00fcy\u00fck ekonomik kay\u0131plara neden oldu. Bu olmasayd\u0131 k\u00f6ylerde \u015fehirlerde milletimizin refah\u0131 daha fazla olacakt\u0131. 50-60 y\u0131ll\u0131k yat\u0131r\u0131m b\u00fct\u00e7esine ay\u0131rd\u0131\u011f\u0131m\u0131z paray\u0131 maalesef ter\u00f6re ve neden oldu\u011fu zararlara ay\u0131rd\u0131k. Maddi kay\u0131plar\u0131n yan\u0131 s\u0131ra 50 binden fazla insan\u0131m\u0131z\u0131 kaybettik. B\u00fcy\u00fck ac\u0131lar ya\u015fad\u0131k. Bir daha ya\u015fanmamas\u0131n\u0131 istiyoruz. T\u00fcrkiye\u2019nin gen\u00e7lerinin sizlerin daha huzurlu ya\u015famas\u0131n\u0131 ve huzurlu gelece\u011fi in\u015fa edelim istiyoruz. Son \u00e7eyrek as\u0131rda ter\u00f6r\u00fcn ortadan kald\u0131r\u0131lmas\u0131 i\u00e7in m\u00fccadeleler verildi. 2002\u2019de ola\u011fan\u00fcst\u00fc halin kald\u0131r\u0131lmas\u0131yla beraber normalle\u015fme ad\u0131mlar\u0131 ba\u015flad\u0131. Hakkari Y\u00fcksekova\u2019ya da havaliman\u0131 yapt\u0131k Zonguldak \u00c7aycuma\u2019ya da havaalan\u0131 yapt\u0131k. \u015e\u0131rnak\u2019a da Sinop\u2019a da \u00fcniversite getirdik. Yat\u0131r\u0131mlar\u0131 e\u015fit \u015fekilde sunmaya \u00e7al\u0131\u015ft\u0131k. Temel hak ve h\u00fcrriyetleri g\u00fc\u00e7lendirdik. E\u015fit vatanda\u015fl\u0131k ilkesi i\u00e7inde etnik k\u00f6kene bakmadan ayr\u0131mc\u0131l\u0131\u011f\u0131n ortadan kalkmas\u0131 i\u00e7in uygulamalar ger\u00e7ekle\u015ftirdik&#8221; diye konu\u015ftu.<\/p>\n<p>Bakan Tun\u00e7: &#8220;Ter\u00f6rden ar\u0131nd\u0131rarak yolumuza devam edece\u011fiz&#8221;<br \/>\n<br \/>Ter\u00f6rs\u00fcz T\u00fcrkiye \u00e7al\u0131\u015fmalar\u0131 hakk\u0131nda da bilgi veren Tun\u00e7, s\u00f6zlerine \u015fu \u015fekilde devam etti:<br \/>\n<br \/>&#8220;Son bir y\u0131la geldi\u011fimizde ter\u00f6r\u00fcn tamamen sonland\u0131r\u0131lmas\u0131 i\u00e7in \u00e7al\u0131\u015fmalar\u0131 yo\u011funla\u015ft\u0131rd\u0131k. \u0130mral\u0131\u2019dan ter\u00f6r \u00f6rg\u00fct\u00fcn\u00fcn feshi ile ilgili a\u00e7\u0131klamalar geldi. \u00d6nemli bir a\u015famaya ge\u00e7ilmi\u015f oldu. D\u00fcn TBMM\u2019de ter\u00f6rs\u00fcz T\u00fcrkiye milli dayan\u0131\u015fma karde\u015flik komisyonuna D\u0131\u015f \u0130\u015fleri Bakan\u0131m\u0131zla birlikte sunum yapt\u0131k. Orada \u00f6zellikle sivil toplum kurulu\u015flar\u0131 ile birlikte bu konuda s\u00f6z\u00fc olan herkesin dinlendi\u011fini g\u00f6r\u00fcyoruz. Orada da milletvekillerimizin g\u00f6r\u00fc\u015flerini ald\u0131k. Adalet Bakanl\u0131\u011f\u0131\u2019n\u0131n s\u00fcreci ba\u015far\u0131ya ula\u015ft\u0131rmak i\u00e7in verdi\u011fi katk\u0131lar\u0131 payla\u015ft\u0131k. Bu komisyon \u00e7ok \u00f6nemli kararlar alacak. Onlar\u0131n \u00e7izdi\u011fi rotada yolumuza devam edece\u011fiz. Milletimizi rahats\u0131z edecek \u015fehit ailelerini incitecek bir ad\u0131m atmayaca\u011f\u0131z. Ter\u00f6rden ar\u0131nd\u0131rarak yolumuza devam edece\u011fiz.&#8221;<\/p>\n<p>Bakan Tun\u00e7: &#8220;Bir as\u0131rl\u0131k d\u00f6nemde \u0130srail hi\u00e7bir karara uymad\u0131&#8221;<br \/>\n<br \/>Filistin\u2019de ate\u015fkese ra\u011fmen bombalar\u0131n at\u0131ld\u0131\u011f\u0131n\u0131 \u00fcz\u00fclerek g\u00f6rd\u00fcklerini ifade eden Bakan Tun\u00e7,  &#8220;Pamuk ipli\u011fine ba\u011fl\u0131 bir ate\u015fkes. Bunun sa\u011flanmas\u0131nda cumhurba\u015fkan\u0131m\u0131z\u0131n gayretleri oldu. Bu iki y\u0131ll\u0131k bir sorun de\u011fil. Bu, bir asr\u0131 a\u015fan b\u00f6lgede bir \u0130srail devleti kurulmas\u0131 fikri ile beraber i\u015fgal politikalar\u0131 ile Filistinlilerin topraklar\u0131ndan edilmesi ve soyk\u0131r\u0131ma tabi tutulmas\u0131 ile d\u00fcnyan\u0131n \u00f6nemli bir sorunu hale geldi. Bir as\u0131rl\u0131k d\u00f6nemde \u0130srail hi\u00e7bir karara uymad\u0131. 100\u2019den fazla karar var. \u0130\u015fgal ettikleri topraklardan \u00e7ekilmesine y\u00f6nelik kararlar\u0131n hi\u00e7birine uymad\u0131 uluslararas\u0131 hukuka sayg\u0131 g\u00f6stermedi. G\u00fcney Afrika\u2019n\u0131n ba\u015flatt\u0131\u011f\u0131 tedbir kararlar\u0131 var. Uluslararas\u0131 ceza mahkemesinin soyk\u0131r\u0131mc\u0131lar\u0131n yakalanmas\u0131na ili\u015fkin kararlar\u0131 da ka\u011f\u0131t \u00fcst\u00fcnde kald\u0131. Uluslararas\u0131 sistem i\u015fletilmedi. Say\u0131n Cumhurba\u015fkan\u0131m\u0131z \u2018Daha adil bir d\u00fcnya m\u00fcmk\u00fcnd\u00fcr, d\u00fcnya 5\u2019ten b\u00fcy\u00fckt\u00fcr, d\u00fcnya Birle\u015fmi\u015f Milletler G\u00fcvenlik Konseyi 5 \u00fclkenin karar\u0131yla \u015fekillenmemeli, g\u00fcvenlik sa\u011flanacaksa BM g\u00fcvenlik konseyinin adil olmas\u0131 laz\u0131m\u2019 dedi. Bu nedenle uluslararas\u0131 sistemin bir revizyona girmesini s\u00f6ylerken insanl\u0131\u011f\u0131n sorunlar\u0131na \u00e7are olacak sistemin kurulmas\u0131n\u0131 istedi. \u0130lk zamanlar bunu \u00fclkemizde bile ele\u015ftirenler oldu. \u015eimdi d\u00fcnyan\u0131n bir\u00e7ok \u00fclke bu sistemin sorunlara \u00e7are olmad\u0131\u011f\u0131n\u0131 ifade ediyor&#8221; dedi.<\/p>\n<p>\u0130zmir Valisi S\u00fcleyman Elban da bu y\u0131l E\u00dc i\u00e7in \u00f6zel bir y\u0131l oldu\u011funu hat\u0131rlatarak kurulu\u015funun 70\u2019inci y\u0131l\u0131nda T\u00fcrkiye\u2019nin k\u00f6kl\u00fc \u00fcniversitelerinden biri olan \u00fcniversite \u00f6\u011frencileri ve akademisyenlerine ba\u015far\u0131larla dolu bir akademik y\u0131l diledi\u011fini belirtti.<\/p>\n<p>Budak: &#8220;T\u00dcB\u0130TAK nezdinde son 4 y\u0131lda proje ba\u015fvuru ve kabul oran\u0131nda T\u00fcrkiye birincisi olduk&#8221;<br \/>\n<br \/>Rekt\u00f6r Prof. Dr. Necdet Budak ise Ege \u00dcniversitesi\u2019nin 70 y\u0131ll\u0131k ge\u00e7mi\u015fi, 400 bin mezunuyla \u00fclkenin en k\u00f6kl\u00fc \u00fcniversitelerinden birisi oldu\u011funu s\u00f6yleyerek &#8220;Ege \u00dcniversitesi, \u00fclkemizde 70 y\u0131ll\u0131k akademik birikimiyle k\u00f6kl\u00fc bir bilim yuvas\u0131d\u0131r. Bu k\u00f6kl\u00fc \u00e7at\u0131 alt\u0131nda Cumhurba\u015fkan\u0131m\u0131z Say\u0131n Recep Tayyip Erdo\u011fan\u2019\u0131n T\u00fcrkiye Y\u00fczy\u0131l\u0131 vizyonuna yak\u0131\u015f\u0131r bir de\u011fi\u015fime imza atmak ve uluslararas\u0131 \u00fcniversite normlar\u0131n\u0131 yakalamak ad\u0131na Ege \u00dcniversitesi akademik ve idari kadrosu ile birlikte \u00f6nemli bir ba\u015far\u0131 hikayesi yazd\u0131k. Ve ne mutlu ki bug\u00fcn; Ara\u015ft\u0131rma \u00dcniversitesi unvan\u0131na sahip, Kurumsal Tam Akreditasyon belgesi alan ilk devlet \u00fcniversitesi olan ve \u00f6\u011frenci odakl\u0131l\u0131kta A Plus olmu\u015f, Milli Yenilik \u00d6d\u00fcl\u00fcne Sahip, engelsiz, ye\u015fil ve spor dostu kamp\u00fcse sahip bir \u00fcniversite olman\u0131n hakl\u0131 gururunu ya\u015f\u0131yoruz. T\u00dcB\u0130TAK nezdinde son 4 y\u0131lda proje ba\u015fvuru ve kabul oran\u0131nda T\u00fcrkiye birincisi olduk. \u00c7\u0131kt\u0131 odakl\u0131 ara\u015ft\u0131rma anlay\u0131\u015f\u0131m\u0131z do\u011frultusunda patentlerin ticarile\u015ftirilmesinde T\u00fcrkiye 2.\u2019si olurken,  patentlerin lisanslanmas\u0131nda ise T\u00fcrkiye 3.\u2019s\u00fc olarak yer ald\u0131k.&#8221; dedi.<br \/>\n<br \/>\u00dcniversite olarak \u0130zmir Cumhuriyet Ba\u015fsavc\u0131l\u0131\u011f\u0131 ve Adalet Bakanl\u0131\u011f\u0131\u2019na ba\u011fl\u0131 kurumlarla yak\u0131n bir i\u015fbirli\u011fi i\u00e7erisinde olduklar\u0131n\u0131 belirten Budak, &#8220;Yapt\u0131\u011f\u0131m\u0131z \u00e7e\u015fitli protokollerle yo\u011fun \u00e7al\u0131\u015fma temposundaki yarg\u0131 mensuplar\u0131na \u00dcniversite Hastanemizde h\u0131zl\u0131 ve etkin sa\u011fl\u0131k hizmeti veriyoruz. Madde Ba\u011f\u0131ml\u0131l\u0131\u011f\u0131 Toksikoloji ve \u0130la\u00e7 Bilimleri Enstit\u00fcm\u00fcz denetimli serbestlik kapsam\u0131ndaki bireylere hizmet sunmaktad\u0131r. \u0130zmir Denetimli Serbestlik M\u00fcd\u00fcrl\u00fc\u011f\u00fc yap\u0131lan protokoller kapsam\u0131nda \u00e7al\u0131\u015fanlara y\u00f6nelik \u00e7e\u015fitli e\u011fitim faaliyetleri y\u00fcr\u00fct\u00fcyoruz. Yine Ba\u015fsavc\u0131l\u0131\u011f\u0131m\u0131zla yapt\u0131\u011f\u0131m\u0131z protokoller kapsam\u0131nda \u00f6zel gruplara y\u00f6nelik \u00e7ocuk ve eri\u015fkin ruh sa\u011fl\u0131\u011f\u0131 kliniklerimizde \u00f6ncelikli randevu ile sa\u011fl\u0131k hizmeti veriyoruz&#8221; diye konu\u015ftu.<br \/><\/p>\n","protected":false},"excerpt":{"rendered":"<p>Ege \u00dcniversitesi 2025-2026 akademik y\u0131l\u0131 a\u00e7\u0131l\u0131\u015f t\u00f6reni d\u00fczenlendi. Adalet Bakan\u0131 Y\u0131lmaz Tun\u00e7, &#8220;Son \u00e7eyrek as\u0131rda ter\u00f6r\u00fcn ortadan kald\u0131r\u0131lmas\u0131 i\u00e7in m\u00fccadeleler verildi. 50 binden fazla insan\u0131m\u0131z\u0131 kaybettik. Milletimizi rahats\u0131z edecek \u015fehit ailelerini incitecek bir ad\u0131m atmayaca\u011f\u0131z. Ter\u00f6rden ar\u0131nd\u0131rarak yolumuza devam edece\u011fiz. \u0130n\u015fallah T\u00fcrkiye y\u00fczy\u0131l\u0131n\u0131n ba\u015flar\u0131nda demokratik sivil kat\u0131l\u0131mc\u0131 bir anayasa ile yolumuza devam ederiz&#8221; dedi. Ege&#8230;<\/p>\n","protected":false},"author":1,"featured_media":65041,"comment_status":"open","ping_status":"open","sticky":false,"template":"","format":"standard","meta":{"_crdt_document":"","footnotes":""},"categories":[1],"tags":[],"class_list":["post-65040","post","type-post","status-publish","format-standard","has-post-thumbnail","hentry","category-guncel"],"_links":{"self":[{"href":"https:\/\/www.egemtv.com\/index.php?rest_route=\/wp\/v2\/posts\/65040","targetHints":{"allow":["GET"]}}],"collection":[{"href":"https:\/\/www.egemtv.com\/index.php?rest_route=\/wp\/v2\/posts"}],"about":[{"href":"https:\/\/www.egemtv.com\/index.php?rest_route=\/wp\/v2\/types\/post"}],"author":[{"embeddable":true,"href":"https:\/\/www.egemtv.com\/index.php?rest_route=\/wp\/v2\/users\/1"}],"replies":[{"embeddable":true,"href":"https:\/\/www.egemtv.com\/index.php?rest_route=%2Fwp%2Fv2%2Fcomments&post=65040"}],"version-history":[{"count":1,"href":"https:\/\/www.egemtv.com\/index.php?rest_route=\/wp\/v2\/posts\/65040\/revisions"}],"predecessor-version":[{"id":65042,"href":"https:\/\/www.egemtv.com\/index.php?rest_route=\/wp\/v2\/posts\/65040\/revisions\/65042"}],"wp:featuredmedia":[{"embeddable":true,"href":"https:\/\/www.egemtv.com\/index.php?rest_route=\/wp\/v2\/media\/65041"}],"wp:attachment":[{"href":"https:\/\/www.egemtv.com\/index.php?rest_route=%2Fwp%2Fv2%2Fmedia&parent=65040"}],"wp:term":[{"taxonomy":"category","embeddable":true,"href":"https:\/\/www.egemtv.com\/index.php?rest_route=%2Fwp%2Fv2%2Fcategories&post=65040"},{"taxonomy":"post_tag","embeddable":true,"href":"https:\/\/www.egemtv.com\/index.php?rest_route=%2Fwp%2Fv2%2Ftags&post=65040"}],"curies":[{"name":"wp","href":"https:\/\/api.w.org\/{rel}","templated":true}]}}