{"id":65037,"date":"2025-10-31T13:15:04","date_gmt":"2025-10-31T10:15:04","guid":{"rendered":"https:\/\/www.egemtv.com\/?p=65037"},"modified":"2025-10-31T13:15:04","modified_gmt":"2025-10-31T10:15:04","slug":"burdurda-ickili-yer-bolgesi-karari-mahkemelik-oldu","status":"publish","type":"post","link":"https:\/\/www.egemtv.com\/?p=65037","title":{"rendered":"Burdur\u2019da &#8220;\u0130\u00e7kili Yer B\u00f6lgesi&#8221; karar\u0131 mahkemelik oldu"},"content":{"rendered":"<p>Burdur\u2019da belediye meclisinde al\u0131nan &#8220;\u0130\u00e7kili Yer B\u00f6lgesi&#8221; karar\u0131n\u0131n oy \u00e7oklu\u011fuyla kabul edilmesin ard\u0131ndan konu mahkemelik oldu.<br \/>\n<br \/>Burdur\u2019da Ekim ay\u0131 ola\u011fan belediye meclisi toplant\u0131s\u0131nda \u0130\u00e7kili Yer B\u00f6lgesi Tespit Komisyonu\u2019nun raporu oy \u00e7oklu\u011fuyla kabul edilmi\u015fti. Rapor \u00e7er\u00e7evesinde \u00d6zg\u00fcr Mahallesi\u2019nde bulunan Hal D\u00fckkanlar\u0131 ve Emek Mahallesi Yahya Kemal Caddesi \u2019\u0130\u00e7kili Yer B\u00f6lgesi\u2019 olarak belirlendi. Bu karara kar\u015f\u0131 \u00e7\u0131kan AKP Burdur \u0130l Ba\u015fkanl\u0131\u011f\u0131 taraf\u0131ndan konu mahkemeye ta\u015f\u0131nd\u0131. Bug\u00fcn Burdur Adliyesine gelen partililer, konu hakk\u0131nda itiraz dilek\u00e7esi verdi.<\/p>\n<p>&#8220;Emsal kararlar\u0131 toparlayarak bir itiraz dilek\u00e7esi olu\u015fturduk&#8221;<br \/>\n<br \/>Konu hakk\u0131nda a\u00e7\u0131klama yapan AKP Burdur \u0130l Ba\u015fkan\u0131 Mustafa \u00d6zboyac\u0131, &#8220;Yakla\u015f\u0131k bir y\u0131ld\u0131r Burdur Belediyesi\u2019nin g\u00fcndeminde olan i\u00e7kili yer b\u00f6lgesiyle alakal\u0131 olarak karar \u00e7\u0131kt\u0131. Daha \u00f6nce ilgili arkada\u015flar\u0131m\u0131z toplant\u0131larda, komisyon toplant\u0131lar\u0131nda buna itiraz ettiler. Biz yaz sezonunda hatta \u00f6zellikle Hal B\u00f6lgesinde bu i\u015fin kurulmaya \u00e7al\u0131\u015f\u0131ld\u0131\u011f\u0131yla alakal\u0131 bir duyum al\u0131nca b\u00f6lgedeki esnaflar\u0131m\u0131za da bir bilgilendirme yapm\u0131\u015ft\u0131k. Nihayetinde \u00e7\u0131kan kararda g\u00f6rd\u00fc\u011f\u00fcm\u00fcz \u00fczere \u00f6zellikle hal b\u00f6lgesi, Emek yoku\u015fu ba\u015fta olmak \u00fczere Burdur\u2019umuzda yeni i\u00e7kili alanlar olu\u015fturulmaya \u00e7al\u0131\u015f\u0131ld\u0131. Bu karar oy \u00e7oklu\u011fuyla \u00e7\u0131kt\u0131. Oy birli\u011fi ile \u00e7\u0131kmad\u0131. Biz bununla alakal\u0131 bir yer belirlenmesine kar\u015f\u0131 de\u011filiz ama belirlenen yerin bu noktalar olmas\u0131na kar\u015f\u0131y\u0131z. Biz bunu defalarca ilettik. Komisyon ve meclis toplant\u0131lar\u0131nda ilettik. Bu konuyla alakal\u0131 olarak vatanda\u015flar\u0131m\u0131zdan \u00e7ok b\u00fcy\u00fck bir tepki var. Yakla\u015f\u0131k 500\u2019den fazla Emek Mahallesi\u2019nden vatanda\u015flar\u0131m\u0131z imza toplayarak valili\u011fimize de teslim ettiler. Bizler de yakla\u015f\u0131k bir 15-20 g\u00fcnd\u00fcr bu karar \u00e7\u0131kt\u0131ktan sonra yo\u011fun bir \u00e7al\u0131\u015fma i\u00e7erisine girdik. Hukuk\u00e7u arkada\u015flar\u0131m\u0131z bununla ilgili \u00e7al\u0131\u015ft\u0131lar. Sebepleri, sonu\u00e7lar\u0131 bizim iddia etti\u011fimizin kan\u0131tlar\u0131. Emsal kararlar\u0131 toparlayarak bir itiraz dilek\u00e7esi olu\u015fturduk. Bizim itiraz\u0131m\u0131z derhal y\u00fcr\u00fctmenin durdurulmas\u0131 ve bu karar\u0131n iptal edilmesiyle alakal\u0131. Bu karar enine boyuna d\u00fc\u015f\u00fcn\u00fclerek tekrardan Belediye meclisine gelmeli ve orada tekrardan g\u00f6r\u00fc\u015f\u00fclerek ortak bir fikirle Burdur\u2019umuza zarar vermeyecek bir fikirle yeniden ortaya \u00e7\u0131kmas\u0131n\u0131 biz istiyoruz&#8221; dedi.<\/p>\n<p>&#8220;Verilen karar\u0131n d\u00fczeltilmesi ad\u0131na bug\u00fcn Burdur Adliyesindeyiz&#8221;<br \/>\n<br \/>AKP Burdur Milletvekili Mustafa O\u011fuz ise, &#8220;Son zamanlarda Burdur g\u00fcndemini me\u015fgul eden i\u00e7kili mekan b\u00f6lgesi belirlenmesi \u00fczerine bir s\u00fcre\u00e7 ya\u015fad\u0131k. Biz bu s\u00fcre\u00e7te a\u00e7\u0131klaman\u0131n ba\u015f\u0131nda s\u00f6ylendi\u011fi \u00fczere b\u00f6yle bir b\u00f6lge belirlenmesine kar\u015f\u0131 de\u011filiz. Aksine bu b\u00f6lgenin belirlenmesinde vatanda\u015ftan gelen hakl\u0131 \u015fikayetleri dikkatte al\u0131nmas\u0131 gerekti\u011fini d\u00fc\u015f\u00fcn\u00fcyoruz. Ali Orkun Ba\u015fkan\u0131m\u0131z ve di\u011fer CHP\u2019li meclis \u00fcyelerinden bu hassasiyeti bekliyoruz. Takdir edersiniz ki Burdur \u00fclkemizin en sakin illerinden birisi. Bunun bozulmamas\u0131 ad\u0131na bu b\u00f6lgenin belirlenirken \u00f6zellikle \u00f6\u011frenci yo\u011funlu\u011funun ve \u00e7ocuklar\u0131m\u0131z\u0131n yo\u011fun oldu\u011fu belirlenmesi Burdur halk\u0131n\u0131 tedirgin etmi\u015ftir. Biz bir an \u00f6nce bu yanl\u0131\u015fl\u0131\u011f\u0131n, bu an\u0131nda karar vermenin d\u00fczeltilmesi ad\u0131na bug\u00fcn Burdur Adliyesindeyiz. Vatanda\u015ftan gelen hakl\u0131 bir talep var. Yine diyorum b\u00f6yle bir b\u00f6lgenin belirlenmesi yerel y\u00f6netimlerin takdirindedir&#8221; \u015feklinde konu\u015ftu.<br \/><\/p>\n","protected":false},"excerpt":{"rendered":"<p>Burdur\u2019da belediye meclisinde al\u0131nan &#8220;\u0130\u00e7kili Yer B\u00f6lgesi&#8221; karar\u0131n\u0131n oy \u00e7oklu\u011fuyla kabul edilmesin ard\u0131ndan konu mahkemelik oldu. Burdur\u2019da Ekim ay\u0131 ola\u011fan belediye meclisi toplant\u0131s\u0131nda \u0130\u00e7kili Yer B\u00f6lgesi Tespit Komisyonu\u2019nun raporu oy \u00e7oklu\u011fuyla kabul edilmi\u015fti. Rapor \u00e7er\u00e7evesinde \u00d6zg\u00fcr Mahallesi\u2019nde bulunan Hal D\u00fckkanlar\u0131 ve Emek Mahallesi Yahya Kemal Caddesi \u2019\u0130\u00e7kili Yer B\u00f6lgesi\u2019 olarak belirlendi. Bu karara kar\u015f\u0131 \u00e7\u0131kan&#8230;<\/p>\n","protected":false},"author":1,"featured_media":65038,"comment_status":"open","ping_status":"open","sticky":false,"template":"","format":"standard","meta":{"_crdt_document":"","footnotes":""},"categories":[127],"tags":[],"class_list":["post-65037","post","type-post","status-publish","format-standard","has-post-thumbnail","hentry","category-siyaset"],"_links":{"self":[{"href":"https:\/\/www.egemtv.com\/index.php?rest_route=\/wp\/v2\/posts\/65037","targetHints":{"allow":["GET"]}}],"collection":[{"href":"https:\/\/www.egemtv.com\/index.php?rest_route=\/wp\/v2\/posts"}],"about":[{"href":"https:\/\/www.egemtv.com\/index.php?rest_route=\/wp\/v2\/types\/post"}],"author":[{"embeddable":true,"href":"https:\/\/www.egemtv.com\/index.php?rest_route=\/wp\/v2\/users\/1"}],"replies":[{"embeddable":true,"href":"https:\/\/www.egemtv.com\/index.php?rest_route=%2Fwp%2Fv2%2Fcomments&post=65037"}],"version-history":[{"count":1,"href":"https:\/\/www.egemtv.com\/index.php?rest_route=\/wp\/v2\/posts\/65037\/revisions"}],"predecessor-version":[{"id":65039,"href":"https:\/\/www.egemtv.com\/index.php?rest_route=\/wp\/v2\/posts\/65037\/revisions\/65039"}],"wp:featuredmedia":[{"embeddable":true,"href":"https:\/\/www.egemtv.com\/index.php?rest_route=\/wp\/v2\/media\/65038"}],"wp:attachment":[{"href":"https:\/\/www.egemtv.com\/index.php?rest_route=%2Fwp%2Fv2%2Fmedia&parent=65037"}],"wp:term":[{"taxonomy":"category","embeddable":true,"href":"https:\/\/www.egemtv.com\/index.php?rest_route=%2Fwp%2Fv2%2Fcategories&post=65037"},{"taxonomy":"post_tag","embeddable":true,"href":"https:\/\/www.egemtv.com\/index.php?rest_route=%2Fwp%2Fv2%2Ftags&post=65037"}],"curies":[{"name":"wp","href":"https:\/\/api.w.org\/{rel}","templated":true}]}}