{"id":65034,"date":"2025-10-31T13:15:03","date_gmt":"2025-10-31T10:15:03","guid":{"rendered":"https:\/\/www.egemtv.com\/?p=65034"},"modified":"2025-10-31T13:15:04","modified_gmt":"2025-10-31T10:15:04","slug":"deas-operasyonu-suphelileri-adli-kontrol-sarti-ile-serbest-birakildi","status":"publish","type":"post","link":"https:\/\/www.egemtv.com\/?p=65034","title":{"rendered":"DEA\u015e operasyonu \u015f\u00fcphelileri adli kontrol \u015fart\u0131 ile serbest b\u0131rak\u0131ld\u0131"},"content":{"rendered":"<p>Ayd\u0131n\u2019\u0131n Nazilli ve K\u00f6\u015fk il\u00e7elerinde ter\u00f6r \u00f6rg\u00fct\u00fc DEA\u015e\u2019a y\u00f6nelik d\u00fczenlenen operasyonda g\u00f6zalt\u0131na al\u0131narak adliyeye sevk edilen 5 \u015f\u00fcpheli adli kontrol \u015fart\u0131 ile serbest b\u0131rak\u0131ld\u0131.<\/p>\n<p>Edinilen bilgiye g\u00f6re, Ayd\u0131n \u0130l Jandarma Komutanl\u0131\u011f\u0131 ekipleri, ter\u00f6r \u00f6rg\u00fct\u00fc DEA\u015e\u2019\u0131n faaliyetlerinin \u00f6nlenmesine y\u00f6nelik \u00e7al\u0131\u015fma ba\u015flatt\u0131. Y\u00fcr\u00fct\u00fclen \u00e7al\u0131\u015fmalar \u00e7er\u00e7evesinde Nazilli ve K\u00f6\u015fk il\u00e7elerinde belirlenen 5 adrese e\u015f zamanl\u0131 operasyon d\u00fczenlendi. Operasyonda Suriye uyruklu 5 \u015f\u00fcpheli yakalanarak g\u00f6zalt\u0131na al\u0131nd\u0131. \u015e\u00fcphelilerden 4\u2019\u00fcn\u00fcn K\u00f6\u015fk, 1\u2019inin ise Nazilli il\u00e7esinde yakaland\u0131\u011f\u0131 \u00f6\u011frenildi. T\u00fcrkiye\u2019ye yasa d\u0131\u015f\u0131 yollardan girdikleri tespit edilen zanl\u0131lar, jandarmadaki i\u015flemlerinin ard\u0131ndan adliyeye sevk edildi. Adliyede hakim kar\u015f\u0131s\u0131na \u00e7\u0131kart\u0131lan \u015f\u00fcpheliler adli kontrol \u015fart\u0131 ile serbest b\u0131rak\u0131ld\u0131.<br \/><\/p>\n","protected":false},"excerpt":{"rendered":"<p>Ayd\u0131n\u2019\u0131n Nazilli ve K\u00f6\u015fk il\u00e7elerinde ter\u00f6r \u00f6rg\u00fct\u00fc DEA\u015e\u2019a y\u00f6nelik d\u00fczenlenen operasyonda g\u00f6zalt\u0131na al\u0131narak adliyeye sevk edilen 5 \u015f\u00fcpheli adli kontrol \u015fart\u0131 ile serbest b\u0131rak\u0131ld\u0131. Edinilen bilgiye g\u00f6re, Ayd\u0131n \u0130l Jandarma Komutanl\u0131\u011f\u0131 ekipleri, ter\u00f6r \u00f6rg\u00fct\u00fc DEA\u015e\u2019\u0131n faaliyetlerinin \u00f6nlenmesine y\u00f6nelik \u00e7al\u0131\u015fma ba\u015flatt\u0131. Y\u00fcr\u00fct\u00fclen \u00e7al\u0131\u015fmalar \u00e7er\u00e7evesinde Nazilli ve K\u00f6\u015fk il\u00e7elerinde belirlenen 5 adrese e\u015f zamanl\u0131 operasyon d\u00fczenlendi. Operasyonda&#8230;<\/p>\n","protected":false},"author":1,"featured_media":65035,"comment_status":"open","ping_status":"open","sticky":false,"template":"","format":"standard","meta":{"_crdt_document":"","footnotes":""},"categories":[5],"tags":[],"class_list":["post-65034","post","type-post","status-publish","format-standard","has-post-thumbnail","hentry","category-asayis"],"_links":{"self":[{"href":"https:\/\/www.egemtv.com\/index.php?rest_route=\/wp\/v2\/posts\/65034","targetHints":{"allow":["GET"]}}],"collection":[{"href":"https:\/\/www.egemtv.com\/index.php?rest_route=\/wp\/v2\/posts"}],"about":[{"href":"https:\/\/www.egemtv.com\/index.php?rest_route=\/wp\/v2\/types\/post"}],"author":[{"embeddable":true,"href":"https:\/\/www.egemtv.com\/index.php?rest_route=\/wp\/v2\/users\/1"}],"replies":[{"embeddable":true,"href":"https:\/\/www.egemtv.com\/index.php?rest_route=%2Fwp%2Fv2%2Fcomments&post=65034"}],"version-history":[{"count":1,"href":"https:\/\/www.egemtv.com\/index.php?rest_route=\/wp\/v2\/posts\/65034\/revisions"}],"predecessor-version":[{"id":65036,"href":"https:\/\/www.egemtv.com\/index.php?rest_route=\/wp\/v2\/posts\/65034\/revisions\/65036"}],"wp:featuredmedia":[{"embeddable":true,"href":"https:\/\/www.egemtv.com\/index.php?rest_route=\/wp\/v2\/media\/65035"}],"wp:attachment":[{"href":"https:\/\/www.egemtv.com\/index.php?rest_route=%2Fwp%2Fv2%2Fmedia&parent=65034"}],"wp:term":[{"taxonomy":"category","embeddable":true,"href":"https:\/\/www.egemtv.com\/index.php?rest_route=%2Fwp%2Fv2%2Fcategories&post=65034"},{"taxonomy":"post_tag","embeddable":true,"href":"https:\/\/www.egemtv.com\/index.php?rest_route=%2Fwp%2Fv2%2Ftags&post=65034"}],"curies":[{"name":"wp","href":"https:\/\/api.w.org\/{rel}","templated":true}]}}