{"id":65031,"date":"2025-10-31T13:15:02","date_gmt":"2025-10-31T10:15:02","guid":{"rendered":"https:\/\/www.egemtv.com\/?p=65031"},"modified":"2025-10-31T13:15:03","modified_gmt":"2025-10-31T10:15:03","slug":"mentesede-motosikletliler-carpisti","status":"publish","type":"post","link":"https:\/\/www.egemtv.com\/?p=65031","title":{"rendered":"Mente\u015fe\u2019de motosikletliler \u00e7arp\u0131\u015ft\u0131"},"content":{"rendered":"<p>Mente\u015fe K\u00f6tekli Kav\u015fa\u011f\u0131\u2019nda iki motosiklet \u00e7arp\u0131\u015ft\u0131, s\u00fcr\u00fcc\u00fcler hafif \u015fekilde yaraland\u0131.<\/p>\n<p>Mu\u011fla\u2019n\u0131n Mente\u015fe il\u00e7esi K\u00f6tekli Kav\u015fa\u011f\u0131\u2019nda meydana gelen trafik kazas\u0131nda iki motosiklet \u00e7arp\u0131\u015ft\u0131. Kazada her iki s\u00fcr\u00fcc\u00fc de hafif \u015fekilde yaralan\u0131rken, ihbar \u00fczerine olay yerine sevk edilen sa\u011fl\u0131k ekipleri s\u00fcr\u00fcc\u00fclere ilk m\u00fcdahaleyi yapt\u0131. Yaral\u0131lar, kontrol ama\u00e7l\u0131 hastaneye sevk edildi. Polis ekipleri kazayla ilgili inceleme ba\u015flatt\u0131.<br \/><\/p>\n","protected":false},"excerpt":{"rendered":"<p>Mente\u015fe K\u00f6tekli Kav\u015fa\u011f\u0131\u2019nda iki motosiklet \u00e7arp\u0131\u015ft\u0131, s\u00fcr\u00fcc\u00fcler hafif \u015fekilde yaraland\u0131. Mu\u011fla\u2019n\u0131n Mente\u015fe il\u00e7esi K\u00f6tekli Kav\u015fa\u011f\u0131\u2019nda meydana gelen trafik kazas\u0131nda iki motosiklet \u00e7arp\u0131\u015ft\u0131. Kazada her iki s\u00fcr\u00fcc\u00fc de hafif \u015fekilde yaralan\u0131rken, ihbar \u00fczerine olay yerine sevk edilen sa\u011fl\u0131k ekipleri s\u00fcr\u00fcc\u00fclere ilk m\u00fcdahaleyi yapt\u0131. Yaral\u0131lar, kontrol ama\u00e7l\u0131 hastaneye sevk edildi. Polis ekipleri kazayla ilgili inceleme ba\u015flatt\u0131.<\/p>\n","protected":false},"author":1,"featured_media":65032,"comment_status":"open","ping_status":"open","sticky":false,"template":"","format":"standard","meta":{"_crdt_document":"","footnotes":""},"categories":[5],"tags":[],"class_list":["post-65031","post","type-post","status-publish","format-standard","has-post-thumbnail","hentry","category-asayis"],"_links":{"self":[{"href":"https:\/\/www.egemtv.com\/index.php?rest_route=\/wp\/v2\/posts\/65031","targetHints":{"allow":["GET"]}}],"collection":[{"href":"https:\/\/www.egemtv.com\/index.php?rest_route=\/wp\/v2\/posts"}],"about":[{"href":"https:\/\/www.egemtv.com\/index.php?rest_route=\/wp\/v2\/types\/post"}],"author":[{"embeddable":true,"href":"https:\/\/www.egemtv.com\/index.php?rest_route=\/wp\/v2\/users\/1"}],"replies":[{"embeddable":true,"href":"https:\/\/www.egemtv.com\/index.php?rest_route=%2Fwp%2Fv2%2Fcomments&post=65031"}],"version-history":[{"count":1,"href":"https:\/\/www.egemtv.com\/index.php?rest_route=\/wp\/v2\/posts\/65031\/revisions"}],"predecessor-version":[{"id":65033,"href":"https:\/\/www.egemtv.com\/index.php?rest_route=\/wp\/v2\/posts\/65031\/revisions\/65033"}],"wp:featuredmedia":[{"embeddable":true,"href":"https:\/\/www.egemtv.com\/index.php?rest_route=\/wp\/v2\/media\/65032"}],"wp:attachment":[{"href":"https:\/\/www.egemtv.com\/index.php?rest_route=%2Fwp%2Fv2%2Fmedia&parent=65031"}],"wp:term":[{"taxonomy":"category","embeddable":true,"href":"https:\/\/www.egemtv.com\/index.php?rest_route=%2Fwp%2Fv2%2Fcategories&post=65031"},{"taxonomy":"post_tag","embeddable":true,"href":"https:\/\/www.egemtv.com\/index.php?rest_route=%2Fwp%2Fv2%2Ftags&post=65031"}],"curies":[{"name":"wp","href":"https:\/\/api.w.org\/{rel}","templated":true}]}}