{"id":65028,"date":"2025-10-31T12:55:55","date_gmt":"2025-10-31T09:55:55","guid":{"rendered":"https:\/\/www.egemtv.com\/?p=65028"},"modified":"2025-10-31T12:55:55","modified_gmt":"2025-10-31T09:55:55","slug":"saglikli-hayat-merkezlerinde-mhrsden-randevu-donemi-basladi","status":"publish","type":"post","link":"https:\/\/www.egemtv.com\/?p=65028","title":{"rendered":"Sa\u011fl\u0131kl\u0131 hayat merkezlerinde MHRS\u2019den randevu d\u00f6nemi ba\u015flad\u0131"},"content":{"rendered":"<p>Manisa \u0130l Sa\u011fl\u0131k M\u00fcd\u00fcr\u00fc Uzm. Dr. Mehmet Fatih Zeren, Sa\u011fl\u0131kl\u0131 Hayat Merkezlerinde (SHM) psikolog, diyetisyen, fizyoterapist, sosyal \u00e7al\u0131\u015fmac\u0131 ve \u00e7ocuk geli\u015fimci bran\u015flar\u0131na Merkezi Hekim Randevu Sistemi (MHRS) \u00fczerinden randevu al\u0131nabilmesine ili\u015fkin a\u00e7\u0131klamalarda bulundu.<br \/>\n<br \/>Koruyucu ve destekleyici sa\u011fl\u0131k hizmetlerinden daha etkin yararlan\u0131lmas\u0131 amac\u0131yla SHM\u2019lerde dijital d\u00f6n\u00fc\u015f\u00fcm s\u00fcrecinin ba\u015flat\u0131ld\u0131\u011f\u0131n\u0131 belirten Zeren, Sa\u011fl\u0131k Bakanl\u0131\u011f\u0131\u2019n\u0131n hedefleri do\u011frultusunda toplum sa\u011fl\u0131\u011f\u0131n\u0131n geli\u015ftirilmesi, risklerin azalt\u0131lmas\u0131 ve sa\u011fl\u0131kl\u0131 ya\u015fam al\u0131\u015fkanl\u0131klar\u0131n\u0131n yayg\u0131nla\u015ft\u0131r\u0131lmas\u0131 i\u00e7in \u00e7al\u0131\u015ft\u0131klar\u0131n\u0131 s\u00f6yledi.<br \/>\n<br \/>Uygulaman\u0131n ilk olarak Eyl\u00fcl 2023\u2019te Aile Sa\u011fl\u0131\u011f\u0131 Merkezleri \u00fczerinden randevu al\u0131nmas\u0131yla ba\u015flad\u0131\u011f\u0131n\u0131 hat\u0131rlatan Zeren, 1 Ocak 2025 itibar\u0131yla ikinci ve \u00fc\u00e7\u00fcnc\u00fc basamak sa\u011fl\u0131k kurulu\u015flar\u0131nda g\u00f6rev yapan hekimlerin de uygun g\u00f6rd\u00fckleri hastalar\u0131 MHRS sistemi \u00fczerinden SHM\u2019lere y\u00f6nlendirebildi\u011fini ifade etti.<br \/>\n<br \/>27 Ekim 2025\u2019ten itibaren t\u00fcm vatanda\u015flar\u0131n SHM b\u00fcnyesinde sunulan t\u00fcm birimlere MHRS \u00fczerinden do\u011frudan randevu alabilece\u011fini vurgulayan \u0130l Sa\u011fl\u0131k M\u00fcd\u00fcr\u00fc, randevusuz ba\u015fvuranlara da hizmet verilmeye devam edece\u011fini kaydetti.<br \/>\n<br \/>Zeren, vatanda\u015flara daha h\u0131zl\u0131 hizmet sunmak amac\u0131yla psikolog, sosyal \u00e7al\u0131\u015fmac\u0131, diyetisyen, fizyoterapist ve \u00e7ocuk geli\u015fimci bran\u015flar\u0131nda g\u00fcnl\u00fck randevu kapasitelerinin art\u0131r\u0131ld\u0131\u011f\u0131n\u0131, ayr\u0131ca SHM\u2019lerde bulunan Sigara B\u0131rakma Polikliniklerine de randevu al\u0131narak ba\u015fvurulabilece\u011fini belirtti.<br \/>\n<br \/>Manisa \u0130l Sa\u011fl\u0131k M\u00fcd\u00fcrl\u00fc\u011f\u00fc\u2019n\u00fcn kent genelinde koruyucu sa\u011fl\u0131k hizmetlerini g\u00fc\u00e7lendirmek, dijital sa\u011fl\u0131k uygulamalar\u0131n\u0131 yayg\u0131nla\u015ft\u0131rmak ve vatanda\u015flar\u0131n ya\u015fam kalitesini y\u00fckseltmek i\u00e7in \u00e7al\u0131\u015fmalar\u0131n\u0131 s\u00fcrd\u00fcrd\u00fc\u011f\u00fcn\u00fc aktaran Zeren, Manisa\u2019da Yunusemre-Muradiye, \u015eehzadeler, Akhisar, Ala\u015fehir ve Turgutlu\u2019da SHM bulundu\u011funu; 2026 y\u0131l\u0131 i\u00e7erisinde Salihli ve Soma il\u00e7elerinde de merkezlerin a\u00e7\u0131laca\u011f\u0131n\u0131 bildirdi.<br \/><\/p>\n","protected":false},"excerpt":{"rendered":"<p>Manisa \u0130l Sa\u011fl\u0131k M\u00fcd\u00fcr\u00fc Uzm. Dr. Mehmet Fatih Zeren, Sa\u011fl\u0131kl\u0131 Hayat Merkezlerinde (SHM) psikolog, diyetisyen, fizyoterapist, sosyal \u00e7al\u0131\u015fmac\u0131 ve \u00e7ocuk geli\u015fimci bran\u015flar\u0131na Merkezi Hekim Randevu Sistemi (MHRS) \u00fczerinden randevu al\u0131nabilmesine ili\u015fkin a\u00e7\u0131klamalarda bulundu. Koruyucu ve destekleyici sa\u011fl\u0131k hizmetlerinden daha etkin yararlan\u0131lmas\u0131 amac\u0131yla SHM\u2019lerde dijital d\u00f6n\u00fc\u015f\u00fcm s\u00fcrecinin ba\u015flat\u0131ld\u0131\u011f\u0131n\u0131 belirten Zeren, Sa\u011fl\u0131k Bakanl\u0131\u011f\u0131\u2019n\u0131n hedefleri do\u011frultusunda toplum sa\u011fl\u0131\u011f\u0131n\u0131n&#8230;<\/p>\n","protected":false},"author":1,"featured_media":65029,"comment_status":"open","ping_status":"open","sticky":false,"template":"","format":"standard","meta":{"_crdt_document":"","footnotes":""},"categories":[2],"tags":[],"class_list":["post-65028","post","type-post","status-publish","format-standard","has-post-thumbnail","hentry","category-saglik"],"_links":{"self":[{"href":"https:\/\/www.egemtv.com\/index.php?rest_route=\/wp\/v2\/posts\/65028","targetHints":{"allow":["GET"]}}],"collection":[{"href":"https:\/\/www.egemtv.com\/index.php?rest_route=\/wp\/v2\/posts"}],"about":[{"href":"https:\/\/www.egemtv.com\/index.php?rest_route=\/wp\/v2\/types\/post"}],"author":[{"embeddable":true,"href":"https:\/\/www.egemtv.com\/index.php?rest_route=\/wp\/v2\/users\/1"}],"replies":[{"embeddable":true,"href":"https:\/\/www.egemtv.com\/index.php?rest_route=%2Fwp%2Fv2%2Fcomments&post=65028"}],"version-history":[{"count":1,"href":"https:\/\/www.egemtv.com\/index.php?rest_route=\/wp\/v2\/posts\/65028\/revisions"}],"predecessor-version":[{"id":65030,"href":"https:\/\/www.egemtv.com\/index.php?rest_route=\/wp\/v2\/posts\/65028\/revisions\/65030"}],"wp:featuredmedia":[{"embeddable":true,"href":"https:\/\/www.egemtv.com\/index.php?rest_route=\/wp\/v2\/media\/65029"}],"wp:attachment":[{"href":"https:\/\/www.egemtv.com\/index.php?rest_route=%2Fwp%2Fv2%2Fmedia&parent=65028"}],"wp:term":[{"taxonomy":"category","embeddable":true,"href":"https:\/\/www.egemtv.com\/index.php?rest_route=%2Fwp%2Fv2%2Fcategories&post=65028"},{"taxonomy":"post_tag","embeddable":true,"href":"https:\/\/www.egemtv.com\/index.php?rest_route=%2Fwp%2Fv2%2Ftags&post=65028"}],"curies":[{"name":"wp","href":"https:\/\/api.w.org\/{rel}","templated":true}]}}