{"id":65025,"date":"2025-10-31T12:55:54","date_gmt":"2025-10-31T09:55:54","guid":{"rendered":"https:\/\/www.egemtv.com\/?p=65025"},"modified":"2025-10-31T12:55:54","modified_gmt":"2025-10-31T09:55:54","slug":"kutahya-halil-akkas-spor-kompleksinde-sona-gelindi","status":"publish","type":"post","link":"https:\/\/www.egemtv.com\/?p=65025","title":{"rendered":"K\u00fctahya Halil Akka\u015f Spor Kompleksi\u2019nde sona gelindi"},"content":{"rendered":"<p>K\u00fctahya Gen\u00e7lik ve Spor \u0130l M\u00fcd\u00fcrl\u00fc\u011f\u00fc, ildeki \u00f6nemli spor yat\u0131r\u0131mlar\u0131ndan biri olan Halil Akka\u015f Spor Kompleksi\u2019ndeki \u00e7al\u0131\u015fmalarda sona yakla\u015f\u0131ld\u0131\u011f\u0131n\u0131 duyurdu.<br \/>\n<br \/>Yap\u0131m\u0131 s\u00fcren tartan pist ve \u00e7evre d\u00fczenleme \u00e7al\u0131\u015fmalar\u0131nda son a\u015famaya gelindi\u011fini belirten yetkililer, tesisin uluslararas\u0131 standartlara uygunluk test s\u00fcrecinde oldu\u011funu ifade etti.<br \/>\n<br \/>K\u0131sa s\u00fcre i\u00e7erisinde modern tesisin halk\u0131n ve sporcular\u0131n hizmetine sunulaca\u011f\u0131n\u0131 vurgulayan Gen\u00e7lik ve Spor \u0130l M\u00fcd\u00fcrl\u00fc\u011f\u00fc, tesisin K\u00fctahya sporuna \u00f6nemli katk\u0131lar sa\u011flayaca\u011f\u0131n\u0131 kaydetti.<br \/>\n<br \/>Ziyaret s\u0131ras\u0131nda pistte antrenman yapan gen\u00e7 sporcularla bir araya gelen yetkililer, sporcular\u0131n hedef ve beklentilerini dinledi.<br \/>\n<br \/>A\u00e7\u0131klamada, &#8220;Bu tesislerde yeti\u015fecek sporcular\u0131m\u0131z\u0131n \u00fclkemizi ulusal ve uluslararas\u0131 arenalarda gururla temsil edeceklerine inanc\u0131m\u0131z tam. K\u00fctahya\u2019m\u0131za ve spora g\u00f6n\u00fcl veren herkese hay\u0131rl\u0131 olsun&#8221; ifadelerine yer verildi.<br \/><\/p>\n","protected":false},"excerpt":{"rendered":"<p>K\u00fctahya Gen\u00e7lik ve Spor \u0130l M\u00fcd\u00fcrl\u00fc\u011f\u00fc, ildeki \u00f6nemli spor yat\u0131r\u0131mlar\u0131ndan biri olan Halil Akka\u015f Spor Kompleksi\u2019ndeki \u00e7al\u0131\u015fmalarda sona yakla\u015f\u0131ld\u0131\u011f\u0131n\u0131 duyurdu. Yap\u0131m\u0131 s\u00fcren tartan pist ve \u00e7evre d\u00fczenleme \u00e7al\u0131\u015fmalar\u0131nda son a\u015famaya gelindi\u011fini belirten yetkililer, tesisin uluslararas\u0131 standartlara uygunluk test s\u00fcrecinde oldu\u011funu ifade etti. K\u0131sa s\u00fcre i\u00e7erisinde modern tesisin halk\u0131n ve sporcular\u0131n hizmetine sunulaca\u011f\u0131n\u0131 vurgulayan Gen\u00e7lik ve&#8230;<\/p>\n","protected":false},"author":1,"featured_media":65026,"comment_status":"open","ping_status":"open","sticky":false,"template":"","format":"standard","meta":{"_crdt_document":"","footnotes":""},"categories":[4],"tags":[],"class_list":["post-65025","post","type-post","status-publish","format-standard","has-post-thumbnail","hentry","category-spor"],"_links":{"self":[{"href":"https:\/\/www.egemtv.com\/index.php?rest_route=\/wp\/v2\/posts\/65025","targetHints":{"allow":["GET"]}}],"collection":[{"href":"https:\/\/www.egemtv.com\/index.php?rest_route=\/wp\/v2\/posts"}],"about":[{"href":"https:\/\/www.egemtv.com\/index.php?rest_route=\/wp\/v2\/types\/post"}],"author":[{"embeddable":true,"href":"https:\/\/www.egemtv.com\/index.php?rest_route=\/wp\/v2\/users\/1"}],"replies":[{"embeddable":true,"href":"https:\/\/www.egemtv.com\/index.php?rest_route=%2Fwp%2Fv2%2Fcomments&post=65025"}],"version-history":[{"count":1,"href":"https:\/\/www.egemtv.com\/index.php?rest_route=\/wp\/v2\/posts\/65025\/revisions"}],"predecessor-version":[{"id":65027,"href":"https:\/\/www.egemtv.com\/index.php?rest_route=\/wp\/v2\/posts\/65025\/revisions\/65027"}],"wp:featuredmedia":[{"embeddable":true,"href":"https:\/\/www.egemtv.com\/index.php?rest_route=\/wp\/v2\/media\/65026"}],"wp:attachment":[{"href":"https:\/\/www.egemtv.com\/index.php?rest_route=%2Fwp%2Fv2%2Fmedia&parent=65025"}],"wp:term":[{"taxonomy":"category","embeddable":true,"href":"https:\/\/www.egemtv.com\/index.php?rest_route=%2Fwp%2Fv2%2Fcategories&post=65025"},{"taxonomy":"post_tag","embeddable":true,"href":"https:\/\/www.egemtv.com\/index.php?rest_route=%2Fwp%2Fv2%2Ftags&post=65025"}],"curies":[{"name":"wp","href":"https:\/\/api.w.org\/{rel}","templated":true}]}}