{"id":65019,"date":"2025-10-31T12:34:43","date_gmt":"2025-10-31T09:34:43","guid":{"rendered":"https:\/\/www.egemtv.com\/?p=65019"},"modified":"2025-10-31T12:34:43","modified_gmt":"2025-10-31T09:34:43","slug":"baskan-kahveci-kutahyada-is-birligi-ruhunu-daha-da-yayginlastirmaliyiz","status":"publish","type":"post","link":"https:\/\/www.egemtv.com\/?p=65019","title":{"rendered":"Ba\u015fkan Kahveci &#8220;K\u00fctahya\u2019da i\u015f birli\u011fi ruhunu daha da yayg\u0131nla\u015ft\u0131rmal\u0131y\u0131z&#8221;"},"content":{"rendered":"<p>K\u00fctahya Belediye Ba\u015fkan\u0131 Ey\u00fcp Kahveci, \u00fcretimin, payla\u015fman\u0131n ve i\u015f birli\u011fi ruhunun, \u015fehrin gelece\u011fine de y\u00f6n verece\u011fini ifade etti.<br \/>\n<br \/>K\u00fctahya Belediyesi taraf\u0131ndan y\u00fcr\u00fct\u00fclen &#8220;K\u00fctahya\u2019da Dijitalle\u015fme ve Ekosisteminin Geli\u015ftirilmesi i\u00e7in Teknik Destek Projesi&#8221; kapsam\u0131nda d\u00fczenlenen &#8220;Toprak, Ate\u015f, Gelecek&#8221; temal\u0131 konferans, K\u00fctahya Belediye Ba\u015fkan\u0131 Ey\u00fcp Kahveci\u2019nin kat\u0131l\u0131m\u0131yla ger\u00e7ekle\u015ftirildi. K\u00fctahya Tasar\u0131m \u015eehri Haftas\u0131 \u00e7er\u00e7evesinde, Belediye Et\u00fcd Proje M\u00fcd\u00fcrl\u00fc\u011f\u00fc koordinasyonunda d\u00fczenlenen etkinliklerde, tasar\u0131m, dijitalle\u015fme, k\u00fclt\u00fcr ve olu\u015fturucu end\u00fcstriler alanlar\u0131nda uluslararas\u0131 paneller, oturumlar ve sergiler yap\u0131ld\u0131. Programa, Belediye Ba\u015fkan\u0131 Ey\u00fcp Kahveci, Sanayi ve Teknoloji Bakanl\u0131\u011f\u0131 Temsilcisi U\u011fur Ta\u015fk\u0131n, K\u00fctahya \u00c7iniciler Odas\u0131 Ba\u015fkan\u0131 Sad\u0131k Er\u0131lbayl\u0131, K\u00dcTSO Y\u00f6netim Kurulu Ba\u015fkan Yard\u0131mc\u0131s\u0131 Emin Y\u00fcce ve Zafer Kalk\u0131nma Ajans\u0131 Temsilcisi Kutlu Eser kat\u0131ld\u0131.<br \/>\n<br \/>K\u00fctahya\u2019n\u0131n as\u0131rl\u0131k sanat miras\u0131n\u0131n gelece\u011fe ta\u015f\u0131nd\u0131\u011f\u0131 d\u00f6n\u00fc\u015f\u00fcm s\u00fcrecine dikkat \u00e7eken Belediye Ba\u015fkan\u0131 Ey\u00fcp Kahveci, \u015fehrin sanat, tasar\u0131m ve teknolojiyi bir araya getiren vizyonuyla yeniden tan\u0131mland\u0131\u011f\u0131n\u0131 belirtti.<br \/>\n<br \/>Yeni kurulan Tasar\u0131m Merkezi (Creativity Hub), Kemer Hamam\u0131 ve Akal\u0131n Kona\u011f\u0131 ile birlikte K\u00fctahya\u2019n\u0131n k\u00fclt\u00fcrel d\u00f6n\u00fc\u015f\u00fcm\u00fcnde \u00f6nemli ad\u0131mlar at\u0131ld\u0131\u011f\u0131n\u0131 vurgulayan Ba\u015fkan Kahveci, &#8220;Bu \u00fc\u00e7 merkez, K\u00fctahya\u2019n\u0131n ruhunu yeniden in\u015fa eden bir zincirin halkalar\u0131d\u0131r. Burada do\u011fan fikirler sadece \u00fcr\u00fcn de\u011fil; bir kimli\u011fin yeniden do\u011fu\u015fudur&#8221; ifadelerini kulland\u0131.<br \/>\n<br \/>Etkinlik boyunca ortaya \u00e7\u0131kan \u00fcretim, payla\u015f\u0131m ve i\u015f birli\u011fi ruhunun \u015fehrin gelece\u011fine y\u00f6n verece\u011fini ifade eden Ba\u015fkan Ey\u00fcp Kahveci, &#8220;Etkinli\u011fimiz boyunca \u015fehrimizin ge\u00e7mi\u015fiyle gelece\u011fi, ustal\u0131\u011f\u0131yla yenili\u011fi, eme\u011fiyle hayali yan yana geldi. K\u00fctahya ilham\u0131n ve gelece\u011fin \u015fehridir&#8221; diye konu\u015ftu.<br \/><\/p>\n","protected":false},"excerpt":{"rendered":"<p>K\u00fctahya Belediye Ba\u015fkan\u0131 Ey\u00fcp Kahveci, \u00fcretimin, payla\u015fman\u0131n ve i\u015f birli\u011fi ruhunun, \u015fehrin gelece\u011fine de y\u00f6n verece\u011fini ifade etti. K\u00fctahya Belediyesi taraf\u0131ndan y\u00fcr\u00fct\u00fclen &#8220;K\u00fctahya\u2019da Dijitalle\u015fme ve Ekosisteminin Geli\u015ftirilmesi i\u00e7in Teknik Destek Projesi&#8221; kapsam\u0131nda d\u00fczenlenen &#8220;Toprak, Ate\u015f, Gelecek&#8221; temal\u0131 konferans, K\u00fctahya Belediye Ba\u015fkan\u0131 Ey\u00fcp Kahveci\u2019nin kat\u0131l\u0131m\u0131yla ger\u00e7ekle\u015ftirildi. K\u00fctahya Tasar\u0131m \u015eehri Haftas\u0131 \u00e7er\u00e7evesinde, Belediye Et\u00fcd Proje M\u00fcd\u00fcrl\u00fc\u011f\u00fc koordinasyonunda&#8230;<\/p>\n","protected":false},"author":1,"featured_media":65020,"comment_status":"open","ping_status":"open","sticky":false,"template":"","format":"standard","meta":{"_crdt_document":"","footnotes":""},"categories":[123],"tags":[],"class_list":["post-65019","post","type-post","status-publish","format-standard","has-post-thumbnail","hentry","category-gundem"],"_links":{"self":[{"href":"https:\/\/www.egemtv.com\/index.php?rest_route=\/wp\/v2\/posts\/65019","targetHints":{"allow":["GET"]}}],"collection":[{"href":"https:\/\/www.egemtv.com\/index.php?rest_route=\/wp\/v2\/posts"}],"about":[{"href":"https:\/\/www.egemtv.com\/index.php?rest_route=\/wp\/v2\/types\/post"}],"author":[{"embeddable":true,"href":"https:\/\/www.egemtv.com\/index.php?rest_route=\/wp\/v2\/users\/1"}],"replies":[{"embeddable":true,"href":"https:\/\/www.egemtv.com\/index.php?rest_route=%2Fwp%2Fv2%2Fcomments&post=65019"}],"version-history":[{"count":1,"href":"https:\/\/www.egemtv.com\/index.php?rest_route=\/wp\/v2\/posts\/65019\/revisions"}],"predecessor-version":[{"id":65021,"href":"https:\/\/www.egemtv.com\/index.php?rest_route=\/wp\/v2\/posts\/65019\/revisions\/65021"}],"wp:featuredmedia":[{"embeddable":true,"href":"https:\/\/www.egemtv.com\/index.php?rest_route=\/wp\/v2\/media\/65020"}],"wp:attachment":[{"href":"https:\/\/www.egemtv.com\/index.php?rest_route=%2Fwp%2Fv2%2Fmedia&parent=65019"}],"wp:term":[{"taxonomy":"category","embeddable":true,"href":"https:\/\/www.egemtv.com\/index.php?rest_route=%2Fwp%2Fv2%2Fcategories&post=65019"},{"taxonomy":"post_tag","embeddable":true,"href":"https:\/\/www.egemtv.com\/index.php?rest_route=%2Fwp%2Fv2%2Ftags&post=65019"}],"curies":[{"name":"wp","href":"https:\/\/api.w.org\/{rel}","templated":true}]}}