{"id":65016,"date":"2025-10-31T12:15:36","date_gmt":"2025-10-31T09:15:36","guid":{"rendered":"https:\/\/www.egemtv.com\/?p=65016"},"modified":"2025-10-31T12:15:36","modified_gmt":"2025-10-31T09:15:36","slug":"mudur-hasan-kilitci-egitim-milletimizin-gelecegini-insa-eden-en-saglam-temeldir","status":"publish","type":"post","link":"https:\/\/www.egemtv.com\/?p=65016","title":{"rendered":"M\u00fcd\u00fcr Hasan Kilitci: &#8220;E\u011fitim, milletimizin gelece\u011fini in\u015fa eden en sa\u011flam temeldir&#8221;"},"content":{"rendered":"<p>K\u00fctahya\u2019n\u0131n Hisarc\u0131k \u0130l\u00e7e Milli E\u011fitim M\u00fcd\u00fcr\u00fc Hasan Kilitci, birlik, beraberlik, sevgi ve kararl\u0131l\u0131kla il\u00e7ede e\u011fitimin kalitesini daha da y\u00fckselteceklerini ifade etti.<br \/>\n<br \/>Bir s\u00fcre \u00f6nce atand\u0131\u011f\u0131 \u0130l\u00e7e Milli E\u011fitim M\u00fcd\u00fcrl\u00fc\u011f\u00fc g\u00f6revine ba\u015flayan Kilitci M\u00fcd\u00fcr Hasan Kilitci, &#8220;E\u011fitim, milletimizin gelece\u011fini in\u015fa eden en sa\u011flam temeldir. Bizler, bu kutlu g\u00f6revi \u00fclkesini seven, milli ve manevi de\u011ferlerine ba\u011fl\u0131, vatan\u0131na hizmet etmeyi gaye edinmi\u015f nesiller yeti\u015ftirmek i\u00e7in \u00fcstleniyoruz&#8221; dedi.<\/p>\n<p>&#8220;\u00d6\u011frenciler de\u011ferler e\u011fitimiyle m\u00fccehhez bireyler olarak yeti\u015fmesi gerek&#8221;<br \/>\n<br \/>A\u00e7\u0131klamas\u0131nda, \u00f6\u011frencilerin sadece akademik ba\u015far\u0131ya de\u011fil, ayn\u0131 zamanda de\u011ferler e\u011fitimiyle m\u00fccehhez bireyler olarak yeti\u015fmesi gerekti\u011fini vurgulayan M\u00fcd\u00fcr Hasan Kilitci,&#8221;Her bir \u00f6\u011frencimizin g\u00f6nl\u00fcnde vatan sevgisini, bayrak a\u015fk\u0131n\u0131 ve insanl\u0131\u011fa fayda sa\u011flama bilincini ye\u015fertmek en b\u00fcy\u00fck hedefimizdir. \u00c7\u00fcnk\u00fc biliyoruz ki g\u00fc\u00e7l\u00fc bir T\u00fcrkiye ancak donan\u0131ml\u0131, ahlakl\u0131 ve \u00e7al\u0131\u015fkan gen\u00e7lerin omuzlar\u0131nda y\u00fckselecektir&#8221; dedi.<br \/>\n<br \/>E\u011fitimde en b\u00fcy\u00fck g\u00fcc\u00fcn \u00f6\u011fretmenlerin \u00f6zverisi, velilerin deste\u011fi ve \u00f6\u011frencilerin \u00f6\u011frenme azmi oldu\u011funu belirten Hasan Kilitci, &#8220;Hisarc\u0131k\u2019ta e\u011fitimin \u00e7\u0131tas\u0131n\u0131 daha da y\u00fckseltmek i\u00e7in kararl\u0131l\u0131kla \u00e7al\u0131\u015faca\u011f\u0131z. E\u011fitimin kalbinde insan vard\u0131r. Bizim \u00f6nceli\u011fimiz, her \u00e7ocu\u011fumuzun sadece ba\u015far\u0131y\u0131 de\u011fil, de\u011ferleri, vicdan\u0131 ve adaleti de \u00f6\u011frenmesidir. Bu anlay\u0131\u015fla k\u00f6klerimize ba\u011fl\u0131, \u00e7a\u011f\u0131n gerekliliklerine a\u00e7\u0131k, umut dolu bir e\u011fitim iklimi in\u015fa edece\u011fiz. Yeni g\u00f6revimin il\u00e7emize, e\u011fitim camiam\u0131za ve \u00fclkemize hay\u0131rl\u0131 olmas\u0131n\u0131 diliyor, t\u00fcm meslekta\u015flar\u0131ma, \u00f6\u011frencilerimize ve velilerimize sa\u011fl\u0131k, huzur ve ba\u015far\u0131larla dolu bir d\u00f6nem temenni ediyorum&#8221; diye konu\u015ftu.<br \/><\/p>\n","protected":false},"excerpt":{"rendered":"<p>K\u00fctahya\u2019n\u0131n Hisarc\u0131k \u0130l\u00e7e Milli E\u011fitim M\u00fcd\u00fcr\u00fc Hasan Kilitci, birlik, beraberlik, sevgi ve kararl\u0131l\u0131kla il\u00e7ede e\u011fitimin kalitesini daha da y\u00fckselteceklerini ifade etti. Bir s\u00fcre \u00f6nce atand\u0131\u011f\u0131 \u0130l\u00e7e Milli E\u011fitim M\u00fcd\u00fcrl\u00fc\u011f\u00fc g\u00f6revine ba\u015flayan Kilitci M\u00fcd\u00fcr Hasan Kilitci, &#8220;E\u011fitim, milletimizin gelece\u011fini in\u015fa eden en sa\u011flam temeldir. Bizler, bu kutlu g\u00f6revi \u00fclkesini seven, milli ve manevi de\u011ferlerine ba\u011fl\u0131, vatan\u0131na&#8230;<\/p>\n","protected":false},"author":1,"featured_media":65017,"comment_status":"open","ping_status":"open","sticky":false,"template":"","format":"standard","meta":{"_crdt_document":"","footnotes":""},"categories":[1],"tags":[],"class_list":["post-65016","post","type-post","status-publish","format-standard","has-post-thumbnail","hentry","category-guncel"],"_links":{"self":[{"href":"https:\/\/www.egemtv.com\/index.php?rest_route=\/wp\/v2\/posts\/65016","targetHints":{"allow":["GET"]}}],"collection":[{"href":"https:\/\/www.egemtv.com\/index.php?rest_route=\/wp\/v2\/posts"}],"about":[{"href":"https:\/\/www.egemtv.com\/index.php?rest_route=\/wp\/v2\/types\/post"}],"author":[{"embeddable":true,"href":"https:\/\/www.egemtv.com\/index.php?rest_route=\/wp\/v2\/users\/1"}],"replies":[{"embeddable":true,"href":"https:\/\/www.egemtv.com\/index.php?rest_route=%2Fwp%2Fv2%2Fcomments&post=65016"}],"version-history":[{"count":1,"href":"https:\/\/www.egemtv.com\/index.php?rest_route=\/wp\/v2\/posts\/65016\/revisions"}],"predecessor-version":[{"id":65018,"href":"https:\/\/www.egemtv.com\/index.php?rest_route=\/wp\/v2\/posts\/65016\/revisions\/65018"}],"wp:featuredmedia":[{"embeddable":true,"href":"https:\/\/www.egemtv.com\/index.php?rest_route=\/wp\/v2\/media\/65017"}],"wp:attachment":[{"href":"https:\/\/www.egemtv.com\/index.php?rest_route=%2Fwp%2Fv2%2Fmedia&parent=65016"}],"wp:term":[{"taxonomy":"category","embeddable":true,"href":"https:\/\/www.egemtv.com\/index.php?rest_route=%2Fwp%2Fv2%2Fcategories&post=65016"},{"taxonomy":"post_tag","embeddable":true,"href":"https:\/\/www.egemtv.com\/index.php?rest_route=%2Fwp%2Fv2%2Ftags&post=65016"}],"curies":[{"name":"wp","href":"https:\/\/api.w.org\/{rel}","templated":true}]}}