{"id":65013,"date":"2025-10-31T12:15:35","date_gmt":"2025-10-31T09:15:35","guid":{"rendered":"https:\/\/www.egemtv.com\/?p=65013"},"modified":"2025-10-31T12:15:36","modified_gmt":"2025-10-31T09:15:36","slug":"kutahyada-roma-donemi-sehirciliginde-anadoluda-tiyatro-ve-stadion-iliskisi-konulu-konferans","status":"publish","type":"post","link":"https:\/\/www.egemtv.com\/?p=65013","title":{"rendered":"K\u00fctahya\u2019da &#8220;Roma D\u00f6nemi \u015eehircili\u011finde Anadolu\u2019da Tiyatro ve Stadion \u0130li\u015fkisi&#8221; konulu konferans"},"content":{"rendered":"<p>K\u00fctahya Dumlup\u0131nar \u00dcniversitesinde (DP\u00dc) &#8220;Roma D\u00f6nemi \u015eehircili\u011finde Anadolu\u2019da Tiyatro ve Stadion \u0130li\u015fkisi&#8221; ba\u015fl\u0131kl\u0131 konferans ger\u00e7ekle\u015ftirildi.<br \/>\n<br \/>K\u00fctahya ve Bat\u0131 Anadolu K\u00fclt\u00fcrleri Arkeolojisi Uygulama ve Ara\u015ft\u0131rma Merkezi taraf\u0131ndan DP\u00dc Ara\u015ft\u0131rma Merkezleri Konferans Salonu\u2019nda d\u00fczenlenen etkinli\u011fe akademisyenler ve \u00f6\u011frenciler kat\u0131ld\u0131.<br \/>\n<br \/>Konferansta konu\u015fan Dr. Ece \u00c7oksolmaz, Roma d\u00f6neminde Anadolu \u015fehirlerinin mimari planlamas\u0131nda tiyatro ve stadion yap\u0131lar\u0131n\u0131n kent dokusu i\u00e7indeki konumunu, bu yap\u0131lar\u0131n birbirleriyle olan mek\u00e2nsal ili\u015fkilerini ve toplum ya\u015fam\u0131ndaki rollerini anlatt\u0131. Dr. \u00c7oksolmaz, Anadolu\u2019daki antik kentlerden \u00f6rnekler sunarak tiyatro ve stadionlar\u0131n yaln\u0131zca e\u011flence veya spor alanlar\u0131 de\u011fil, ayn\u0131 zamanda sosyal dayan\u0131\u015fma, politik ileti\u015fim ve k\u00fclt\u00fcrel temsilin merkezleri oldu\u011funu vurgulad\u0131. Ayr\u0131ca, Roma d\u00f6nemi \u015fehircilik anlay\u0131\u015f\u0131n\u0131n estetik, i\u015flevsel ve toplumsal boyutlar\u0131na ili\u015fkin de\u011ferlendirmelerde bulundu.<br \/><\/p>\n","protected":false},"excerpt":{"rendered":"<p>K\u00fctahya Dumlup\u0131nar \u00dcniversitesinde (DP\u00dc) &#8220;Roma D\u00f6nemi \u015eehircili\u011finde Anadolu\u2019da Tiyatro ve Stadion \u0130li\u015fkisi&#8221; ba\u015fl\u0131kl\u0131 konferans ger\u00e7ekle\u015ftirildi. K\u00fctahya ve Bat\u0131 Anadolu K\u00fclt\u00fcrleri Arkeolojisi Uygulama ve Ara\u015ft\u0131rma Merkezi taraf\u0131ndan DP\u00dc Ara\u015ft\u0131rma Merkezleri Konferans Salonu\u2019nda d\u00fczenlenen etkinli\u011fe akademisyenler ve \u00f6\u011frenciler kat\u0131ld\u0131. Konferansta konu\u015fan Dr. Ece \u00c7oksolmaz, Roma d\u00f6neminde Anadolu \u015fehirlerinin mimari planlamas\u0131nda tiyatro ve stadion yap\u0131lar\u0131n\u0131n kent dokusu i\u00e7indeki&#8230;<\/p>\n","protected":false},"author":1,"featured_media":65014,"comment_status":"open","ping_status":"open","sticky":false,"template":"","format":"standard","meta":{"_crdt_document":"","footnotes":""},"categories":[1],"tags":[],"class_list":["post-65013","post","type-post","status-publish","format-standard","has-post-thumbnail","hentry","category-guncel"],"_links":{"self":[{"href":"https:\/\/www.egemtv.com\/index.php?rest_route=\/wp\/v2\/posts\/65013","targetHints":{"allow":["GET"]}}],"collection":[{"href":"https:\/\/www.egemtv.com\/index.php?rest_route=\/wp\/v2\/posts"}],"about":[{"href":"https:\/\/www.egemtv.com\/index.php?rest_route=\/wp\/v2\/types\/post"}],"author":[{"embeddable":true,"href":"https:\/\/www.egemtv.com\/index.php?rest_route=\/wp\/v2\/users\/1"}],"replies":[{"embeddable":true,"href":"https:\/\/www.egemtv.com\/index.php?rest_route=%2Fwp%2Fv2%2Fcomments&post=65013"}],"version-history":[{"count":1,"href":"https:\/\/www.egemtv.com\/index.php?rest_route=\/wp\/v2\/posts\/65013\/revisions"}],"predecessor-version":[{"id":65015,"href":"https:\/\/www.egemtv.com\/index.php?rest_route=\/wp\/v2\/posts\/65013\/revisions\/65015"}],"wp:featuredmedia":[{"embeddable":true,"href":"https:\/\/www.egemtv.com\/index.php?rest_route=\/wp\/v2\/media\/65014"}],"wp:attachment":[{"href":"https:\/\/www.egemtv.com\/index.php?rest_route=%2Fwp%2Fv2%2Fmedia&parent=65013"}],"wp:term":[{"taxonomy":"category","embeddable":true,"href":"https:\/\/www.egemtv.com\/index.php?rest_route=%2Fwp%2Fv2%2Fcategories&post=65013"},{"taxonomy":"post_tag","embeddable":true,"href":"https:\/\/www.egemtv.com\/index.php?rest_route=%2Fwp%2Fv2%2Ftags&post=65013"}],"curies":[{"name":"wp","href":"https:\/\/api.w.org\/{rel}","templated":true}]}}