{"id":65010,"date":"2025-10-31T12:15:35","date_gmt":"2025-10-31T09:15:35","guid":{"rendered":"https:\/\/www.egemtv.com\/?p=65010"},"modified":"2025-10-31T12:15:35","modified_gmt":"2025-10-31T09:15:35","slug":"izmir-iki-onemli-balikcilik-toplantisina-ev-sahipligi-yapti","status":"publish","type":"post","link":"https:\/\/www.egemtv.com\/?p=65010","title":{"rendered":"\u0130zmir, iki \u00f6nemli &#8220;Bal\u0131k\u00e7\u0131l\u0131k&#8221; toplant\u0131s\u0131na ev sahipli\u011fi yapt\u0131"},"content":{"rendered":"<p>\u0130zmir, Ege\u2019de bal\u0131k\u00e7\u0131l\u0131k sekt\u00f6r\u00fcn\u00fcn gelece\u011fini \u015fekillendirecek iki \u00f6nemli etkinli\u011fe ev sahipli\u011fi yapt\u0131. \u0130zmir Ticaret Odas\u0131 Bal\u0131k\u00e7\u0131l\u0131k \u00c7al\u0131\u015fma Grubu\u2019nun 39\u2019uncu Toplant\u0131s\u0131 ile &#8220;Ege Denizi\u2019nde Uluslararas\u0131 Bal\u0131k\u00e7\u0131l\u0131k Y\u00f6netiminde Uyum ve \u0130\u015f Birli\u011fi \u0130htiyac\u0131&#8221; Paneli, \u0130zmir K\u00e2tip \u00c7elebi \u00dcniversitesi ev sahipli\u011finde ger\u00e7ekle\u015ftirildi. Bal\u0131k\u00e7\u0131l\u0131k sekt\u00f6r\u00fcn\u00fcn \u00f6nemli sorunlar\u0131n\u0131n g\u00f6r\u00fc\u015f\u00fcld\u00fc\u011f\u00fc etkinliklerde, Ege Denizi\u2019nde s\u00fcrd\u00fcr\u00fclebilir bal\u0131k\u00e7\u0131l\u0131k y\u00f6netimi, uluslararas\u0131 i\u015f birli\u011fi, bilim temelli ve uyumlu politika geli\u015ftirme konular\u0131 ele al\u0131nd\u0131. Akademisyenler, sekt\u00f6r temsilcileri ve kamu kurumlar\u0131ndan uzmanlar\u0131n kat\u0131l\u0131m\u0131yla ger\u00e7ekle\u015fen toplant\u0131lar, Ege\u2019de iki k\u0131y\u0131da\u015f \u00fclke aras\u0131nda uyumlu bal\u0131k\u00e7\u0131l\u0131k y\u00f6netimi konusundaki ortak ak\u0131l aray\u0131\u015f\u0131na \u00f6nemli katk\u0131lar sundu.<\/p>\n<p>80\u2019in \u00fczerinde temsilci kat\u0131ld\u0131<br \/>\n<br \/>\u00dcniversiteler, Tar\u0131m ve Orman Bakanl\u0131\u011f\u0131, Sahil G\u00fcvenlik Komutanl\u0131\u011f\u0131, \u0130zmir B\u00fcy\u00fck\u015fehir Belediyesi, Liman Ba\u015fkanl\u0131klar\u0131, Birlikler ve Kooperatiflerden 80\u2019in \u00fczerinde temsilci, &#8220;Ege Denizi\u2019nde Uluslararas\u0131 Bal\u0131k\u00e7\u0131l\u0131k Y\u00f6netiminde Uyum ve \u0130\u015f Birli\u011fi \u0130htiyac\u0131&#8221; ba\u015fl\u0131kl\u0131 panelde bir araya geldi. \u0130zmir K\u00e2tip \u00c7elebi \u00dcniversitesi\u2019nde, \u00f6\u011frencilerin de yo\u011fun kat\u0131l\u0131m\u0131yla ger\u00e7ekle\u015ftirilen panelin a\u00e7\u0131l\u0131\u015f konu\u015fmas\u0131n\u0131, \u0130zmir K\u00e2tip \u00c7elebi \u00dcniversitesi Gemi \u0130n\u015faat\u0131 ve Denizcilik Fak\u00fcltesi Dekan\u0131 Prof. Dr. Hakk\u0131 Dereli yapt\u0131. Ege \u00dcniversitesi Su \u00dcr\u00fcnleri Fak\u00fcltesi \u00d6\u011fretim \u00dcyesi Prof. Dr. Vahdet \u00dcnal moderat\u00f6rl\u00fc\u011f\u00fcnde ger\u00e7ekle\u015ftirilen panelde, \u0130zmir Ticaret Odas\u0131 Y\u00f6netim Kurulu \u00dcyesi ve \u0130zmir Bal\u0131k\u00e7\u0131 \u0130\u015fadamlar\u0131 Derne\u011fi Ba\u015fkan\u0131 Mehmet \u015eahin \u00c7akan panelist olarak yer ald\u0131.<\/p>\n<p>\u00c7akan: &#8220;Bal\u0131k\u00e7\u0131l\u0131k d\u00fcnyan\u0131n en g\u00fczel mesle\u011fi&#8221;<br \/>\n<br \/>Bal\u0131k\u00e7\u0131l\u0131\u011f\u0131n d\u00fcnyan\u0131n en g\u00fczel mesle\u011fi oldu\u011funu ifade eden \u0130zmir Ticaret Odas\u0131 Y\u00f6netim Kurulu \u00dcyesi \u00c7akan, \u0130zmir Ticaret Odas\u0131 \u00e7at\u0131s\u0131 alt\u0131nda faaliyet g\u00f6steren \u0130zmir Bal\u0131k\u00e7\u0131l\u0131k \u00c7al\u0131\u015fma Komitesi\u2019nin \u00e7al\u0131\u015fmalar\u0131 hakk\u0131nda bilgi verdi. Karadeniz\u2019de Eyl\u00fcl ay\u0131nda g\u00f6\u00e7 bal\u0131\u011f\u0131n\u0131n olmad\u0131\u011f\u0131n\u0131 belirten \u00c7akan bu nedenle Karadeniz bal\u0131k\u00e7\u0131lar\u0131n\u0131n, Marmara\u2019daki ve Bo\u011fazdaki teknelerin de Ege Denizi\u2019ne geldi\u011fini belirtti.<\/p>\n<p>&#8220;\u00dczerimize d\u00fc\u015feni yapmaya haz\u0131r\u0131z&#8221;<br \/>\n<br \/>Deniz patl\u0131canlar\u0131n\u0131n denizlerin akci\u011feri gibi \u00e7al\u0131\u015ft\u0131\u011f\u0131n\u0131, ekosistemde bu kadar kilit rol oynayan bir t\u00fcr\u00fcn a\u015f\u0131r\u0131 avlanma sonucu yok oldu\u011funu ifade eden \u00c7akan, canl\u0131 deniz ya\u015fam\u0131 \u00fczerindeki kirlilik bask\u0131s\u0131na da de\u011findi. \u00c7akan, &#8220;Bu panel bir ba\u015flang\u0131\u00e7 olsun. Hep birlikte gelece\u011fimizi planlayal\u0131m. Aksi takdirde \u00e7ok \u00f6nemli bir zenginli\u011fi kaybedece\u011fiz. Bizden sonra gelecek nesillere kar\u015f\u0131 hepimizin sorumlulu\u011fu var. \u0130zmir Ticaret Odas\u0131 olarak \u00fczerimize d\u00fc\u015fen ne varsa yapmaya haz\u0131r\u0131z&#8221; dedi.<\/p>\n<p>Dereli: &#8220;Bal\u0131k stoklar\u0131 t\u00fckenme riskiyle kar\u015f\u0131 kar\u015f\u0131ya&#8221;<br \/>\n<br \/>Ege Denizi\u2019ndeki bal\u0131k\u00e7\u0131l\u0131k kaynaklar\u0131n\u0131n s\u00fcrd\u00fcr\u00fclebilirli\u011finin sa\u011flanmas\u0131 gerekti\u011fini vurgulayan \u0130zmir K\u00e2tip \u00c7elebi \u00dcniversitesi Gemi \u0130n\u015faat\u0131 ve Denizcilik Fak\u00fcltesi Dekan\u0131 Prof. Dr. Hakk\u0131 Dereli, iki \u00fclkenin payla\u015ft\u0131\u011f\u0131 bal\u0131k stoklar\u0131ndaki t\u00fckenme olas\u0131l\u0131\u011f\u0131n\u0131n, tek \u00fclkenin kulland\u0131\u011f\u0131 stoklara g\u00f6re %19 daha y\u00fcksek oldu\u011fu bilgisini payla\u015ft\u0131. Ege Denizi bal\u0131k\u00e7\u0131l\u0131k kaynaklar\u0131 i\u00e7in de bu riskin ge\u00e7erli oldu\u011funu belirten Dereli, T\u00fcrkiye ve Yunanistan\u2019daki t\u00fcm bal\u0131k\u00e7\u0131l\u0131k payda\u015flar\u0131n\u0131n birlikte uyum i\u00e7inde \u00e7al\u0131\u015fmas\u0131 gerekti\u011fini ifade etti. Prof. Dr. Dereli yapt\u0131\u011f\u0131 sunumda, k\u00f6pek bal\u0131klar\u0131n\u0131n ve deniz memelilerinin endi\u015fe verici seviyede t\u00fckendi\u011fi, ticari bal\u0131k\u00e7\u0131l\u0131kta birim \u00e7aba ba\u015f\u0131na av miktar\u0131n\u0131n hem T\u00fcrkiye\u2019de hem de Yunanistan\u2019da s\u00fcrekli azald\u0131\u011f\u0131 ve Ege Denizi\u2019nde karaya \u00e7\u0131kart\u0131lan t\u00fcrler i\u00e7in iki \u00fclke taraf\u0131ndan uygulanan asgari avlanma boy d\u00fczenlemeleri aras\u0131nda uyumsuzluklar oldu\u011fu bilgisini payla\u015ft\u0131.<\/p>\n<p>Uzmanlar Ege\u2019deki tehlikeye dikkat \u00e7ekti<br \/>\n<br \/>\u0130zmir K\u00e2tip \u00c7elebi \u00dcniversitesi Hukuk Fak\u00fcltesi Dekan\u0131 Prof. Dr. Kerem Bat\u0131r, Ege Denizinde ya\u015fanan uluslararas\u0131 hukuk sorunlar\u0131n\u0131, alan kullan\u0131m\u0131yla ilgili her iki k\u0131y\u0131da\u015f \u00fclkenin savlar\u0131n\u0131 ve T\u00fcrk bal\u0131k\u00e7\u0131lar\u0131n avc\u0131l\u0131k yapabilece\u011fi sahalar\u0131 detaylar\u0131yla payla\u015ft\u0131.<br \/>\n<br \/>Ege Denizinin biyolojik \u00e7e\u015fitlili\u011fi ve stratejik \u00f6nemine de\u011finen Ege \u00dcniversitesi Su \u00dcr\u00fcnleri Fak\u00fcltesi \u00d6\u011fretim \u00dcyesi Prof. Dr. Vahdet \u00dcnal, uyumlu d\u00fczenleyici kararlar\u0131n hayata ge\u00e7irilmesiyle ilgili sorumlulu\u011fun resmi kurumlarda oldu\u011funu vurgulad\u0131. \u00dcnal, Avrupa Birli\u011finin Ege\u2019yi de i\u00e7ine alan Akdeniz\u2019deki Canl\u0131 Deniz Kaynaklar\u0131n\u0131n S\u00fcrd\u00fcr\u00fclebilir Y\u00f6netimiyle ilgili Konsey T\u00fcz\u00fc\u011f\u00fcn\u00fcn ve Akdeniz Genel Bal\u0131k\u00e7\u0131l\u0131k Komisyonu \u00e7al\u0131\u015fmalar\u0131n\u0131n istenen uyumu sa\u011flamada yeterli olamad\u0131\u011f\u0131na dikkat \u00e7ekti ve ilgilileri harekete ge\u00e7meye \u00e7a\u011f\u0131rd\u0131.<br \/>\n<br \/>Ege \u00dcniversitesi Su \u00dcr\u00fcnleri Fak\u00fcltesi \u00d6\u011fretim \u00dcyesi Prof. Dr. Zafer Tosuno\u011flu yapt\u0131\u011f\u0131 sunumda, avc\u0131l\u0131k uygulamalar\u0131nda \u00fclkemiz ile Yunanistan aras\u0131ndaki d\u00fczenleme farkl\u0131l\u0131klar\u0131na ve bunlar\u0131n iki \u00fclkenin bal\u0131k\u00e7\u0131l\u0131kla ilgili kurumlar\u0131 taraf\u0131ndan giderilmesi gerekti\u011fine de\u011findi.<br \/>\n<br \/>Bal\u0131k\u00e7\u0131l\u0131k ve Su \u00dcr\u00fcnleri Genel M\u00fcd\u00fcrl\u00fc\u011f\u00fc, Avc\u0131l\u0131k ve Kontrol Daire Ba\u015fkanl\u0131\u011f\u0131, Avc\u0131l\u0131k D\u00fczenlemeleri Koordinat\u00f6r\u00fc Y\u0131lmaz Asutay Turan, Ege Denizi\u2019ndeki uluslararas\u0131 sularda avc\u0131l\u0131k d\u00fczenlemeleri, taraf olunan uluslararas\u0131 kurulu\u015flara ili\u015fkin bilgi verdi. Uluslararas\u0131 sularda avc\u0131l\u0131k faaliyetlerinin 1380 say\u0131l\u0131 Su \u00dcr\u00fcnleri Kanunu\u2019na g\u00f6re yap\u0131ld\u0131\u011f\u0131n\u0131 belirten TURAN, koruyucu yakla\u015f\u0131m sergileyen \u00e7al\u0131\u015fmalarla T\u00fcrkiye\u2019nin 4\u2019\u00fcnc\u00fc kez Akdeniz Genel Bal\u0131k\u00e7\u0131l\u0131k Komisyonu (GFCM) taraf\u0131ndan &#8220;Tam Uyum \u00d6d\u00fcl\u00fc ald\u0131\u011f\u0131n\u0131 ifade etti.<br \/>\n<br \/>Sahil G\u00fcvenlik Komutanl\u0131\u011f\u0131\u2019ndan Dr. Ejbel \u00c7\u0131ra Duruer ise, Uluslararas\u0131 sularda avc\u0131l\u0131k ve Sahil G\u00fcvenlik Komutanl\u0131\u011f\u0131\u2019n\u0131n bal\u0131k\u00e7\u0131l\u0131k faaliyetlerinin izlenmesi kontrol ve denetimine y\u00f6nelik \u00e7al\u0131\u015fmalar\u0131 hakk\u0131nda bilgi verdi.<br \/><\/p>\n","protected":false},"excerpt":{"rendered":"<p>\u0130zmir, Ege\u2019de bal\u0131k\u00e7\u0131l\u0131k sekt\u00f6r\u00fcn\u00fcn gelece\u011fini \u015fekillendirecek iki \u00f6nemli etkinli\u011fe ev sahipli\u011fi yapt\u0131. \u0130zmir Ticaret Odas\u0131 Bal\u0131k\u00e7\u0131l\u0131k \u00c7al\u0131\u015fma Grubu\u2019nun 39\u2019uncu Toplant\u0131s\u0131 ile &#8220;Ege Denizi\u2019nde Uluslararas\u0131 Bal\u0131k\u00e7\u0131l\u0131k Y\u00f6netiminde Uyum ve \u0130\u015f Birli\u011fi \u0130htiyac\u0131&#8221; Paneli, \u0130zmir K\u00e2tip \u00c7elebi \u00dcniversitesi ev sahipli\u011finde ger\u00e7ekle\u015ftirildi. Bal\u0131k\u00e7\u0131l\u0131k sekt\u00f6r\u00fcn\u00fcn \u00f6nemli sorunlar\u0131n\u0131n g\u00f6r\u00fc\u015f\u00fcld\u00fc\u011f\u00fc etkinliklerde, Ege Denizi\u2019nde s\u00fcrd\u00fcr\u00fclebilir bal\u0131k\u00e7\u0131l\u0131k y\u00f6netimi, uluslararas\u0131 i\u015f birli\u011fi, bilim temelli&#8230;<\/p>\n","protected":false},"author":1,"featured_media":65011,"comment_status":"open","ping_status":"open","sticky":false,"template":"","format":"standard","meta":{"_crdt_document":"","footnotes":""},"categories":[125],"tags":[],"class_list":["post-65010","post","type-post","status-publish","format-standard","has-post-thumbnail","hentry","category-ekonomi"],"_links":{"self":[{"href":"https:\/\/www.egemtv.com\/index.php?rest_route=\/wp\/v2\/posts\/65010","targetHints":{"allow":["GET"]}}],"collection":[{"href":"https:\/\/www.egemtv.com\/index.php?rest_route=\/wp\/v2\/posts"}],"about":[{"href":"https:\/\/www.egemtv.com\/index.php?rest_route=\/wp\/v2\/types\/post"}],"author":[{"embeddable":true,"href":"https:\/\/www.egemtv.com\/index.php?rest_route=\/wp\/v2\/users\/1"}],"replies":[{"embeddable":true,"href":"https:\/\/www.egemtv.com\/index.php?rest_route=%2Fwp%2Fv2%2Fcomments&post=65010"}],"version-history":[{"count":1,"href":"https:\/\/www.egemtv.com\/index.php?rest_route=\/wp\/v2\/posts\/65010\/revisions"}],"predecessor-version":[{"id":65012,"href":"https:\/\/www.egemtv.com\/index.php?rest_route=\/wp\/v2\/posts\/65010\/revisions\/65012"}],"wp:featuredmedia":[{"embeddable":true,"href":"https:\/\/www.egemtv.com\/index.php?rest_route=\/wp\/v2\/media\/65011"}],"wp:attachment":[{"href":"https:\/\/www.egemtv.com\/index.php?rest_route=%2Fwp%2Fv2%2Fmedia&parent=65010"}],"wp:term":[{"taxonomy":"category","embeddable":true,"href":"https:\/\/www.egemtv.com\/index.php?rest_route=%2Fwp%2Fv2%2Fcategories&post=65010"},{"taxonomy":"post_tag","embeddable":true,"href":"https:\/\/www.egemtv.com\/index.php?rest_route=%2Fwp%2Fv2%2Ftags&post=65010"}],"curies":[{"name":"wp","href":"https:\/\/api.w.org\/{rel}","templated":true}]}}