{"id":65007,"date":"2025-10-31T11:54:44","date_gmt":"2025-10-31T08:54:44","guid":{"rendered":"https:\/\/www.egemtv.com\/?p=65007"},"modified":"2025-10-31T11:54:45","modified_gmt":"2025-10-31T08:54:45","slug":"namik-kemal-ilkokulu-ogrencileri-gazze-icin-seferber-oldu","status":"publish","type":"post","link":"https:\/\/www.egemtv.com\/?p=65007","title":{"rendered":"Nam\u0131k Kemal \u0130lkokulu \u00f6\u011frencileri Gazze i\u00e7in seferber oldu"},"content":{"rendered":"<p>\u00c7e\u015fme Nam\u0131k Kemal \u0130lkokulu Okul Aile Birli\u011fi\u2019nin \u00f6nc\u00fcl\u00fc\u011f\u00fcnde d\u00fczenlenen &#8220;Gazze i\u00e7in seferber&#8221; temal\u0131 etkinlikte, \u00f6\u011frenciler, veliler ve \u00f6\u011fretmenler el ele vererek \u00f6rnek davran\u0131\u015f sergiledi.<br \/>\n<br \/>Etkinli\u011fe \u00c7e\u015fme \u0130l\u00e7e Milli E\u011fitim M\u00fcd\u00fcr\u00fc \u015eahan \u00c7\u00f6ker de kat\u0131larak \u00f6\u011frenci ve velilerle bir araya geldi. Okul bah\u00e7esinde ger\u00e7ekle\u015ftirilen etkinlikte veliler taraf\u0131ndan \u00f6zenle haz\u0131rlanan birbirinden lezzetli yiyecekler sat\u0131\u015fa sunuldu. Kat\u0131l\u0131mc\u0131lar hem etkinli\u011fin keyfini ya\u015fad\u0131 hem de anlaml\u0131 bir yard\u0131mla\u015fma kampanyas\u0131na destek verdi. Etkinlikte elde edilen t\u00fcm gelir Gazze\u2019ye ba\u011f\u0131\u015flanmak \u00fczere topland\u0131. G\u00fcn boyunca s\u00fcren etkinlikte dayan\u0131\u015fma ruhu h\u00e2kim olurken, minik \u00f6\u011frenciler de Gazze\u2019deki akranlar\u0131 i\u00e7in yard\u0131m toplaman\u0131n mutlulu\u011funu ya\u015fad\u0131.<br \/>\n<br \/>Okul idaresi ve Okul Aile Birli\u011fi \u00fcyeleri, etkinli\u011fe destek veren t\u00fcm velilere ve \u00f6\u011frencilere te\u015fekk\u00fcr ederek, bu t\u00fcr etkinliklerin \u00e7ocuklara payla\u015fma ve yard\u0131mla\u015fma k\u00fclt\u00fcr\u00fcn\u00fc a\u015f\u0131lamada b\u00fcy\u00fck \u00f6nem ta\u015f\u0131d\u0131\u011f\u0131n\u0131 vurgulad\u0131.<br \/>\n<br \/>Etkinlik sonunda kat\u0131l\u0131mc\u0131lar, Gazze\u2019de ya\u015fanan insanl\u0131k dram\u0131na dikkat \u00e7ekmek ve fark\u0131ndal\u0131k olu\u015fturmak ad\u0131na bir kez daha birlik ve beraberlik mesaj\u0131 verdi.<br \/><\/p>\n","protected":false},"excerpt":{"rendered":"<p>\u00c7e\u015fme Nam\u0131k Kemal \u0130lkokulu Okul Aile Birli\u011fi\u2019nin \u00f6nc\u00fcl\u00fc\u011f\u00fcnde d\u00fczenlenen &#8220;Gazze i\u00e7in seferber&#8221; temal\u0131 etkinlikte, \u00f6\u011frenciler, veliler ve \u00f6\u011fretmenler el ele vererek \u00f6rnek davran\u0131\u015f sergiledi. Etkinli\u011fe \u00c7e\u015fme \u0130l\u00e7e Milli E\u011fitim M\u00fcd\u00fcr\u00fc \u015eahan \u00c7\u00f6ker de kat\u0131larak \u00f6\u011frenci ve velilerle bir araya geldi. Okul bah\u00e7esinde ger\u00e7ekle\u015ftirilen etkinlikte veliler taraf\u0131ndan \u00f6zenle haz\u0131rlanan birbirinden lezzetli yiyecekler sat\u0131\u015fa sunuldu. Kat\u0131l\u0131mc\u0131lar hem&#8230;<\/p>\n","protected":false},"author":1,"featured_media":65008,"comment_status":"open","ping_status":"open","sticky":false,"template":"","format":"standard","meta":{"_crdt_document":"","footnotes":""},"categories":[1],"tags":[],"class_list":["post-65007","post","type-post","status-publish","format-standard","has-post-thumbnail","hentry","category-guncel"],"_links":{"self":[{"href":"https:\/\/www.egemtv.com\/index.php?rest_route=\/wp\/v2\/posts\/65007","targetHints":{"allow":["GET"]}}],"collection":[{"href":"https:\/\/www.egemtv.com\/index.php?rest_route=\/wp\/v2\/posts"}],"about":[{"href":"https:\/\/www.egemtv.com\/index.php?rest_route=\/wp\/v2\/types\/post"}],"author":[{"embeddable":true,"href":"https:\/\/www.egemtv.com\/index.php?rest_route=\/wp\/v2\/users\/1"}],"replies":[{"embeddable":true,"href":"https:\/\/www.egemtv.com\/index.php?rest_route=%2Fwp%2Fv2%2Fcomments&post=65007"}],"version-history":[{"count":1,"href":"https:\/\/www.egemtv.com\/index.php?rest_route=\/wp\/v2\/posts\/65007\/revisions"}],"predecessor-version":[{"id":65009,"href":"https:\/\/www.egemtv.com\/index.php?rest_route=\/wp\/v2\/posts\/65007\/revisions\/65009"}],"wp:featuredmedia":[{"embeddable":true,"href":"https:\/\/www.egemtv.com\/index.php?rest_route=\/wp\/v2\/media\/65008"}],"wp:attachment":[{"href":"https:\/\/www.egemtv.com\/index.php?rest_route=%2Fwp%2Fv2%2Fmedia&parent=65007"}],"wp:term":[{"taxonomy":"category","embeddable":true,"href":"https:\/\/www.egemtv.com\/index.php?rest_route=%2Fwp%2Fv2%2Fcategories&post=65007"},{"taxonomy":"post_tag","embeddable":true,"href":"https:\/\/www.egemtv.com\/index.php?rest_route=%2Fwp%2Fv2%2Ftags&post=65007"}],"curies":[{"name":"wp","href":"https:\/\/api.w.org\/{rel}","templated":true}]}}