{"id":65004,"date":"2025-10-31T11:54:43","date_gmt":"2025-10-31T08:54:43","guid":{"rendered":"https:\/\/www.egemtv.com\/?p=65004"},"modified":"2025-10-31T11:54:44","modified_gmt":"2025-10-31T08:54:44","slug":"aydinda-bir-ayda-103-milyon-dolar-ihracat-yapildi","status":"publish","type":"post","link":"https:\/\/www.egemtv.com\/?p=65004","title":{"rendered":"Ayd\u0131n\u2019da bir ayda 103 milyon dolar ihracat yap\u0131ld\u0131"},"content":{"rendered":"<p>\u00d6nemli ihracat \u00fcr\u00fcnleriyle T\u00fcrkiye ekonomisine katk\u0131 sa\u011flayan Ayd\u0131n\u2019da Eyl\u00fcl ay\u0131nda 103 milyon 378 bin dolar ihracat, 31 milyon 242 bin dolar ithalat ger\u00e7ekle\u015ftirildi.<\/p>\n<p>Ayd\u0131n\u2019\u0131n 2025 y\u0131l\u0131 Eyl\u00fcl ay\u0131 ithalat ve ihracat rakamlar\u0131 belli oldu. T\u00fcrkiye \u0130statistik Kurumu (T\u00dc\u0130K) D\u0131\u015f Ticaret \u0130statistikleri verilerine g\u00f6re Ayd\u0131n\u2019da 2025 y\u0131l\u0131 Eyl\u00fcl ay\u0131nda bir \u00f6nceki aya g\u00f6re ihracat rakamlar\u0131 y\u00fczde 5\u2019lik art\u0131\u015fla 103 milyon 378 bin dolar olurken, ithalat rakamlar\u0131 ise y\u00fczde 9\u2019luk arat\u0131\u015fla 31 milyon 242 bin dolar oldu. 2025 y\u0131l\u0131 Ocak-Eyl\u00fcl aylar\u0131nda da toplam 298 milyon 24 bin dolar ithalat, 881 milyon 743 bin dolar ihracat ger\u00e7ekle\u015ftirildi.<\/p>\n<p>En fazla ithalat Temmuz ay\u0131nda yap\u0131ld\u0131<br \/>\n<br \/>Ayd\u0131n\u2019da 2025 Ocak-Eyl\u00fcl d\u00f6nemlerinde en \u00e7ok ithalat 45 milyon 647 bin dolar ile Temmuz ay\u0131nda ger\u00e7ekle\u015ftirilirken, en d\u00fc\u015f\u00fck ithalat\u0131n yap\u0131ld\u0131\u011f\u0131 ay ise 26 milyon 146 bin dolar ile Ocak ay\u0131 oldu.<\/p>\n<p>En d\u00fc\u015f\u00fck ihracat Haziran ay\u0131nda yap\u0131ld\u0131<br \/>\n<br \/>Ayd\u0131n\u2019da 2025 Ocak-Eyl\u00fcl d\u00f6nemlerinde en \u00e7ok ihracat 106 milyon 336 bin dolar ile May\u0131s ay\u0131nda ger\u00e7ekle\u015ftirilirken, en d\u00fc\u015f\u00fck ihracat\u0131n yap\u0131ld\u0131\u011f\u0131 ay ise 85 milyon 721 bin dolar ile Haziran ay\u0131 oldu.<br \/><\/p>\n","protected":false},"excerpt":{"rendered":"<p>\u00d6nemli ihracat \u00fcr\u00fcnleriyle T\u00fcrkiye ekonomisine katk\u0131 sa\u011flayan Ayd\u0131n\u2019da Eyl\u00fcl ay\u0131nda 103 milyon 378 bin dolar ihracat, 31 milyon 242 bin dolar ithalat ger\u00e7ekle\u015ftirildi. Ayd\u0131n\u2019\u0131n 2025 y\u0131l\u0131 Eyl\u00fcl ay\u0131 ithalat ve ihracat rakamlar\u0131 belli oldu. T\u00fcrkiye \u0130statistik Kurumu (T\u00dc\u0130K) D\u0131\u015f Ticaret \u0130statistikleri verilerine g\u00f6re Ayd\u0131n\u2019da 2025 y\u0131l\u0131 Eyl\u00fcl ay\u0131nda bir \u00f6nceki aya g\u00f6re ihracat rakamlar\u0131 y\u00fczde&#8230;<\/p>\n","protected":false},"author":1,"featured_media":65005,"comment_status":"open","ping_status":"open","sticky":false,"template":"","format":"standard","meta":{"_crdt_document":"","footnotes":""},"categories":[125],"tags":[],"class_list":["post-65004","post","type-post","status-publish","format-standard","has-post-thumbnail","hentry","category-ekonomi"],"_links":{"self":[{"href":"https:\/\/www.egemtv.com\/index.php?rest_route=\/wp\/v2\/posts\/65004","targetHints":{"allow":["GET"]}}],"collection":[{"href":"https:\/\/www.egemtv.com\/index.php?rest_route=\/wp\/v2\/posts"}],"about":[{"href":"https:\/\/www.egemtv.com\/index.php?rest_route=\/wp\/v2\/types\/post"}],"author":[{"embeddable":true,"href":"https:\/\/www.egemtv.com\/index.php?rest_route=\/wp\/v2\/users\/1"}],"replies":[{"embeddable":true,"href":"https:\/\/www.egemtv.com\/index.php?rest_route=%2Fwp%2Fv2%2Fcomments&post=65004"}],"version-history":[{"count":1,"href":"https:\/\/www.egemtv.com\/index.php?rest_route=\/wp\/v2\/posts\/65004\/revisions"}],"predecessor-version":[{"id":65006,"href":"https:\/\/www.egemtv.com\/index.php?rest_route=\/wp\/v2\/posts\/65004\/revisions\/65006"}],"wp:featuredmedia":[{"embeddable":true,"href":"https:\/\/www.egemtv.com\/index.php?rest_route=\/wp\/v2\/media\/65005"}],"wp:attachment":[{"href":"https:\/\/www.egemtv.com\/index.php?rest_route=%2Fwp%2Fv2%2Fmedia&parent=65004"}],"wp:term":[{"taxonomy":"category","embeddable":true,"href":"https:\/\/www.egemtv.com\/index.php?rest_route=%2Fwp%2Fv2%2Fcategories&post=65004"},{"taxonomy":"post_tag","embeddable":true,"href":"https:\/\/www.egemtv.com\/index.php?rest_route=%2Fwp%2Fv2%2Ftags&post=65004"}],"curies":[{"name":"wp","href":"https:\/\/api.w.org\/{rel}","templated":true}]}}