{"id":64998,"date":"2025-10-31T11:34:53","date_gmt":"2025-10-31T08:34:53","guid":{"rendered":"https:\/\/www.egemtv.com\/?p=64998"},"modified":"2025-10-31T11:34:54","modified_gmt":"2025-10-31T08:34:54","slug":"polisten-17-bin-universite-ogrencisine-terorle-ve-uyusturucuyla-mucadele-egitimi","status":"publish","type":"post","link":"https:\/\/www.egemtv.com\/?p=64998","title":{"rendered":"Polisten 17 bin \u00fcniversite \u00f6\u011frencisine ter\u00f6rle ve uyu\u015fturucuyla m\u00fccadele e\u011fitimi"},"content":{"rendered":"<p>Afyonkarahisar\u2019da polis ekipleri taraf\u0131ndan 17 bin \u00fcniversite \u00f6\u011frencisine ter\u00f6rle ve uyu\u015fturucuyla m\u00fccadele e\u011fitimi verildi.<br \/>\n<br \/>Ger\u00e7ekle\u015ftirilen e\u011fitim faaliyetleri ile ilgili Afyonkarahisar \u0130l Emniyet M\u00fcd\u00fcrl\u00fc\u011f\u00fcnden yap\u0131lan yaz\u0131l\u0131 a\u00e7\u0131klamada, &#8220;Ekiplerimizce \u2018El Ele G\u00fcvenli Gelece\u011fe\u2019 projesi \u00e7er\u00e7evesinde Afyon Kocatepe \u00dcniversitesi ve Afyonkarahisar Sa\u011fl\u0131k Bilimleri \u00dcniversitesinde toplam 17 bin \u00f6\u011frenciye e\u011fitim verildi. Ter\u00f6r \u00f6rg\u00fctlerinin faaliyetlerine kar\u015f\u0131 fark\u0131ndal\u0131k olu\u015fturmak, ter\u00f6r \u00f6rg\u00fctlerinin propaganda faaliyetleri ve y\u00f6ntemleri hakk\u0131nda duyarl\u0131l\u0131\u011f\u0131 art\u0131rmak, uyu\u015fturucu madde kullan\u0131m\u0131n\u0131n \u00f6n\u00fcne ge\u00e7mek konusunda bilgilendirmek ve fark\u0131ndal\u0131k olu\u015fturmak ve gen\u00e7lerimizin kendilerini g\u00fcvende hissetmelerini sa\u011flamak amac\u0131yla bilgilendirme faaliyetleri ger\u00e7ekle\u015ftirilmi\u015ftir&#8221; ifadelerine yer verildi.<br \/><\/p>\n","protected":false},"excerpt":{"rendered":"<p>Afyonkarahisar\u2019da polis ekipleri taraf\u0131ndan 17 bin \u00fcniversite \u00f6\u011frencisine ter\u00f6rle ve uyu\u015fturucuyla m\u00fccadele e\u011fitimi verildi. Ger\u00e7ekle\u015ftirilen e\u011fitim faaliyetleri ile ilgili Afyonkarahisar \u0130l Emniyet M\u00fcd\u00fcrl\u00fc\u011f\u00fcnden yap\u0131lan yaz\u0131l\u0131 a\u00e7\u0131klamada, &#8220;Ekiplerimizce \u2018El Ele G\u00fcvenli Gelece\u011fe\u2019 projesi \u00e7er\u00e7evesinde Afyon Kocatepe \u00dcniversitesi ve Afyonkarahisar Sa\u011fl\u0131k Bilimleri \u00dcniversitesinde toplam 17 bin \u00f6\u011frenciye e\u011fitim verildi. Ter\u00f6r \u00f6rg\u00fctlerinin faaliyetlerine kar\u015f\u0131 fark\u0131ndal\u0131k olu\u015fturmak, ter\u00f6r \u00f6rg\u00fctlerinin&#8230;<\/p>\n","protected":false},"author":1,"featured_media":64999,"comment_status":"open","ping_status":"open","sticky":false,"template":"","format":"standard","meta":{"_crdt_document":"","footnotes":""},"categories":[1],"tags":[],"class_list":["post-64998","post","type-post","status-publish","format-standard","has-post-thumbnail","hentry","category-guncel"],"_links":{"self":[{"href":"https:\/\/www.egemtv.com\/index.php?rest_route=\/wp\/v2\/posts\/64998","targetHints":{"allow":["GET"]}}],"collection":[{"href":"https:\/\/www.egemtv.com\/index.php?rest_route=\/wp\/v2\/posts"}],"about":[{"href":"https:\/\/www.egemtv.com\/index.php?rest_route=\/wp\/v2\/types\/post"}],"author":[{"embeddable":true,"href":"https:\/\/www.egemtv.com\/index.php?rest_route=\/wp\/v2\/users\/1"}],"replies":[{"embeddable":true,"href":"https:\/\/www.egemtv.com\/index.php?rest_route=%2Fwp%2Fv2%2Fcomments&post=64998"}],"version-history":[{"count":1,"href":"https:\/\/www.egemtv.com\/index.php?rest_route=\/wp\/v2\/posts\/64998\/revisions"}],"predecessor-version":[{"id":65000,"href":"https:\/\/www.egemtv.com\/index.php?rest_route=\/wp\/v2\/posts\/64998\/revisions\/65000"}],"wp:featuredmedia":[{"embeddable":true,"href":"https:\/\/www.egemtv.com\/index.php?rest_route=\/wp\/v2\/media\/64999"}],"wp:attachment":[{"href":"https:\/\/www.egemtv.com\/index.php?rest_route=%2Fwp%2Fv2%2Fmedia&parent=64998"}],"wp:term":[{"taxonomy":"category","embeddable":true,"href":"https:\/\/www.egemtv.com\/index.php?rest_route=%2Fwp%2Fv2%2Fcategories&post=64998"},{"taxonomy":"post_tag","embeddable":true,"href":"https:\/\/www.egemtv.com\/index.php?rest_route=%2Fwp%2Fv2%2Ftags&post=64998"}],"curies":[{"name":"wp","href":"https:\/\/api.w.org\/{rel}","templated":true}]}}