{"id":64995,"date":"2025-10-31T11:34:52","date_gmt":"2025-10-31T08:34:52","guid":{"rendered":"https:\/\/www.egemtv.com\/?p=64995"},"modified":"2025-10-31T11:34:53","modified_gmt":"2025-10-31T08:34:53","slug":"aydinli-genclerden-teknofestte-buyuk-basari","status":"publish","type":"post","link":"https:\/\/www.egemtv.com\/?p=64995","title":{"rendered":"Ayd\u0131nl\u0131 gen\u00e7lerden Teknofest\u2019te b\u00fcy\u00fck ba\u015far\u0131"},"content":{"rendered":"<p>Ayd\u0131n Gen\u00e7lik ve Spor \u0130l M\u00fcd\u00fcrl\u00fc\u011f\u00fc b\u00fcnyesinde kurulan ZADA Sava\u015fan \u0130HA Tak\u0131m\u0131, Teknofest 2025\u2019te \u00f6nemli bir ba\u015far\u0131ya imza atarak Kritik Tasar\u0131m Raporu a\u015famas\u0131nda T\u00fcrkiye 4.\u2019s\u00fc oldu.<\/p>\n<p>Ayd\u0131n\u2019da bu kategoride dereceye giren ilk tak\u0131m olma unvan\u0131n\u0131 kazanan ZADA ekibi, Gen\u00e7lik ve Spor \u0130l M\u00fcd\u00fcr\u00fc Serhat Y\u0131\u011fmatepe taraf\u0131ndan a\u011f\u0131rland\u0131. Teknofest\u2019in gen\u00e7lerin bilim, teknoloji ve savunma sanayii alan\u0131ndaki \u00fcretkenli\u011fini te\u015fvik eden bir platform oldu\u011funu vurgulayan \u0130l M\u00fcd\u00fcr\u00fc Y\u0131\u011fmatepe, gen\u00e7lerin bu ba\u015far\u0131s\u0131n\u0131n Ayd\u0131n ad\u0131na gurur verici oldu\u011funu belirtti.<\/p>\n<p>Ayd\u0131n Gen\u00e7lik ve Spor \u0130l M\u00fcd\u00fcrl\u00fc\u011f\u00fc\u2019nden yap\u0131lan a\u00e7\u0131klamada, &#8220;\u0130l M\u00fcd\u00fcrl\u00fc\u011f\u00fcm\u00fcz b\u00fcnyesindeki ZADA Sava\u015fan \u0130HA Tak\u0131m\u0131, Teknofest 2025\u2019te Kritik Tasar\u0131m Raporu a\u015famas\u0131nda T\u00fcrkiye 4.\u2019s\u00fc oldu. Ayd\u0131n\u2019da bu kategoride dereceye giren ilk tak\u0131m olan ZADA ekibi, \u0130l M\u00fcd\u00fcr\u00fcm\u00fcz taraf\u0131ndan tebrik edildi&#8221; ifadelerine yer verildi.<br \/><\/p>\n","protected":false},"excerpt":{"rendered":"<p>Ayd\u0131n Gen\u00e7lik ve Spor \u0130l M\u00fcd\u00fcrl\u00fc\u011f\u00fc b\u00fcnyesinde kurulan ZADA Sava\u015fan \u0130HA Tak\u0131m\u0131, Teknofest 2025\u2019te \u00f6nemli bir ba\u015far\u0131ya imza atarak Kritik Tasar\u0131m Raporu a\u015famas\u0131nda T\u00fcrkiye 4.\u2019s\u00fc oldu. Ayd\u0131n\u2019da bu kategoride dereceye giren ilk tak\u0131m olma unvan\u0131n\u0131 kazanan ZADA ekibi, Gen\u00e7lik ve Spor \u0130l M\u00fcd\u00fcr\u00fc Serhat Y\u0131\u011fmatepe taraf\u0131ndan a\u011f\u0131rland\u0131. Teknofest\u2019in gen\u00e7lerin bilim, teknoloji ve savunma sanayii alan\u0131ndaki&#8230;<\/p>\n","protected":false},"author":1,"featured_media":64996,"comment_status":"open","ping_status":"open","sticky":false,"template":"","format":"standard","meta":{"_crdt_document":"","footnotes":""},"categories":[1],"tags":[],"class_list":["post-64995","post","type-post","status-publish","format-standard","has-post-thumbnail","hentry","category-guncel"],"_links":{"self":[{"href":"https:\/\/www.egemtv.com\/index.php?rest_route=\/wp\/v2\/posts\/64995","targetHints":{"allow":["GET"]}}],"collection":[{"href":"https:\/\/www.egemtv.com\/index.php?rest_route=\/wp\/v2\/posts"}],"about":[{"href":"https:\/\/www.egemtv.com\/index.php?rest_route=\/wp\/v2\/types\/post"}],"author":[{"embeddable":true,"href":"https:\/\/www.egemtv.com\/index.php?rest_route=\/wp\/v2\/users\/1"}],"replies":[{"embeddable":true,"href":"https:\/\/www.egemtv.com\/index.php?rest_route=%2Fwp%2Fv2%2Fcomments&post=64995"}],"version-history":[{"count":1,"href":"https:\/\/www.egemtv.com\/index.php?rest_route=\/wp\/v2\/posts\/64995\/revisions"}],"predecessor-version":[{"id":64997,"href":"https:\/\/www.egemtv.com\/index.php?rest_route=\/wp\/v2\/posts\/64995\/revisions\/64997"}],"wp:featuredmedia":[{"embeddable":true,"href":"https:\/\/www.egemtv.com\/index.php?rest_route=\/wp\/v2\/media\/64996"}],"wp:attachment":[{"href":"https:\/\/www.egemtv.com\/index.php?rest_route=%2Fwp%2Fv2%2Fmedia&parent=64995"}],"wp:term":[{"taxonomy":"category","embeddable":true,"href":"https:\/\/www.egemtv.com\/index.php?rest_route=%2Fwp%2Fv2%2Fcategories&post=64995"},{"taxonomy":"post_tag","embeddable":true,"href":"https:\/\/www.egemtv.com\/index.php?rest_route=%2Fwp%2Fv2%2Ftags&post=64995"}],"curies":[{"name":"wp","href":"https:\/\/api.w.org\/{rel}","templated":true}]}}