{"id":64992,"date":"2025-10-31T11:34:51","date_gmt":"2025-10-31T08:34:51","guid":{"rendered":"https:\/\/www.egemtv.com\/?p=64992"},"modified":"2025-10-31T11:34:52","modified_gmt":"2025-10-31T08:34:52","slug":"manisa-tsodan-yapisal-reform-vurgusu","status":"publish","type":"post","link":"https:\/\/www.egemtv.com\/?p=64992","title":{"rendered":"Manisa TSO\u2019dan yap\u0131sal reform vurgusu"},"content":{"rendered":"<p>Manisa Ticaret ve Sanayi Odas\u0131\u2019n\u0131n (Manisa TSO) Ekim Ay\u0131 Ola\u011fan Meclis Toplant\u0131s\u0131, Meclis Ba\u015fkan\u0131 \u00dcmit T\u00fcrek ba\u015fkanl\u0131\u011f\u0131nda yo\u011fun kat\u0131l\u0131mla ger\u00e7ekle\u015ftirildi. Toplant\u0131da k\u00fcresel ekonomideki belirsizlikler, yap\u0131sal reform ihtiyac\u0131 ve sanayi-d\u0131\u015f ticaret verileri ana g\u00fcndem oldu.<br \/>\n<br \/>Toplant\u0131, Cumhuriyet\u2019in 102\u2019nci y\u0131l\u0131 dolay\u0131s\u0131yla Gazi Mustafa Kemal Atat\u00fcrk, silah arkada\u015flar\u0131 ve t\u00fcm \u015fehitler i\u00e7in yap\u0131lan sayg\u0131 duru\u015funda bulunulmas\u0131 ve \u0130stiklal Mar\u015f\u0131\u2019n\u0131n okunmas\u0131yla ba\u015flad\u0131.<br \/>\n<br \/>G\u00fcndem maddelerinin g\u00f6r\u00fc\u015f\u00fclerek karara ba\u011fland\u0131\u011f\u0131 toplant\u0131da, y\u00fcr\u00fct\u00fclen ve planlanan projeler hakk\u0131nda Meclis \u00dcyelerine detayl\u0131 bilgiler verildi.<br \/>\n<br \/>Manisa TSO Y\u00f6netim Kurulu Ba\u015fkan\u0131 Mehmet Y\u0131lmaz, konu\u015fmas\u0131nda k\u00fcresel ve ulusal ekonomik geli\u015fmeleri de\u011ferlendirdi. Politika belirsizliklerinin s\u00fcrd\u00fc\u011f\u00fcn\u00fc belirten Y\u0131lmaz, OECD ve IMF\u2019nin 2025 y\u0131l\u0131 k\u00fcresel b\u00fcy\u00fcme tahminini y\u00fczde 3,2\u2019ye y\u00fckseltti\u011fini ifade etti.<br \/>\n<br \/>ABD ile \u00c7in aras\u0131ndaki rekabetin d\u00fcnya ticaretinde belirleyici oldu\u011funa dikkat \u00e7eken Y\u0131lmaz, &#8220;Bir tarafta rezerv para birimi dolar\u0131 y\u00f6neten ABD, di\u011fer tarafta nadir toprak elementlerinin b\u00fcy\u00fck k\u0131sm\u0131na sahip g\u00fc\u00e7l\u00fc sanayisiyle \u00c7in var. Bu rekabetin k\u00fcresel dengeler \u00fczerindeki etkilerini hep birlikte izliyoruz.&#8221; dedi.<\/p>\n<p>&#8220;Makroekonomik istikrar ve mali disiplin \u00f6ncelik olmal\u0131&#8221;<br \/>\n<br \/>Y\u0131lmaz, y\u00fcr\u00fcrl\u00fc\u011fe giren Orta Vadeli Program\u2019\u0131n (2026-2028) \u00f6nceli\u011finin fiyat istikrar\u0131, mali disiplin ve finansal istikrar oldu\u011funu s\u00f6yleyerek, &#8220;Enflasyon beklentisi k\u0131r\u0131lmadan kal\u0131c\u0131 d\u00fc\u015f\u00fc\u015f sa\u011flanamaz. Para politikas\u0131 kadar mali disiplinin de etkin uygulanmas\u0131 gerekiyor.&#8221; diye konu\u015ftu.<\/p>\n<p>Yap\u0131sal reform vurgusu<br \/>\n<br \/>Ekonomist Mahfi E\u011filmez\u2019in analizine at\u0131f yapan Y\u0131lmaz, enflasyonla m\u00fccadelede yap\u0131sal d\u00f6n\u00fc\u015f\u00fcm\u00fcn \u00f6nemine i\u015faret ederek, &#8220;Toplumun refah\u0131n\u0131 art\u0131racak sosyal, siyasal ve ekonomik yap\u0131sal reformlar\u0131 ger\u00e7ekle\u015ftirmeden s\u00fcrd\u00fcr\u00fclebilir b\u00fcy\u00fcme sa\u011flanamaz.&#8221; dedi.<\/p>\n<p>Sanayi ve d\u0131\u015f ticaret rakamlar\u0131 de\u011ferlendirildi<br \/>\n<br \/>Ba\u015fkan Y\u0131lmaz, \u0130SO imalat PMI verisinin 46,7\u2019ye gerilemesinin sanayi sekt\u00f6r\u00fcndeki zay\u0131fl\u0131\u011fa i\u015faret etti\u011fini s\u00f6yledi.<br \/>\n<br \/>Eyl\u00fcl ay\u0131 ihracat\u0131n\u0131n y\u00fczde 3 art\u0131\u015fla 22,6 milyar dolar, ithalat\u0131n ise y\u00fczde 8,8 art\u0131\u015fla 29,5 milyar dolar oldu\u011funu belirten Y\u0131lmaz, d\u0131\u015f ticaret a\u00e7\u0131\u011f\u0131n\u0131n y\u00fczde 33,4 art\u0131\u015fla 6,9 milyar dolara y\u00fckseldi\u011fini dile getirdi.<\/p>\n<p>Cumhuriyet mesaj\u0131<br \/>\n<br \/>Y\u0131lmaz, konu\u015fmas\u0131n\u0131n sonunda Cumhuriyet\u2019in 102\u2019nci y\u0131l\u0131na ili\u015fkin, &#8220;Cumhuriyetimizi gururla kutlad\u0131k. Atat\u00fcrk ve silah arkada\u015flar\u0131 ba\u015fta olmak \u00fczere, vatan\u0131m\u0131z u\u011fruna canlar\u0131n\u0131 veren t\u00fcm \u015fehit ve gazilerimizi rahmet ve \u015f\u00fckranla an\u0131yorum.&#8221; ifadelerini kulland\u0131.<\/p>\n<p>Katma de\u011fere dikkat \u00e7ekildi<br \/>\n<br \/>Toplant\u0131n\u0131n sonunda Manisa i\u015f d\u00fcnyas\u0131, b\u00f6lgesel ekonomi, yat\u0131r\u0131m ortam\u0131 ve \u00fcyelerin kar\u015f\u0131la\u015ft\u0131\u011f\u0131 sorunlar\u0131 de\u011ferlendirdi. \u00c7al\u0131\u015fmalar\u0131n \u015fehrin ticari hayat\u0131na katma de\u011fer sa\u011flamaya devam edece\u011fi vurguland\u0131.<br \/><\/p>\n","protected":false},"excerpt":{"rendered":"<p>Manisa Ticaret ve Sanayi Odas\u0131\u2019n\u0131n (Manisa TSO) Ekim Ay\u0131 Ola\u011fan Meclis Toplant\u0131s\u0131, Meclis Ba\u015fkan\u0131 \u00dcmit T\u00fcrek ba\u015fkanl\u0131\u011f\u0131nda yo\u011fun kat\u0131l\u0131mla ger\u00e7ekle\u015ftirildi. Toplant\u0131da k\u00fcresel ekonomideki belirsizlikler, yap\u0131sal reform ihtiyac\u0131 ve sanayi-d\u0131\u015f ticaret verileri ana g\u00fcndem oldu. Toplant\u0131, Cumhuriyet\u2019in 102\u2019nci y\u0131l\u0131 dolay\u0131s\u0131yla Gazi Mustafa Kemal Atat\u00fcrk, silah arkada\u015flar\u0131 ve t\u00fcm \u015fehitler i\u00e7in yap\u0131lan sayg\u0131 duru\u015funda bulunulmas\u0131 ve \u0130stiklal&#8230;<\/p>\n","protected":false},"author":1,"featured_media":64993,"comment_status":"open","ping_status":"open","sticky":false,"template":"","format":"standard","meta":{"_crdt_document":"","footnotes":""},"categories":[125],"tags":[],"class_list":["post-64992","post","type-post","status-publish","format-standard","has-post-thumbnail","hentry","category-ekonomi"],"_links":{"self":[{"href":"https:\/\/www.egemtv.com\/index.php?rest_route=\/wp\/v2\/posts\/64992","targetHints":{"allow":["GET"]}}],"collection":[{"href":"https:\/\/www.egemtv.com\/index.php?rest_route=\/wp\/v2\/posts"}],"about":[{"href":"https:\/\/www.egemtv.com\/index.php?rest_route=\/wp\/v2\/types\/post"}],"author":[{"embeddable":true,"href":"https:\/\/www.egemtv.com\/index.php?rest_route=\/wp\/v2\/users\/1"}],"replies":[{"embeddable":true,"href":"https:\/\/www.egemtv.com\/index.php?rest_route=%2Fwp%2Fv2%2Fcomments&post=64992"}],"version-history":[{"count":1,"href":"https:\/\/www.egemtv.com\/index.php?rest_route=\/wp\/v2\/posts\/64992\/revisions"}],"predecessor-version":[{"id":64994,"href":"https:\/\/www.egemtv.com\/index.php?rest_route=\/wp\/v2\/posts\/64992\/revisions\/64994"}],"wp:featuredmedia":[{"embeddable":true,"href":"https:\/\/www.egemtv.com\/index.php?rest_route=\/wp\/v2\/media\/64993"}],"wp:attachment":[{"href":"https:\/\/www.egemtv.com\/index.php?rest_route=%2Fwp%2Fv2%2Fmedia&parent=64992"}],"wp:term":[{"taxonomy":"category","embeddable":true,"href":"https:\/\/www.egemtv.com\/index.php?rest_route=%2Fwp%2Fv2%2Fcategories&post=64992"},{"taxonomy":"post_tag","embeddable":true,"href":"https:\/\/www.egemtv.com\/index.php?rest_route=%2Fwp%2Fv2%2Ftags&post=64992"}],"curies":[{"name":"wp","href":"https:\/\/api.w.org\/{rel}","templated":true}]}}