{"id":64989,"date":"2025-10-31T11:34:50","date_gmt":"2025-10-31T08:34:50","guid":{"rendered":"https:\/\/www.egemtv.com\/?p=64989"},"modified":"2025-10-31T11:34:51","modified_gmt":"2025-10-31T08:34:51","slug":"ortacada-arili-kovan-desteklemeleri-devam-ediyor","status":"publish","type":"post","link":"https:\/\/www.egemtv.com\/?p=64989","title":{"rendered":"Ortaca\u2019da ar\u0131l\u0131 kovan desteklemeleri devam ediyor"},"content":{"rendered":"<p>Mu\u011fla\u2019n\u0131n Ortaca il\u00e7esinde ar\u0131l\u0131 kovan tespit \u00e7al\u0131\u015fmalar\u0131 yap\u0131larak desteklemeler devam ediyor.<\/p>\n<p>Ortaca Tar\u0131m ve Orman \u0130l\u00e7e M\u00fcd\u00fcrl\u00fc\u011f\u00fc Hayvan Sa\u011fl\u0131\u011f\u0131 Birimi taraf\u0131ndan, 2024 y\u0131l\u0131 Ar\u0131l\u0131 Kovan Destekleme Program\u0131 kapsam\u0131nda Ye\u015filyurt ve \u00c7ayl\u0131 Mahallelerinde kovan tespit \u00e7al\u0131\u015fmalar\u0131 s\u00fcrd\u00fcr\u00fcl\u00fcyor. Ortaca Tar\u0131m ve Orman M\u00fcd\u00fcrl\u00fc\u011f\u00fc yetkilileri taraf\u0131ndan yap\u0131lan a\u00e7\u0131klamada; &#8220;Yap\u0131lan bu \u00e7al\u0131\u015fmalarla, ar\u0131c\u0131l\u0131k faaliyetlerinin kay\u0131t alt\u0131na al\u0131nmas\u0131, destek \u00f6demelerinin do\u011fru ve zaman\u0131nda yap\u0131lmas\u0131 hedeflenmektedir. Ar\u0131c\u0131l\u0131\u011f\u0131 destekliyor, \u00fcreticimizin eme\u011fine de\u011fer kat\u0131yoruz&#8221; ifadeleri kullan\u0131ld\u0131.<br \/><\/p>\n","protected":false},"excerpt":{"rendered":"<p>Mu\u011fla\u2019n\u0131n Ortaca il\u00e7esinde ar\u0131l\u0131 kovan tespit \u00e7al\u0131\u015fmalar\u0131 yap\u0131larak desteklemeler devam ediyor. Ortaca Tar\u0131m ve Orman \u0130l\u00e7e M\u00fcd\u00fcrl\u00fc\u011f\u00fc Hayvan Sa\u011fl\u0131\u011f\u0131 Birimi taraf\u0131ndan, 2024 y\u0131l\u0131 Ar\u0131l\u0131 Kovan Destekleme Program\u0131 kapsam\u0131nda Ye\u015filyurt ve \u00c7ayl\u0131 Mahallelerinde kovan tespit \u00e7al\u0131\u015fmalar\u0131 s\u00fcrd\u00fcr\u00fcl\u00fcyor. Ortaca Tar\u0131m ve Orman M\u00fcd\u00fcrl\u00fc\u011f\u00fc yetkilileri taraf\u0131ndan yap\u0131lan a\u00e7\u0131klamada; &#8220;Yap\u0131lan bu \u00e7al\u0131\u015fmalarla, ar\u0131c\u0131l\u0131k faaliyetlerinin kay\u0131t alt\u0131na al\u0131nmas\u0131, destek \u00f6demelerinin&#8230;<\/p>\n","protected":false},"author":1,"featured_media":64990,"comment_status":"open","ping_status":"open","sticky":false,"template":"","format":"standard","meta":{"_crdt_document":"","footnotes":""},"categories":[1],"tags":[],"class_list":["post-64989","post","type-post","status-publish","format-standard","has-post-thumbnail","hentry","category-guncel"],"_links":{"self":[{"href":"https:\/\/www.egemtv.com\/index.php?rest_route=\/wp\/v2\/posts\/64989","targetHints":{"allow":["GET"]}}],"collection":[{"href":"https:\/\/www.egemtv.com\/index.php?rest_route=\/wp\/v2\/posts"}],"about":[{"href":"https:\/\/www.egemtv.com\/index.php?rest_route=\/wp\/v2\/types\/post"}],"author":[{"embeddable":true,"href":"https:\/\/www.egemtv.com\/index.php?rest_route=\/wp\/v2\/users\/1"}],"replies":[{"embeddable":true,"href":"https:\/\/www.egemtv.com\/index.php?rest_route=%2Fwp%2Fv2%2Fcomments&post=64989"}],"version-history":[{"count":1,"href":"https:\/\/www.egemtv.com\/index.php?rest_route=\/wp\/v2\/posts\/64989\/revisions"}],"predecessor-version":[{"id":64991,"href":"https:\/\/www.egemtv.com\/index.php?rest_route=\/wp\/v2\/posts\/64989\/revisions\/64991"}],"wp:featuredmedia":[{"embeddable":true,"href":"https:\/\/www.egemtv.com\/index.php?rest_route=\/wp\/v2\/media\/64990"}],"wp:attachment":[{"href":"https:\/\/www.egemtv.com\/index.php?rest_route=%2Fwp%2Fv2%2Fmedia&parent=64989"}],"wp:term":[{"taxonomy":"category","embeddable":true,"href":"https:\/\/www.egemtv.com\/index.php?rest_route=%2Fwp%2Fv2%2Fcategories&post=64989"},{"taxonomy":"post_tag","embeddable":true,"href":"https:\/\/www.egemtv.com\/index.php?rest_route=%2Fwp%2Fv2%2Ftags&post=64989"}],"curies":[{"name":"wp","href":"https:\/\/api.w.org\/{rel}","templated":true}]}}