{"id":64986,"date":"2025-10-31T10:55:00","date_gmt":"2025-10-31T07:55:00","guid":{"rendered":"https:\/\/www.egemtv.com\/?p=64986"},"modified":"2025-10-31T10:55:01","modified_gmt":"2025-10-31T07:55:01","slug":"aydinda-narlar-geleneksel-yontemle-eksiye-donusuyor","status":"publish","type":"post","link":"https:\/\/www.egemtv.com\/?p=64986","title":{"rendered":"Ayd\u0131n\u2019da narlar geleneksel y\u00f6ntemle ek\u015fiye d\u00f6n\u00fc\u015f\u00fcyor"},"content":{"rendered":"<p>Ayd\u0131n\u2019\u0131n Efeler il\u00e7esi Da\u011feymiri Mahallesi\u2019nde nar ek\u015fisi \u00fcretimi, dededen kalma y\u00f6ntemlerle s\u00fcrd\u00fcr\u00fcl\u00fcyor. Vatanda\u015flardan Muharrem Ay ve ailesi, toplad\u0131klar\u0131 narlar\u0131 tahta teknede ezip odun ate\u015finde kaynatarak geleneksel lezzeti ya\u015fat\u0131yor.<\/p>\n<p>Da\u011feymiri Mahallesi\u2019nde nar ek\u015fisi yap\u0131m\u0131nda geleneksel y\u00f6ntemler ya\u015fat\u0131lmaya devam ediyor. Mahalle sakinlerinden Muharrem Ay, ailesiyle birlikte her y\u0131l oldu\u011fu gibi bu y\u0131l da hasat ettikleri narlar\u0131 eski usul ile ek\u015fiye d\u00f6n\u00fc\u015ft\u00fcr\u00fcyor. Hasad\u0131n ard\u0131ndan tanelerine ayr\u0131lan narlar, tahta teknelere al\u0131narak eziliyor. Elde edilen nar suyu, daha sonra odun ate\u015finde saatlerce kaynat\u0131larak k\u0131vaml\u0131 bir ek\u015fiye d\u00f6n\u00fc\u015f\u00fcyor. Tamamen do\u011fal y\u00f6ntemlerle yap\u0131lan nar ek\u015fisi, zahmetli yap\u0131m s\u00fcrecinin ard\u0131ndan pazar tezgahlar\u0131nda yerini almaya ba\u015flarken, vatanda\u015flar\u0131n da do\u011fal ve ev yap\u0131m\u0131 nar ek\u015fisine ilgisi yo\u011fun oluyor.<br \/>\n<br \/>Nar ek\u015fisinin sadece bir g\u0131da \u00fcr\u00fcn\u00fc olmad\u0131\u011f\u0131n\u0131, ayn\u0131 zamanda bir gelenek oldu\u011funu belirten Muharrem Ay; &#8220;Biz bu i\u015fi dedelerimizden \u00f6\u011frendik. Her y\u0131l narlar\u0131m\u0131z\u0131 toplay\u0131p ayn\u0131 y\u00f6ntemle ek\u015fiye d\u00f6n\u00fc\u015ft\u00fcr\u00fcr\u00fcz. Ne katk\u0131 var ne kimyasal. Sadece emek ve sabr\u0131m\u0131z var&#8221; dedi.<\/p>\n<p>Sonbahar aylar\u0131nda pazar tezgahlar\u0131nda yerini almaya ba\u015flayan nar ek\u015fisine, do\u011fal aromas\u0131, yo\u011fun k\u0131vam\u0131 ve katk\u0131s\u0131z olu\u015fu sayesinde vatanda\u015flar\u0131n ilgisi de her ge\u00e7en y\u0131l art\u0131yor. \u00d6zellikle ev yap\u0131m\u0131 \u00fcr\u00fcn arayan t\u00fcketiciler, bu t\u00fcr geleneksel \u00fcretimlere y\u00f6neliyor. Yapay nar ek\u015fisi soslar\u0131n\u0131n aksine, geleneksel y\u00f6ntemlerle yap\u0131lan nar ek\u015fisi hem besin de\u011ferini koruyor hem de sa\u011fl\u0131kl\u0131 bir alternatif olu\u015fturuyor, ev yap\u0131m\u0131 nar ek\u015fisi pazar tezgahlar\u0131nda da litresi 500 TL\u2019den sat\u0131l\u0131yor.<br \/><\/p>\n","protected":false},"excerpt":{"rendered":"<p>Ayd\u0131n\u2019\u0131n Efeler il\u00e7esi Da\u011feymiri Mahallesi\u2019nde nar ek\u015fisi \u00fcretimi, dededen kalma y\u00f6ntemlerle s\u00fcrd\u00fcr\u00fcl\u00fcyor. Vatanda\u015flardan Muharrem Ay ve ailesi, toplad\u0131klar\u0131 narlar\u0131 tahta teknede ezip odun ate\u015finde kaynatarak geleneksel lezzeti ya\u015fat\u0131yor. Da\u011feymiri Mahallesi\u2019nde nar ek\u015fisi yap\u0131m\u0131nda geleneksel y\u00f6ntemler ya\u015fat\u0131lmaya devam ediyor. Mahalle sakinlerinden Muharrem Ay, ailesiyle birlikte her y\u0131l oldu\u011fu gibi bu y\u0131l da hasat ettikleri narlar\u0131 eski&#8230;<\/p>\n","protected":false},"author":1,"featured_media":64987,"comment_status":"open","ping_status":"open","sticky":false,"template":"","format":"standard","meta":{"_crdt_document":"","footnotes":""},"categories":[1],"tags":[],"class_list":["post-64986","post","type-post","status-publish","format-standard","has-post-thumbnail","hentry","category-guncel"],"_links":{"self":[{"href":"https:\/\/www.egemtv.com\/index.php?rest_route=\/wp\/v2\/posts\/64986","targetHints":{"allow":["GET"]}}],"collection":[{"href":"https:\/\/www.egemtv.com\/index.php?rest_route=\/wp\/v2\/posts"}],"about":[{"href":"https:\/\/www.egemtv.com\/index.php?rest_route=\/wp\/v2\/types\/post"}],"author":[{"embeddable":true,"href":"https:\/\/www.egemtv.com\/index.php?rest_route=\/wp\/v2\/users\/1"}],"replies":[{"embeddable":true,"href":"https:\/\/www.egemtv.com\/index.php?rest_route=%2Fwp%2Fv2%2Fcomments&post=64986"}],"version-history":[{"count":1,"href":"https:\/\/www.egemtv.com\/index.php?rest_route=\/wp\/v2\/posts\/64986\/revisions"}],"predecessor-version":[{"id":64988,"href":"https:\/\/www.egemtv.com\/index.php?rest_route=\/wp\/v2\/posts\/64986\/revisions\/64988"}],"wp:featuredmedia":[{"embeddable":true,"href":"https:\/\/www.egemtv.com\/index.php?rest_route=\/wp\/v2\/media\/64987"}],"wp:attachment":[{"href":"https:\/\/www.egemtv.com\/index.php?rest_route=%2Fwp%2Fv2%2Fmedia&parent=64986"}],"wp:term":[{"taxonomy":"category","embeddable":true,"href":"https:\/\/www.egemtv.com\/index.php?rest_route=%2Fwp%2Fv2%2Fcategories&post=64986"},{"taxonomy":"post_tag","embeddable":true,"href":"https:\/\/www.egemtv.com\/index.php?rest_route=%2Fwp%2Fv2%2Ftags&post=64986"}],"curies":[{"name":"wp","href":"https:\/\/api.w.org\/{rel}","templated":true}]}}